{"id":42833,"date":"2026-04-27T22:05:37","date_gmt":"2026-04-27T20:05:37","guid":{"rendered":"https:\/\/prizrenpost.com\/tr\/basbakan-carney-abd-degisti-kanadanin-tepki-verme-zorunlulugu-var\/"},"modified":"2026-04-27T22:05:38","modified_gmt":"2026-04-27T20:05:38","slug":"basbakan-carney-abd-degisti-kanadanin-tepki-verme-zorunlulugu-var","status":"publish","type":"post","link":"https:\/\/prizrenpost.com\/tr\/basbakan-carney-abd-degisti-kanadanin-tepki-verme-zorunlulugu-var\/","title":{"rendered":"Ba\u015fbakan Carney: ABD de\u011fi\u015fti, Kanada&#8217;n\u0131n tepki verme zorunlulu\u011fu var"},"content":{"rendered":"<p><img decoding=\"async\" src=\"https:\/\/prizrenpost.com\/tr\/wp-content\/uploads\/2026\/04\/thumbs_b_c_7cc668b1d8b9294c5c0ecb138a0bb2ed.jpg\" style=\"width:100%;height:auto;margin-bottom:20px\"><\/p>\n<p>Kanada Ba\u015fbakan\u0131 Mark Carney, uluslararas\u0131 d\u00fczenin temelleri zay\u0131flamaya ba\u015flad\u0131k\u00e7a Ottawa&#8217;n\u0131n odak noktas\u0131n\u0131 de\u011fi\u015ftirdi\u011fini s\u00f6yledi.<\/p>\n<p>Carney gazetecilere verdi\u011fi deme\u00e7te, &#8220;ABD de\u011fi\u015fti. Bu onlar\u0131n hakk\u0131 ve biz de kar\u015f\u0131l\u0131k veriyoruz; bu bizim zorunlulu\u011fumuz.&#8221; dedi ve Washington ile tarihi ba\u011flar\u0131n g\u00fc\u00e7l\u00fcden zay\u0131fa do\u011fru gitti\u011fini kabul etti.<\/p>\n<p>Ottawa&#8217;n\u0131n art\u0131k &#8220;h\u0131z ve h\u0131rsla&#8221; hareket etti\u011fini vurgulad\u0131. k\u00fcresel varl\u0131\u011f\u0131n\u0131 geni\u015fletirken yurt i\u00e7inde dayan\u0131kl\u0131l\u0131k olu\u015fturmak.<\/p>\n<p>Carney, Kanada&#8217;n\u0131n bir y\u0131ldan k\u0131sa bir s\u00fcre i\u00e7inde 20&#8217;den fazla ekonomik ve g\u00fcvenlik ortakl\u0131\u011f\u0131na imza att\u0131\u011f\u0131n\u0131, Hindistan, \u00c7in ve Brezilya gibi &#8220;k\u00fcresel devlerle&#8221; yeniden ba\u011flant\u0131ya ge\u00e7ti\u011fini ve ayr\u0131ca Avrupa Birli\u011fi, \u0130skandinav \u00fclkeleri ve Avustralya ile ili\u015fkileri &#8220;derinle\u015ftirdi\u011fini&#8221; s\u00f6yledi.<\/p>\n<p>&#8220;Sonu\u00e7 olarak, G7&#8217;deki en g\u00fc\u00e7l\u00fc yat\u0131r\u0131m\u0131 \u00e7ekiyoruz ve on y\u0131l i\u00e7inde ABD d\u0131\u015f\u0131ndaki ihracat\u0131m\u0131z\u0131 ikiye katlama yolunda ilerliyoruz.&#8221; dedi ve bu ortakl\u0131klar\u0131n Kanada kaynaklar\u0131, mallar\u0131 ve uzmanl\u0131\u011f\u0131 i\u00e7in yakla\u015f\u0131k 300 milyar dolarl\u0131k yeni sipari\u015fe kar\u015f\u0131l\u0131k geldi\u011fini belirtti.<\/p>\n<p>Carney ayr\u0131ca \u00fclkenin ilk ulusal egemen servet fonu olan G\u00fc\u00e7l\u00fc Kanada Fonu&#8217;nun kuruldu\u011funu da duyurdu.<\/p>\n<p>&#8220;Yeni G\u00fc\u00e7l\u00fc Kanada Fonu, t\u00fcm Kanadal\u0131lara g\u00fc\u00e7l\u00fc bir Kanada olu\u015fturma konusunda do\u011frudan pay verecek&#8221; dedi.<\/p>\n<p>Tecr\u00fcbeyi geli\u015ftirmek ve reklam g\u00f6r\u00fcnt\u00fclemek i\u00e7in \u00e7erezleri kullan\u0131yoruz (Google AdSense).<br \/>\n          &#8220;Kabul Et&#8221; se\u00e7ene\u011fine t\u0131klayarak \u00e7erezlerin a\u015fa\u011f\u0131daki \u015fartlara g\u00f6re kullan\u0131lmas\u0131n\u0131 kabul etmi\u015f olursunuz.<br \/>\n          Gizlilik Politikas\u0131<br \/>\n          ve<br \/>\n          \u00c7erez Politikas\u0131.<br \/>\n          &#8220;Reddet&#8221;i t\u0131klayarak gerekli olmayan \u00e7erezleri reddedebilirsiniz.<\/p>\n<hr style=\"margin:30px 0\">\n<p style=\"font-size:13px;color:#666\">Kaynak: <strong>prizrenpost<\/strong><\/p>\n","protected":false},"excerpt":{"rendered":"<p>Kanada Ba\u015fbakan\u0131 Mark Carney, uluslararas\u0131 d\u00fczenin temelleri zay\u0131flamaya ba\u015flad\u0131k\u00e7a Ottawa&#8217;n\u0131n odak noktas\u0131n\u0131 de\u011fi\u015ftirdi\u011fini s\u00f6yledi. Carney gazetecilere verdi\u011fi deme\u00e7te, &#8220;ABD de\u011fi\u015fti. Bu onlar\u0131n hakk\u0131 ve biz de kar\u015f\u0131l\u0131k veriyoruz; bu bizim zorunlulu\u011fumuz.&#8221; dedi ve Washington ile tarihi ba\u011flar\u0131n g\u00fc\u00e7l\u00fcden zay\u0131fa do\u011fru gitti\u011fini kabul etti. Ottawa&#8217;n\u0131n art\u0131k &#8220;h\u0131z ve h\u0131rsla&#8221; hareket etti\u011fini vurgulad\u0131. k\u00fcresel varl\u0131\u011f\u0131n\u0131 geni\u015fletirken yurt [&hellip;]<\/p>\n","protected":false},"author":1,"featured_media":42834,"comment_status":"open","ping_status":"open","sticky":false,"template":"","format":"standard","meta":{"footnotes":""},"categories":[24],"tags":[179],"class_list":["post-42833","post","type-post","status-publish","format-standard","has-post-thumbnail","hentry","category-dunya","tag-aktuel"],"views":12,"_links":{"self":[{"href":"https:\/\/prizrenpost.com\/tr\/wp-json\/wp\/v2\/posts\/42833","targetHints":{"allow":["GET"]}}],"collection":[{"href":"https:\/\/prizrenpost.com\/tr\/wp-json\/wp\/v2\/posts"}],"about":[{"href":"https:\/\/prizrenpost.com\/tr\/wp-json\/wp\/v2\/types\/post"}],"author":[{"embeddable":true,"href":"https:\/\/prizrenpost.com\/tr\/wp-json\/wp\/v2\/users\/1"}],"replies":[{"embeddable":true,"href":"https:\/\/prizrenpost.com\/tr\/wp-json\/wp\/v2\/comments?post=42833"}],"version-history":[{"count":1,"href":"https:\/\/prizrenpost.com\/tr\/wp-json\/wp\/v2\/posts\/42833\/revisions"}],"predecessor-version":[{"id":42835,"href":"https:\/\/prizrenpost.com\/tr\/wp-json\/wp\/v2\/posts\/42833\/revisions\/42835"}],"wp:featuredmedia":[{"embeddable":true,"href":"https:\/\/prizrenpost.com\/tr\/wp-json\/wp\/v2\/media\/42834"}],"wp:attachment":[{"href":"https:\/\/prizrenpost.com\/tr\/wp-json\/wp\/v2\/media?parent=42833"}],"wp:term":[{"taxonomy":"category","embeddable":true,"href":"https:\/\/prizrenpost.com\/tr\/wp-json\/wp\/v2\/categories?post=42833"},{"taxonomy":"post_tag","embeddable":true,"href":"https:\/\/prizrenpost.com\/tr\/wp-json\/wp\/v2\/tags?post=42833"}],"curies":[{"name":"wp","href":"https:\/\/api.w.org\/{rel}","templated":true}]}}