{"id":42842,"date":"2026-04-27T22:10:43","date_gmt":"2026-04-27T20:10:43","guid":{"rendered":"https:\/\/prizrenpost.com\/tr\/fransa-disisleri-bakani-hurmuz-krizinin-cok-uzun-surdugunu-soyleyerek-ablukanin-kaldirilmasi-cagrisinda-bulundu\/"},"modified":"2026-04-27T22:10:43","modified_gmt":"2026-04-27T20:10:43","slug":"fransa-disisleri-bakani-hurmuz-krizinin-cok-uzun-surdugunu-soyleyerek-ablukanin-kaldirilmasi-cagrisinda-bulundu","status":"publish","type":"post","link":"https:\/\/prizrenpost.com\/tr\/fransa-disisleri-bakani-hurmuz-krizinin-cok-uzun-surdugunu-soyleyerek-ablukanin-kaldirilmasi-cagrisinda-bulundu\/","title":{"rendered":"Fransa D\u0131\u015fi\u015fleri Bakan\u0131, H\u00fcrm\u00fcz krizinin &#8220;\u00e7ok uzun&#8221; s\u00fcrd\u00fc\u011f\u00fcn\u00fc s\u00f6yleyerek ablukan\u0131n kald\u0131r\u0131lmas\u0131 \u00e7a\u011fr\u0131s\u0131nda bulundu"},"content":{"rendered":"<p><img decoding=\"async\" src=\"https:\/\/prizrenpost.com\/tr\/wp-content\/uploads\/2026\/04\/thumbs_b_c_be01fe3b8b241fb3f5c2fdd2b782f241.jpg\" style=\"width:100%;height:auto;margin-bottom:20px\"><\/p>\n<p>Frans\u0131z d\u0131\u015fi\u015fleri bakan\u0131, H\u00fcrm\u00fcz Bo\u011faz\u0131 \u00e7evresindeki krizin &#8220;\u00e7ok uzun s\u00fcrd\u00fc\u011f\u00fcn\u00fc&#8221; ve sona ermesi gerekti\u011fini s\u00f6yleyerek, denizdeki g\u00fcvensizli\u011fin hem k\u00fcresel ticareti hem de kurallara dayal\u0131 uluslararas\u0131 d\u00fczeni tehdit etti\u011fi uyar\u0131s\u0131nda bulundu.<\/p>\n<p>Jean-Noel Barrot BM G\u00fcvenlik Konseyi&#8217;ne &#8220;B\u00fct\u00fcn bunlar \u00e7ok uzun s\u00fcrd\u00fc. Bitmeli&#8221; dedi.<\/p>\n<p>Seyir \u00f6zg\u00fcrl\u00fc\u011f\u00fcn\u00fc &#8220;devredilemez ve ihlal edilemez haklar&#8221; olarak nitelendirerek, bu stratejik ge\u00e7i\u015ften ge\u00e7i\u015fin \u00f6n\u00fcndeki her t\u00fcrl\u00fc engele kar\u015f\u0131 uyard\u0131. su yolu.<\/p>\n<p>&#8220;Bo\u011fazlar d\u00fcnyan\u0131n arterleridir. Kimsenin mal\u0131 de\u011fildir&#8221; diyen Barrot, &#8220;hi\u00e7bir engelle engellenemezler&#8221; dedi.<\/p>\n<p>Barrot, H\u00fcrm\u00fcz&#8217;de ya\u015fananlar\u0131n bo\u011faz\u0131n \u00f6tesinde oldu\u011funu ve uluslararas\u0131 toplumun kamu varl\u0131klar\u0131n\u0131 koruma becerisiyle ilgili oldu\u011funu s\u00f6yledi. k\u00fcresel.<\/p>\n<p>&#8220;Bu prensibe en ufak bir istisnay\u0131 bile kabul edersek, tehlikeli bir emsal te\u015fkil etmi\u015f oluruz&#8221; diye uyard\u0131.<\/p>\n<p>Barrot, &#8220;hareketsizlik bir se\u00e7enek de\u011fildir&#8221; dedi ve 17 Nisan&#8217;da Paris&#8217;te ba\u015flat\u0131lan ortak bir Frans\u0131z-\u0130ngiliz giri\u015fimine at\u0131fta bulunarak ticari gemicili\u011fi korumay\u0131, may\u0131n temizlemeyi desteklemeyi ve bo\u011fazda seyr\u00fcseferin yeniden sa\u011flanmas\u0131na yard\u0131mc\u0131 olmay\u0131 ama\u00e7layan uluslararas\u0131, ba\u011f\u0131ms\u0131z ve &#8220;kesinlikle savunmac\u0131&#8221; bir misyon \u00e7a\u011fr\u0131s\u0131nda bulundu. 50&#8217;den fazla \u00fclkenin bu giri\u015fimi destekledi\u011fini s\u00f6zlerine ekledi.<\/p>\n<p>&#8220;Okyanuslar bir \u00f6zg\u00fcrl\u00fck alan\u0131d\u0131r ancak kanunsuz bir alan de\u011fildir&#8221; dedi.<\/p>\n<p>Deneyimi geli\u015ftirmek ve reklamlar\u0131 g\u00f6r\u00fcnt\u00fclemek i\u00e7in \u00e7erezleri kullan\u0131yoruz (Google AdSense).<br \/>\n          &#8220;Kabul Et&#8221; se\u00e7ene\u011fine t\u0131klayarak \u00e7erezlerin a\u015fa\u011f\u0131daki \u015fartlara g\u00f6re kullan\u0131lmas\u0131n\u0131 kabul etmi\u015f olursunuz.<br \/>\n          Gizlilik Politikas\u0131<br \/>\n          ve<br \/>\n          \u00c7erez Politikas\u0131.<br \/>\n          &#8220;Reddet&#8221;i t\u0131klayarak gerekli olmayan \u00e7erezleri reddedebilirsiniz.<\/p>\n<hr style=\"margin:30px 0\">\n<p style=\"font-size:13px;color:#666\">Kaynak: <strong>prizrenpost<\/strong><\/p>\n","protected":false},"excerpt":{"rendered":"<p>Frans\u0131z d\u0131\u015fi\u015fleri bakan\u0131, H\u00fcrm\u00fcz Bo\u011faz\u0131 \u00e7evresindeki krizin &#8220;\u00e7ok uzun s\u00fcrd\u00fc\u011f\u00fcn\u00fc&#8221; ve sona ermesi gerekti\u011fini s\u00f6yleyerek, denizdeki g\u00fcvensizli\u011fin hem k\u00fcresel ticareti hem de kurallara dayal\u0131 uluslararas\u0131 d\u00fczeni tehdit etti\u011fi uyar\u0131s\u0131nda bulundu. Jean-Noel Barrot BM G\u00fcvenlik Konseyi&#8217;ne &#8220;B\u00fct\u00fcn bunlar \u00e7ok uzun s\u00fcrd\u00fc. Bitmeli&#8221; dedi. Seyir \u00f6zg\u00fcrl\u00fc\u011f\u00fcn\u00fc &#8220;devredilemez ve ihlal edilemez haklar&#8221; olarak nitelendirerek, bu stratejik ge\u00e7i\u015ften ge\u00e7i\u015fin [&hellip;]<\/p>\n","protected":false},"author":1,"featured_media":42843,"comment_status":"open","ping_status":"open","sticky":false,"template":"","format":"standard","meta":{"footnotes":""},"categories":[24],"tags":[179],"class_list":["post-42842","post","type-post","status-publish","format-standard","has-post-thumbnail","hentry","category-dunya","tag-aktuel"],"views":10,"_links":{"self":[{"href":"https:\/\/prizrenpost.com\/tr\/wp-json\/wp\/v2\/posts\/42842","targetHints":{"allow":["GET"]}}],"collection":[{"href":"https:\/\/prizrenpost.com\/tr\/wp-json\/wp\/v2\/posts"}],"about":[{"href":"https:\/\/prizrenpost.com\/tr\/wp-json\/wp\/v2\/types\/post"}],"author":[{"embeddable":true,"href":"https:\/\/prizrenpost.com\/tr\/wp-json\/wp\/v2\/users\/1"}],"replies":[{"embeddable":true,"href":"https:\/\/prizrenpost.com\/tr\/wp-json\/wp\/v2\/comments?post=42842"}],"version-history":[{"count":1,"href":"https:\/\/prizrenpost.com\/tr\/wp-json\/wp\/v2\/posts\/42842\/revisions"}],"predecessor-version":[{"id":42844,"href":"https:\/\/prizrenpost.com\/tr\/wp-json\/wp\/v2\/posts\/42842\/revisions\/42844"}],"wp:featuredmedia":[{"embeddable":true,"href":"https:\/\/prizrenpost.com\/tr\/wp-json\/wp\/v2\/media\/42843"}],"wp:attachment":[{"href":"https:\/\/prizrenpost.com\/tr\/wp-json\/wp\/v2\/media?parent=42842"}],"wp:term":[{"taxonomy":"category","embeddable":true,"href":"https:\/\/prizrenpost.com\/tr\/wp-json\/wp\/v2\/categories?post=42842"},{"taxonomy":"post_tag","embeddable":true,"href":"https:\/\/prizrenpost.com\/tr\/wp-json\/wp\/v2\/tags?post=42842"}],"curies":[{"name":"wp","href":"https:\/\/api.w.org\/{rel}","templated":true}]}}