{"id":43415,"date":"2026-04-30T16:30:40","date_gmt":"2026-04-30T14:30:40","guid":{"rendered":"https:\/\/prizrenpost.com\/tr\/mecliste-gaza-iliskin-durusmada-savunmanin-iddianameyle-ilgili-ifadeleri-yer-aldi\/"},"modified":"2026-04-30T16:30:41","modified_gmt":"2026-04-30T14:30:41","slug":"mecliste-gaza-iliskin-durusmada-savunmanin-iddianameyle-ilgili-ifadeleri-yer-aldi","status":"publish","type":"post","link":"https:\/\/prizrenpost.com\/tr\/mecliste-gaza-iliskin-durusmada-savunmanin-iddianameyle-ilgili-ifadeleri-yer-aldi\/","title":{"rendered":"Mecliste gaza ili\u015fkin duru\u015fmada, savunman\u0131n iddianameyle ilgili ifadeleri yer ald\u0131"},"content":{"rendered":"<p><img decoding=\"async\" src=\"https:\/\/prizrenpost.com\/tr\/wp-content\/uploads\/2026\/04\/prizrenpostog-og-167.jpg\" style=\"width:100%;height:auto;margin-bottom:20px\"><\/p>\n<p>Pri\u015ftine Temel Mahkemesi&#8217;nde, Kosova Meclisi&#8217;ndeki g\u00f6z ya\u015fart\u0131c\u0131 gazla ilgili duru\u015fma yap\u0131ld\u0131.<\/p>\n<p>San\u0131klar Fitore Pacolli Dalipi, Salih Zyba ve Drita Millaku, Per\u015fembe g\u00fcn\u00fc mahkemeye \u00e7\u0131kt\u0131.<\/p>\n<p>21 Mart 2018 g\u00fcn\u00fc saat 12:10 ile 15:40 aras\u0131nda g\u00f6z ya\u015fart\u0131c\u0131 gaz kaps\u00fcl\u00fc atmakla su\u00e7lan\u0131yorlar.<\/p>\n<p>A\u00e7\u0131l\u0131\u015f konu\u015fmas\u0131nda Salih&#8217;in savunmas\u0131 yer al\u0131yor. Avukat Hasan Ya\u015fari Zyba, siyasi eylemlerin su\u00e7 te\u015fkil etmedi\u011fini belirterek, &#8220;Kosova Parlamentosu&#8217;nda kullan\u0131lan duman\u0131n siyasi bir amaca ula\u015fmak i\u00e7in kullan\u0131ld\u0131\u011f\u0131n\u0131&#8221; s\u00f6yledi. su\u00e7lu oldu\u011funu g\u00f6sterir. Biz savunucular olarak, parlamento salonunda kullan\u0131lan duman\u0131n sadece siyasi bir amaca ula\u015fmak i\u00e7in, Kosova Parlamentosu&#8217;nun bu karara dayanarak topraklar\u0131n\u0131n y\u00fczde 25&#8217;inin \u00fclkemizden al\u0131naca\u011f\u0131 \u00fclkemize zarar verecek bir karar almas\u0131n\u0131 engellemek i\u00e7in kullan\u0131ld\u0131\u011f\u0131n\u0131 d\u00fc\u015f\u00fcn\u00fcyoruz. Siyasi eylemin cezai bir su\u00e7 olmad\u0131\u011f\u0131n\u0131 d\u00fc\u015f\u00fcn\u00fcyorum.<\/p>\n<p> Fitore Pacolli&#8217;nin avukat\u0131 Lavdrim Salihu, iddianamenin su\u00e7un i\u015flendi\u011fi zaman a\u00e7\u0131s\u0131ndan eksik oldu\u011funu s\u00f6yledi.<\/p>\n<p>&#8220;M\u00fcvekkilim 21.03.2018 tarihinde 12:10 &#8211; 15:40 saatleri aras\u0131nda tan\u0131mlanan cezai su\u00e7u i\u015flemekle itham ediliyor. Bu su\u00e7lama yetersizdir \u00e7\u00fcnk\u00fc s\u00fcre a\u00e7\u0131s\u0131ndan, her ne kadar biz bu su\u00e7la u\u011fra\u015fsak da Somut bir eylem, 23 saatlik bir zaman aral\u0131\u011f\u0131. Savc\u0131l\u0131\u011f\u0131n iddia etti\u011fi gibi faillerin her birinin eylemlerine ili\u015fkin ayr\u0131nt\u0131lara sahip de\u011filiz, ancak delil a\u00e7\u0131s\u0131ndan a\u00e7\u0131klamalar tamd\u0131r. Ayn\u0131 referans numaras\u0131na sahip raporda da g\u00f6r\u00fclebilece\u011fi gibi, bu belgeler Emniyet&#8217;teki davayla \u00f6rt\u00fc\u015f\u00fcyor ve bunlar\u0131n bir k\u0131sm\u0131 da bu mahkeme taraf\u0131ndan ele al\u0131nd\u0131&#8221; dedi. <\/p>\n<p>Ayr\u0131ca j\u00fcri \u00f6n\u00fcnde &#8220;iddianamenin de as\u0131ls\u0131z delillere dayand\u0131\u011f\u0131n\u0131&#8221; s\u00f6yledi.<\/p>\n<p>&#8220;Bu bak\u0131mdan \u0130JD bilirki\u015fi raporundan ba\u015flayarak iddianame de as\u0131ls\u0131z delillere dayanmaktad\u0131r. Bu bak\u0131mdan her ne kadar bu davada bilirki\u015fi delili olarak \u00f6nerilen bir raporla kar\u015f\u0131 kar\u015f\u0131ya olsak da bilirki\u015fi veya derleyicinin dinlenmesine kadar hukuki-cezai konularda temel delil olan bilirki\u015fili\u011fe sahip olamay\u0131z. Su\u00e7un kan\u0131tlanmas\u0131 ve sundu\u011fu delillerin desteklenmesinin iddia makam\u0131n\u0131n y\u00fck\u00fcml\u00fcl\u00fc\u011f\u00fc oldu\u011fu bu davada, e\u011fer iddia makam\u0131 ayn\u0131 raporun dinlenmesini \u00f6nermiyorsa, hukuki bir paradoks olmas\u0131na ra\u011fmen, iddia makam\u0131n\u0131n su\u00e7u kan\u0131tlamas\u0131 de\u011fil, masumiyetini kan\u0131tlamas\u0131 bizim taraf\u0131m\u0131zdan \u00f6nerildi\u011finden, savunman\u0131n bunu \u00f6nermesi kal\u0131r&#8221; dedi. Valdrin Krasniqi, Fitore Pacolli&#8217;nin bilirki\u015fi atanmas\u0131 talebine, bilirki\u015fi heyetinin raporunun yeterince a\u00e7\u0131k oldu\u011funu s\u00f6yleyerek kar\u015f\u0131 \u00e7\u0131kt\u0131.<\/p>\n<p>&#8220;S\u00f6z konusu bilirki\u015fi raporunun yeterince a\u00e7\u0131k oldu\u011funu ve san\u0131klar\u0131n 21.03.2018 tarihinde silah, bu durumda Silah Kanunu&#8217;nda tan\u0131mlanan tahri\u015f edici gaz kulland\u0131\u011f\u0131n\u0131 kan\u0131tlad\u0131\u011f\u0131n\u0131 de\u011ferlendirerek bilirki\u015fi atanmas\u0131 talebine kar\u015f\u0131 \u00e7\u0131k\u0131yorum. itiraz\u0131m\u0131z, bu raporun ayn\u0131 zamanda olay yeri inceleme raporu, bu adli inceleme s\u0131ras\u0131nda delil olarak sunulan ve uygulanan video kay\u0131tlar\u0131 gibi di\u011fer maddi delillerle desteklendi\u011fi ve ayn\u0131 zamanda Kosova Meclis Ba\u015fkanl\u0131\u011f\u0131&#8217;n\u0131n burada bulunan san\u0131klar\u0131n g\u00f6z ya\u015fart\u0131c\u0131 gaz atmalar\u0131 nedeniyle disiplin cezas\u0131 &#8211; ola\u011fan\u00fcst\u00fc meclis oturumuna kat\u0131l\u0131m yasa\u011f\u0131 &#8211; cezas\u0131na \u00e7arpt\u0131r\u0131lmalar\u0131na karar verilen 21 Mart 2018 tarihli karar\u0131yla da desteklenmesidir.&#8221; dedi.<\/p>\n<p>Avukat\u0131n bu talebi de mahkemece reddedildi.<\/p>\n<p>Ayr\u0131ca Fitore Pacolli&#8217;nin savunmas\u0131 avukat Lavdrim Salihu, Savc\u0131l\u0131\u011f\u0131n maddi delillerine ili\u015fkin a\u00e7\u0131klamalarda bulundu.<\/p>\n<p>&#8220;Bilirki\u015fi raporu olarak \u00f6nerilen 04\/2-1I\/023\/2019 tarihli rapor ise kabul edilemez delil olarak ilan edilmeli ve dava evrak\u0131ndan a\u00e7\u0131k delil olarak ayr\u0131lmal\u0131d\u0131r. 19. madde anlam\u0131ndad\u0131r, \u00e7\u00fcnk\u00fc bu raporu kimin haz\u0131rlad\u0131\u011f\u0131 bilinmiyor, delil olarak okunsa bile derleyiciye tan\u0131k veya bilirki\u015fi olarak aklay\u0131c\u0131 veya delillerin istikrars\u0131zl\u0131\u011f\u0131n\u0131 kan\u0131tlayacak deliller sunmam\u0131z\u0131 imkans\u0131z k\u0131lacakt\u0131r. dedi.<\/p>\n<p>San\u0131k Salih Zyba da iddia makam\u0131n\u0131n ifadelerine ili\u015fkin de\u011ferlendirmelerde bulundu.<\/p>\n<p>&#8220;\u0130lk giri\u015f s\u00f6z\u00fc olan &#8216;yasa koyucu \u00f6ng\u00f6rd\u00fc&#8217;, bu yasa koyucu art\u0131k sonuca de\u011fil, varl\u0131\u011f\u0131m\u0131za itiraz ediyor&#8230; Ve tart\u0131\u015fmal\u0131yd\u0131 \u00e7\u00fcnk\u00fc son c\u00fcmlede &#8216;o oturumda da ayn\u0131s\u0131 t\u00fcketildi ve disiplin tedbirleri al\u0131nd\u0131&#8217; yani yasa koyucu bu durumda normlar\u0131 da ayarlam\u0131\u015f demek oluyor. Nitelikli, su\u00e7 say\u0131l\u0131yor ve sonu\u00e7ta mevcut davada oldu\u011fu gibi su\u00e7 oldu\u011funda ve disiplin ihlali oldu\u011funda, ceza gerektiren bir su\u00e7sa normlara ayk\u0131r\u0131 disiplin tedbirleri vard\u0131&#8221; dedi Zyba.<\/p>\n<p>O da avukat gibi davan\u0131n uzmanl\u0131k olmad\u0131\u011f\u0131n\u0131 s\u00f6yledi. San\u0131k Salih Zyba ise d\u00f6nemin savc\u0131l\u0131\u011f\u0131n\u0131 &#8220;yakaland\u0131&#8221; olarak nitelendirdi. vekilin g\u00f6revleri veya yasa koyucunun daha \u00f6nce tan\u0131mlad\u0131\u011f\u0131 gibi&#8221; dedi.<\/p>\n<p>Savc\u0131 Valdrin Krasniqi mahkemeden Zyba&#8217;ya verilen ihtar\u0131n geri \u00e7ekilmesini istedi.<\/p>\n<p>&#8220;Mahkemeden san\u0131k Salih Zyba&#8217;n\u0131n Devlet Savc\u0131l\u0131\u011f\u0131 kurumuna yapt\u0131\u011f\u0131 g\u00f6nderme nedeniyle ikaz edilmesini talep ediyorum. Bilirki\u015fi raporuna itiraz konusuna gelince, bu rapor bir raporda bulunmas\u0131 gereken t\u00fcm unsurlar\u0131 i\u00e7eriyor, bu silahlar\u0131n men\u015feinin raporda belirtilmesi gerekti\u011fini vurgulayan san\u0131k Salih Zyba&#8217;n\u0131n talebini dikkatle dinledim. Raporda bu bilgiler yer al\u0131yor.&#8221; dedi.<\/p>\n<p>Avukatlar, san\u0131klar\u0131n itham edildi\u011fi, su\u00e7un i\u015flendi\u011fi iddia edilen tarihten itibaren video kay\u0131tlar\u0131n\u0131n izlenmesini \u00f6nerdi.<\/p>\n<p>Bir sonraki oturum, video kay\u0131tlar\u0131n\u0131n incelenmesiyle devam edecek. Hakim Sabit Sadikaj, bir sonraki oturumun, duru\u015fman\u0131n Kovu\u015fturma delillerinin sergilendi\u011fi bir odada yap\u0131labilece\u011fi bir sonraki oturumun s\u00fcresiz olarak ertelenmesine karar verdi.<\/p>\n<p>\u00c7erezleri \u015fu ama\u00e7larla kullan\u0131yoruz: deneyimi geli\u015ftirmek ve reklamlar\u0131 g\u00f6r\u00fcnt\u00fclemek (Google AdSense).<br \/>\n          &#8220;Kabul Et&#8221; se\u00e7ene\u011fine t\u0131klayarak \u00e7erezlerin a\u015fa\u011f\u0131daki \u015fartlara g\u00f6re kullan\u0131lmas\u0131n\u0131 kabul etmi\u015f olursunuz.<br \/>\n          Gizlilik Politikas\u0131<br \/>\n          ve<br \/>\n          \u00c7erez Politikas\u0131.<br \/>\n          &#8220;Reddet&#8221;i t\u0131klayarak gerekli olmayan \u00e7erezleri reddedebilirsiniz.<\/p>\n<hr style=\"margin:30px 0\">\n<p style=\"font-size:13px;color:#666\">Kaynak: <strong>prizrenpost<\/strong><\/p>\n","protected":false},"excerpt":{"rendered":"<p>Pri\u015ftine Temel Mahkemesi&#8217;nde, Kosova Meclisi&#8217;ndeki g\u00f6z ya\u015fart\u0131c\u0131 gazla ilgili duru\u015fma yap\u0131ld\u0131. San\u0131klar Fitore Pacolli Dalipi, Salih Zyba ve Drita Millaku, Per\u015fembe g\u00fcn\u00fc mahkemeye \u00e7\u0131kt\u0131. 21 Mart 2018 g\u00fcn\u00fc saat 12:10 ile 15:40 aras\u0131nda g\u00f6z ya\u015fart\u0131c\u0131 gaz kaps\u00fcl\u00fc atmakla su\u00e7lan\u0131yorlar. A\u00e7\u0131l\u0131\u015f konu\u015fmas\u0131nda Salih&#8217;in savunmas\u0131 yer al\u0131yor. Avukat Hasan Ya\u015fari Zyba, siyasi eylemlerin su\u00e7 te\u015fkil etmedi\u011fini belirterek, [&hellip;]<\/p>\n","protected":false},"author":1,"featured_media":43416,"comment_status":"open","ping_status":"open","sticky":false,"template":"","format":"standard","meta":{"footnotes":""},"categories":[14],"tags":[179],"class_list":["post-43415","post","type-post","status-publish","format-standard","has-post-thumbnail","hentry","category-ulusal","tag-aktuel"],"views":3,"_links":{"self":[{"href":"https:\/\/prizrenpost.com\/tr\/wp-json\/wp\/v2\/posts\/43415","targetHints":{"allow":["GET"]}}],"collection":[{"href":"https:\/\/prizrenpost.com\/tr\/wp-json\/wp\/v2\/posts"}],"about":[{"href":"https:\/\/prizrenpost.com\/tr\/wp-json\/wp\/v2\/types\/post"}],"author":[{"embeddable":true,"href":"https:\/\/prizrenpost.com\/tr\/wp-json\/wp\/v2\/users\/1"}],"replies":[{"embeddable":true,"href":"https:\/\/prizrenpost.com\/tr\/wp-json\/wp\/v2\/comments?post=43415"}],"version-history":[{"count":1,"href":"https:\/\/prizrenpost.com\/tr\/wp-json\/wp\/v2\/posts\/43415\/revisions"}],"predecessor-version":[{"id":43417,"href":"https:\/\/prizrenpost.com\/tr\/wp-json\/wp\/v2\/posts\/43415\/revisions\/43417"}],"wp:featuredmedia":[{"embeddable":true,"href":"https:\/\/prizrenpost.com\/tr\/wp-json\/wp\/v2\/media\/43416"}],"wp:attachment":[{"href":"https:\/\/prizrenpost.com\/tr\/wp-json\/wp\/v2\/media?parent=43415"}],"wp:term":[{"taxonomy":"category","embeddable":true,"href":"https:\/\/prizrenpost.com\/tr\/wp-json\/wp\/v2\/categories?post=43415"},{"taxonomy":"post_tag","embeddable":true,"href":"https:\/\/prizrenpost.com\/tr\/wp-json\/wp\/v2\/tags?post=43415"}],"curies":[{"name":"wp","href":"https:\/\/api.w.org\/{rel}","templated":true}]}}