{"id":43427,"date":"2026-04-30T16:35:54","date_gmt":"2026-04-30T14:35:54","guid":{"rendered":"https:\/\/prizrenpost.com\/tr\/uskuplu-arnavut-ogrenci-makedonlar-bizi-asagilamak-istiyor\/"},"modified":"2026-04-30T16:35:56","modified_gmt":"2026-04-30T14:35:56","slug":"uskuplu-arnavut-ogrenci-makedonlar-bizi-asagilamak-istiyor","status":"publish","type":"post","link":"https:\/\/prizrenpost.com\/tr\/uskuplu-arnavut-ogrenci-makedonlar-bizi-asagilamak-istiyor\/","title":{"rendered":"\u00dcsk\u00fcpl\u00fc Arnavut \u00f6\u011frenci: Makedonlar bizi a\u015fa\u011f\u0131lamak istiyor!"},"content":{"rendered":"<p><img decoding=\"async\" src=\"https:\/\/prizrenpost.com\/tr\/wp-content\/uploads\/2026\/04\/Capture_sd-19.jpg\" style=\"width:100%;height:auto;margin-bottom:20px\"><\/p>\n<p>Zorlay\u0131c\u0131 a\u00e7\u0131klama: Kendi topraklar\u0131m\u0131zday\u0131z ve bizi boyunduruk alt\u0131na alan hi\u00e7bir yasa yok!<br \/>\n\u00dcsk\u00fcp&#8217;teki Arnavut \u00f6\u011frencilerin Arnavut\u00e7a Hukuk Fak\u00fcltesi&#8217;nde Arnavut\u00e7a s\u0131nav\u0131na girme iznine verdikleri tepkiyi anlatan TCH&#8217;nin En \u00c7ok Okunan Haberinde, \u00f6\u011frencilerden biri eldivensiz konu\u015ftu. Ona g\u00f6re Kuzey Makedonya&#8217;daki Arnavutlar, onlar\u0131 boyunduruk alt\u0131na almak ve a\u015fa\u011f\u0131lamak i\u00e7in Makedonlar\u0131n hedefi.<\/p>\n<p>&#8220;Bizi a\u015fa\u011f\u0131lamak istiyorlar. Bu \u00fclkenin efendisi olduklar\u0131n\u0131 ve bizim de onlara boyun e\u011fmemiz gerekti\u011fini g\u00f6stermek istiyorlar. Bu bir tahmin de\u011fil, bize boyun e\u011fdirmek istediklerini biliyoruz. Arnavutlar\u0131n kendi \u00fclkelerinde teslim olma \u015fanslar\u0131 yok, buras\u0131 bizim \u00fclkemiz, bunu yapabilecek bir yasa yok.<\/p>\n<p>Her ne kadar biz Arnavutlardan olmasak da Ayn\u0131 fak\u00fclteden olmasak da, bize yap\u0131lan a\u015fa\u011f\u0131lanmay\u0131 hissediyoruz, hepimizi \u00e7ok etkileyen bu olay i\u00e7in sonuna kadar m\u00fccadele edecek olan biz olaca\u011f\u0131z. Tav\u015fan\u0131n nerede sakland\u0131\u011f\u0131n\u0131 bilmiyorduk ama art\u0131k biliyoruz ve durmayaca\u011f\u0131z.<\/p>\n<p>Bu sava\u015f zaten kazan\u0131ld\u0131, sadece Kosova ve Arnavutluk&#8217;tan biraz daha destek bekliyoruz, bizi ayakta tutacak olan budur&#8221; dedi. \u00f6\u011frenci.<\/p>\n<p>Deneyimi geli\u015ftirmek ve reklamlar\u0131 g\u00f6r\u00fcnt\u00fclemek i\u00e7in \u00e7erezleri kullan\u0131r\u0131z (Google AdSense).<br \/>\n          &#8220;Kabul Et&#8221; se\u00e7ene\u011fine t\u0131klayarak \u00e7erezlerin a\u015fa\u011f\u0131daki \u015fartlara g\u00f6re kullan\u0131lmas\u0131n\u0131 kabul etmi\u015f olursunuz.<br \/>\n          Gizlilik Politikas\u0131<br \/>\n          ve<br \/>\n          \u00c7erez Politikas\u0131.<br \/>\n          &#8220;Reddet&#8221;i t\u0131klayarak gerekli olmayan \u00e7erezleri reddedebilirsiniz.<\/p>\n<hr style=\"margin:30px 0\">\n<p style=\"font-size:13px;color:#666\">Kaynak: <strong>prizrenpost<\/strong><\/p>\n","protected":false},"excerpt":{"rendered":"<p>Zorlay\u0131c\u0131 a\u00e7\u0131klama: Kendi topraklar\u0131m\u0131zday\u0131z ve bizi boyunduruk alt\u0131na alan hi\u00e7bir yasa yok! \u00dcsk\u00fcp&#8217;teki Arnavut \u00f6\u011frencilerin Arnavut\u00e7a Hukuk Fak\u00fcltesi&#8217;nde Arnavut\u00e7a s\u0131nav\u0131na girme iznine verdikleri tepkiyi anlatan TCH&#8217;nin En \u00c7ok Okunan Haberinde, \u00f6\u011frencilerden biri eldivensiz konu\u015ftu. Ona g\u00f6re Kuzey Makedonya&#8217;daki Arnavutlar, onlar\u0131 boyunduruk alt\u0131na almak ve a\u015fa\u011f\u0131lamak i\u00e7in Makedonlar\u0131n hedefi. &#8220;Bizi a\u015fa\u011f\u0131lamak istiyorlar. Bu \u00fclkenin efendisi olduklar\u0131n\u0131 [&hellip;]<\/p>\n","protected":false},"author":1,"featured_media":43428,"comment_status":"open","ping_status":"open","sticky":false,"template":"","format":"standard","meta":{"footnotes":""},"categories":[24],"tags":[179],"class_list":["post-43427","post","type-post","status-publish","format-standard","has-post-thumbnail","hentry","category-dunya","tag-aktuel"],"views":5,"_links":{"self":[{"href":"https:\/\/prizrenpost.com\/tr\/wp-json\/wp\/v2\/posts\/43427","targetHints":{"allow":["GET"]}}],"collection":[{"href":"https:\/\/prizrenpost.com\/tr\/wp-json\/wp\/v2\/posts"}],"about":[{"href":"https:\/\/prizrenpost.com\/tr\/wp-json\/wp\/v2\/types\/post"}],"author":[{"embeddable":true,"href":"https:\/\/prizrenpost.com\/tr\/wp-json\/wp\/v2\/users\/1"}],"replies":[{"embeddable":true,"href":"https:\/\/prizrenpost.com\/tr\/wp-json\/wp\/v2\/comments?post=43427"}],"version-history":[{"count":1,"href":"https:\/\/prizrenpost.com\/tr\/wp-json\/wp\/v2\/posts\/43427\/revisions"}],"predecessor-version":[{"id":43429,"href":"https:\/\/prizrenpost.com\/tr\/wp-json\/wp\/v2\/posts\/43427\/revisions\/43429"}],"wp:featuredmedia":[{"embeddable":true,"href":"https:\/\/prizrenpost.com\/tr\/wp-json\/wp\/v2\/media\/43428"}],"wp:attachment":[{"href":"https:\/\/prizrenpost.com\/tr\/wp-json\/wp\/v2\/media?parent=43427"}],"wp:term":[{"taxonomy":"category","embeddable":true,"href":"https:\/\/prizrenpost.com\/tr\/wp-json\/wp\/v2\/categories?post=43427"},{"taxonomy":"post_tag","embeddable":true,"href":"https:\/\/prizrenpost.com\/tr\/wp-json\/wp\/v2\/tags?post=43427"}],"curies":[{"name":"wp","href":"https:\/\/api.w.org\/{rel}","templated":true}]}}