{"id":43430,"date":"2026-04-30T16:40:53","date_gmt":"2026-04-30T14:40:53","guid":{"rendered":"https:\/\/prizrenpost.com\/tr\/rapor-israil-hizbullaha-meydan-okuyor\/"},"modified":"2026-04-30T16:40:54","modified_gmt":"2026-04-30T14:40:54","slug":"rapor-israil-hizbullaha-meydan-okuyor","status":"publish","type":"post","link":"https:\/\/prizrenpost.com\/tr\/rapor-israil-hizbullaha-meydan-okuyor\/","title":{"rendered":"Rapor: \u0130srail, Hizbullah&#8217;a meydan okuyor!"},"content":{"rendered":"<p><img decoding=\"async\" src=\"https:\/\/prizrenpost.com\/tr\/wp-content\/uploads\/2026\/04\/HG-tPnIbkAAbX34.jpeg\" style=\"width:100%;height:auto;margin-bottom:20px\"><\/p>\n<p>A\u015fa\u011f\u0131 olan\u0131n \u00fcst\u00fcne galip geldi\u011fi orant\u0131s\u0131z sava\u015f<\/p>\n<p>\u0130srail gazetesi Maariv, \u0130srail&#8217;in Arrow f\u00fcze savunma sistemi ve F-35 Lightning II u\u00e7a\u011f\u0131 da dahil olmak \u00fczere geli\u015fmi\u015f askeri yeteneklerinin, Hizbullah&#8217;\u0131n g\u00fcney L\u00fcbnan&#8217;da kulland\u0131\u011f\u0131 insans\u0131z hava ara\u00e7lar\u0131n\u0131n yaratt\u0131\u011f\u0131 operasyonel zorluklar\u0131 engellemedi\u011fini ortaya \u00e7\u0131kard\u0131.<\/p>\n<p>Maariv&#8217;e g\u00f6re, \u0130srail Askeri \u0130stihbarat M\u00fcd\u00fcrl\u00fc\u011f\u00fc (AMAN) ve Savunma Ara\u015ft\u0131rma ve Geli\u015ftirme Kurumu M\u00fcd\u00fcrl\u00fc\u011f\u00fc (MAFAT), bu konuda herhangi bir \u00f6nlem almad\u0131. k\u00fc\u00e7\u00fck, ucuz insans\u0131z hava ara\u00e7lar\u0131n\u0131n olu\u015fturdu\u011fu &#8220;mikro-taktik&#8221; tehdit olarak tan\u0131mlad\u0131\u011f\u0131 \u015feye uygun bir \u00e7\u00f6z\u00fcm buldu.<\/p>\n<p>Maariv, Hizbullah&#8217;a ait bu insans\u0131z hava ara\u00e7lar\u0131n\u0131n \u0130srail g\u00fc\u00e7leri aras\u0131nda kay\u0131plara neden olmada ve sahadaki operasyonlar\u0131 aksatmada etkili oldu\u011funu tespit etti. Bu t\u00fcr tehditlerin yeni olmad\u0131\u011f\u0131n\u0131, askeri kullan\u0131mda iki ana kategorinin belirlendi\u011fini belirtti: kablosuz ileti\u015fim yoluyla kontrol edilen dronlar ve fiber optik ba\u011flant\u0131lar arac\u0131l\u0131\u011f\u0131yla kontrol edilenler.<\/p>\n<p>Kablosuz dronlara sinyalleri bozan elektronik sava\u015f sistemleri kullan\u0131larak kar\u015f\u0131 \u00e7\u0131k\u0131labilse de rapor, fiber optik dronlar\u0131n ayn\u0131 kar\u0131\u015ft\u0131rma y\u00f6ntemlerine kar\u015f\u0131 savunmas\u0131z olmad\u0131klar\u0131 i\u00e7in daha karma\u015f\u0131k bir sorun te\u015fkil etti\u011fini ileri s\u00fcr\u00fcyor.<\/p>\n<p>Raporda ayr\u0131ca bu teknolojilerin y\u0131llard\u0131r mevcut oldu\u011fu belirtiliyor ve \u0130srail ordusunun geli\u015ftirmesi gerekti\u011fi ileri s\u00fcr\u00fcl\u00fcyor. \u00d6zellikle sava\u015f ama\u00e7lar\u0131na uyarlanabilen ticari drone platformlar\u0131n\u0131n mevcudiyeti g\u00f6z \u00f6n\u00fcne al\u0131nd\u0131\u011f\u0131nda, kar\u015f\u0131 \u00f6nlemler \u00e7ok daha erken al\u0131n\u0131yor.<\/p>\n<p>Bu t\u00fcr drone&#8217;lar\u0131n, al\u00e7ak irtifada u\u00e7u\u015f, minimum g\u00fcr\u00fclt\u00fc ve geleneksel radar sistemleri taraf\u0131ndan azalt\u0131lm\u0131\u015f tespit dahil olmak \u00fczere taktiksel avantajlar\u0131 vurguland\u0131 ve bunlar, onlar\u0131 durdurma \u00e7abalar\u0131n\u0131 zorla\u015ft\u0131r\u0131yor.\u00a0\/tesheshi.com\/<\/p>\n<p>Tecr\u00fcbeyi geli\u015ftirmek ve reklamlar\u0131 (Google AdSense) g\u00f6r\u00fcnt\u00fclemek i\u00e7in \u00e7erezleri kullan\u0131r\u0131z.<br \/>\n          &#8220;Kabul Et&#8221; se\u00e7ene\u011fine t\u0131klayarak \u00e7erezlerin a\u015fa\u011f\u0131daki \u015fartlara g\u00f6re kullan\u0131lmas\u0131n\u0131 kabul etmi\u015f olursunuz.<br \/>\n          Gizlilik Politikas\u0131<br \/>\n          ve<br \/>\n          \u00c7erez Politikas\u0131.<br \/>\n          &#8220;Reddet&#8221;i t\u0131klayarak gerekli olmayan \u00e7erezleri reddedebilirsiniz.<\/p>\n<hr style=\"margin:30px 0\">\n<p style=\"font-size:13px;color:#666\">Kaynak: <strong>prizrenpost<\/strong><\/p>\n","protected":false},"excerpt":{"rendered":"<p>A\u015fa\u011f\u0131 olan\u0131n \u00fcst\u00fcne galip geldi\u011fi orant\u0131s\u0131z sava\u015f \u0130srail gazetesi Maariv, \u0130srail&#8217;in Arrow f\u00fcze savunma sistemi ve F-35 Lightning II u\u00e7a\u011f\u0131 da dahil olmak \u00fczere geli\u015fmi\u015f askeri yeteneklerinin, Hizbullah&#8217;\u0131n g\u00fcney L\u00fcbnan&#8217;da kulland\u0131\u011f\u0131 insans\u0131z hava ara\u00e7lar\u0131n\u0131n yaratt\u0131\u011f\u0131 operasyonel zorluklar\u0131 engellemedi\u011fini ortaya \u00e7\u0131kard\u0131. Maariv&#8217;e g\u00f6re, \u0130srail Askeri \u0130stihbarat M\u00fcd\u00fcrl\u00fc\u011f\u00fc (AMAN) ve Savunma Ara\u015ft\u0131rma ve Geli\u015ftirme Kurumu M\u00fcd\u00fcrl\u00fc\u011f\u00fc (MAFAT), [&hellip;]<\/p>\n","protected":false},"author":1,"featured_media":43431,"comment_status":"open","ping_status":"open","sticky":false,"template":"","format":"standard","meta":{"footnotes":""},"categories":[24],"tags":[179],"class_list":["post-43430","post","type-post","status-publish","format-standard","has-post-thumbnail","hentry","category-dunya","tag-aktuel"],"views":4,"_links":{"self":[{"href":"https:\/\/prizrenpost.com\/tr\/wp-json\/wp\/v2\/posts\/43430","targetHints":{"allow":["GET"]}}],"collection":[{"href":"https:\/\/prizrenpost.com\/tr\/wp-json\/wp\/v2\/posts"}],"about":[{"href":"https:\/\/prizrenpost.com\/tr\/wp-json\/wp\/v2\/types\/post"}],"author":[{"embeddable":true,"href":"https:\/\/prizrenpost.com\/tr\/wp-json\/wp\/v2\/users\/1"}],"replies":[{"embeddable":true,"href":"https:\/\/prizrenpost.com\/tr\/wp-json\/wp\/v2\/comments?post=43430"}],"version-history":[{"count":1,"href":"https:\/\/prizrenpost.com\/tr\/wp-json\/wp\/v2\/posts\/43430\/revisions"}],"predecessor-version":[{"id":43432,"href":"https:\/\/prizrenpost.com\/tr\/wp-json\/wp\/v2\/posts\/43430\/revisions\/43432"}],"wp:featuredmedia":[{"embeddable":true,"href":"https:\/\/prizrenpost.com\/tr\/wp-json\/wp\/v2\/media\/43431"}],"wp:attachment":[{"href":"https:\/\/prizrenpost.com\/tr\/wp-json\/wp\/v2\/media?parent=43430"}],"wp:term":[{"taxonomy":"category","embeddable":true,"href":"https:\/\/prizrenpost.com\/tr\/wp-json\/wp\/v2\/categories?post=43430"},{"taxonomy":"post_tag","embeddable":true,"href":"https:\/\/prizrenpost.com\/tr\/wp-json\/wp\/v2\/tags?post=43430"}],"curies":[{"name":"wp","href":"https:\/\/api.w.org\/{rel}","templated":true}]}}