{"id":43445,"date":"2026-04-30T16:46:03","date_gmt":"2026-04-30T14:46:03","guid":{"rendered":"https:\/\/prizrenpost.com\/tr\/uskuplu-arnavut-ogrenci-nuri-anne-babalarimiz-dil-ugruna-sehitler\/"},"modified":"2026-04-30T16:46:06","modified_gmt":"2026-04-30T14:46:06","slug":"uskuplu-arnavut-ogrenci-nuri-anne-babalarimiz-dil-ugruna-sehitler","status":"publish","type":"post","link":"https:\/\/prizrenpost.com\/tr\/uskuplu-arnavut-ogrenci-nuri-anne-babalarimiz-dil-ugruna-sehitler\/","title":{"rendered":"\u00dcsk\u00fcpl\u00fc Arnavut \u00f6\u011frenci Nuri: &#8220;Anne babalar\u0131m\u0131z, dil u\u011fruna \u015fehitler&#8230;!&#8221;"},"content":{"rendered":"<p><img decoding=\"async\" src=\"https:\/\/prizrenpost.com\/tr\/wp-content\/uploads\/2026\/04\/Mevlan-Ademi.jpg\" style=\"width:100%;height:auto;margin-bottom:20px\"><\/p>\n<p>Makedonlar\u0131 utand\u0131ran protestoyu d\u00fczenleyenin a\u00e7\u0131klamas\u0131<\/p>\n<p>Arnavut \u00f6\u011frencilerin Arnavut\u00e7a hukuk s\u0131nav\u0131n\u0131n geli\u015ftirilmesini talep etti\u011fi \u00dcsk\u00fcp&#8217;teki \u00f6\u011frenci eyleminin organizat\u00f6r\u00fc Mevlan Ademi, kanunla tan\u0131mlanan bir haktan ba\u015fka bir \u015fey aramad\u0131klar\u0131n\u0131 belirtti.<\/p>\n<p>D\u00fcn gece TCH&#8217;de Top Story&#8217;de etraf\u0131 di\u011fer \u00f6\u011frencilerle \u00e7evrili olarak Makedonya&#8217;da Arnavut olarak kazand\u0131klar\u0131 her hakk\u0131n fedakarl\u0131klar\u0131 sayesinde oldu\u011funu s\u00f6yledi ve baz\u0131 ebeveynlerinin bu \u00f6\u011fretiyi \u00f6\u011frenmek i\u00e7in \u015fehit d\u00fc\u015ft\u00fc\u011f\u00fcn\u00fc vurgulad\u0131. Arnavut\u00e7a.<\/p>\n<p>&#8220;Ben Mevlan Ademi, hukuk \u00f6\u011frencisi. Yolculu\u011fumuz \u00fc\u00e7 y\u0131l \u00f6nce hukuki bir hak aray\u0131\u015f\u0131yla ba\u015flad\u0131. Bu iki y\u0131l boyunca kurum kurum, b\u00fcro ofis, yalandan s\u00f6z, s\u00f6zden ertelemeye dola\u015ft\u0131k. Bizim i\u00e7in ger\u00e7ek bu. Bakan\u0131n karar\u0131yla bir g\u00fcnde \u00e7\u00f6z\u00fclmesi iki y\u0131l\u0131 buluyor. Bizim i\u00e7in ac\u0131 ger\u00e7ek bu.<\/p>\n<p> Hukuk s\u0131nav\u0131 da, s\u0131nava giren meslekta\u015flar\u0131m\u0131z aras\u0131nda da. Makedon dili. N\u00fcfusun en az y\u00fczde 20&#8217;sinin konu\u015ftu\u011fu dilin kullan\u0131m\u0131na ili\u015fkin yasa \u00e7ok a\u00e7\u0131k. \u0130\u015fte bu noktada bakan yakalan\u0131yor ya da aptal gibi davran\u0131yor Son \u00fc\u00e7 ayda g\u00f6rd\u00fc\u011f\u00fcm\u00fcz \u015fey, profes\u00f6r\u00fcn dilinde bir \u00e7\u00f6z\u00fcm\u00fcm\u00fcz yok. \u00dclkemizde mahkeme oturumlar\u0131 Makedonca yap\u0131lm\u0131yor ve \u00fclkemizde kimse bize hi\u00e7bir \u015feyi bedava vermedi. Bodrumda ebeveynleri Arnavut\u00e7a \u00f6\u011frenen meslekta\u015flar\u0131m var. Onlarca sorunumuz var. Deneyimi geli\u015ftirmek i\u00e7in \u00e7erezleri kullan\u0131yoruz (Google AdSense).<br \/>\n          &#8220;Kabul Et&#8221; se\u00e7ene\u011fine t\u0131klayarak \u00e7erezlerin a\u015fa\u011f\u0131daki \u015fartlara g\u00f6re kullan\u0131lmas\u0131n\u0131 kabul etmi\u015f olursunuz.<br \/>\n          Gizlilik Politikas\u0131<br \/>\n          ve<br \/>\n          \u00c7erez Politikas\u0131.<br \/>\n          &#8220;Reddet&#8221;i t\u0131klayarak gerekli olmayan \u00e7erezleri reddedebilirsiniz.<\/p>\n<hr style=\"margin:30px 0\">\n<p style=\"font-size:13px;color:#666\">Kaynak: <strong>prizrenpost<\/strong><\/p>\n","protected":false},"excerpt":{"rendered":"<p>Makedonlar\u0131 utand\u0131ran protestoyu d\u00fczenleyenin a\u00e7\u0131klamas\u0131 Arnavut \u00f6\u011frencilerin Arnavut\u00e7a hukuk s\u0131nav\u0131n\u0131n geli\u015ftirilmesini talep etti\u011fi \u00dcsk\u00fcp&#8217;teki \u00f6\u011frenci eyleminin organizat\u00f6r\u00fc Mevlan Ademi, kanunla tan\u0131mlanan bir haktan ba\u015fka bir \u015fey aramad\u0131klar\u0131n\u0131 belirtti. D\u00fcn gece TCH&#8217;de Top Story&#8217;de etraf\u0131 di\u011fer \u00f6\u011frencilerle \u00e7evrili olarak Makedonya&#8217;da Arnavut olarak kazand\u0131klar\u0131 her hakk\u0131n fedakarl\u0131klar\u0131 sayesinde oldu\u011funu s\u00f6yledi ve baz\u0131 ebeveynlerinin bu \u00f6\u011fretiyi \u00f6\u011frenmek i\u00e7in [&hellip;]<\/p>\n","protected":false},"author":1,"featured_media":43446,"comment_status":"open","ping_status":"open","sticky":false,"template":"","format":"standard","meta":{"footnotes":""},"categories":[24],"tags":[],"class_list":["post-43445","post","type-post","status-publish","format-standard","has-post-thumbnail","hentry","category-dunya"],"views":3,"_links":{"self":[{"href":"https:\/\/prizrenpost.com\/tr\/wp-json\/wp\/v2\/posts\/43445","targetHints":{"allow":["GET"]}}],"collection":[{"href":"https:\/\/prizrenpost.com\/tr\/wp-json\/wp\/v2\/posts"}],"about":[{"href":"https:\/\/prizrenpost.com\/tr\/wp-json\/wp\/v2\/types\/post"}],"author":[{"embeddable":true,"href":"https:\/\/prizrenpost.com\/tr\/wp-json\/wp\/v2\/users\/1"}],"replies":[{"embeddable":true,"href":"https:\/\/prizrenpost.com\/tr\/wp-json\/wp\/v2\/comments?post=43445"}],"version-history":[{"count":0,"href":"https:\/\/prizrenpost.com\/tr\/wp-json\/wp\/v2\/posts\/43445\/revisions"}],"wp:featuredmedia":[{"embeddable":true,"href":"https:\/\/prizrenpost.com\/tr\/wp-json\/wp\/v2\/media\/43446"}],"wp:attachment":[{"href":"https:\/\/prizrenpost.com\/tr\/wp-json\/wp\/v2\/media?parent=43445"}],"wp:term":[{"taxonomy":"category","embeddable":true,"href":"https:\/\/prizrenpost.com\/tr\/wp-json\/wp\/v2\/categories?post=43445"},{"taxonomy":"post_tag","embeddable":true,"href":"https:\/\/prizrenpost.com\/tr\/wp-json\/wp\/v2\/tags?post=43445"}],"curies":[{"name":"wp","href":"https:\/\/api.w.org\/{rel}","templated":true}]}}