{"id":43447,"date":"2026-04-30T17:05:42","date_gmt":"2026-04-30T15:05:42","guid":{"rendered":"https:\/\/prizrenpost.com\/tr\/israil-soykirim-ve-boykotla-ilgili-yorumlari-nedeniyle-ispanyol-gazeteciyi-gozaltina-aldi\/"},"modified":"2026-04-30T17:05:43","modified_gmt":"2026-04-30T15:05:43","slug":"israil-soykirim-ve-boykotla-ilgili-yorumlari-nedeniyle-ispanyol-gazeteciyi-gozaltina-aldi","status":"publish","type":"post","link":"https:\/\/prizrenpost.com\/tr\/israil-soykirim-ve-boykotla-ilgili-yorumlari-nedeniyle-ispanyol-gazeteciyi-gozaltina-aldi\/","title":{"rendered":"\u0130srail, soyk\u0131r\u0131m ve boykotla ilgili yorumlar\u0131 nedeniyle \u0130spanyol gazeteciyi g\u00f6zalt\u0131na ald\u0131"},"content":{"rendered":"<p><img decoding=\"async\" src=\"https:\/\/prizrenpost.com\/tr\/wp-content\/uploads\/2026\/04\/Queralt-Castillo-Cerezuela.jpg\" style=\"width:100%;height:auto;margin-bottom:20px\"><\/p>\n<p>\u0130srail, \u0130spanyol gazeteci Queralt Castillo Cerezuela&#8217;n\u0131n &#8220;soyk\u0131r\u0131m&#8221; gibi terimler kullanmas\u0131 nedeniyle \u00fclkeye giri\u015fini yasaklad\u0131, Anadolu&#8217;nun bug\u00fcn bildirdi\u011fine g\u00f6re \u0130spanyol ve \u0130srail medyas\u0131nda yer alan haberlere g\u00f6re.<\/p>\n<p>\u0130srail Diaspora \u0130\u015fleri ve Anti-Semitizmle M\u00fccadele Bakanl\u0131\u011f\u0131, Boykot Hareketi i\u00e7eriklerini payla\u015fmak da dahil olmak \u00fczere sosyal medya faaliyetleri nedeniyle giri\u015finin engellenmesini \u00f6nerdi. \u0130spanyol haber ajans\u0131 EFE taraf\u0131ndan aktar\u0131lan bir a\u00e7\u0131klamaya g\u00f6re, Tasfiye ve Yapt\u0131r\u0131mlar (BDS).<\/p>\n<p>Bakanl\u0131k, \u0130srail&#8217;in 7 Ekim 2023 sald\u0131r\u0131lar\u0131n\u0131n ard\u0131ndan Gazze&#8217;deki askeri harekat\u0131n\u0131 tan\u0131mlamak i\u00e7in &#8220;soyk\u0131r\u0131m&#8221;, &#8220;barbarl\u0131k&#8221; ve &#8220;katliam&#8221; gibi terimlerin kullan\u0131m\u0131 da dahil olmak \u00fczere, habercilik ve \u00e7evrimi\u00e7i faaliyetlerine ili\u015fkin \u00e7e\u015fitli \u00f6rnekler verdi.<\/p>\n<p>Castillo Cerezuela, Yunanistan&#8217;da ya\u015fayan ve uluslararas\u0131 politika, insan haklar\u0131 ve g\u00f6\u00e7 ile ilgili haberler yapan \u0130spanyol bir gazetecidir. El Diario ve El Salto gibi medya kurulu\u015flar\u0131na katk\u0131da bulundu.<\/p>\n<p>Diaspora \u0130\u015fleri Bakan\u0131 Amichai Chikli, bu hareketin \u00fclkeye d\u00fc\u015fman oldu\u011fu d\u00fc\u015f\u00fcn\u00fclen ki\u015filerin giri\u015fine izin vermeyen daha geni\u015f bir politikay\u0131 yans\u0131tt\u0131\u011f\u0131n\u0131 s\u00f6yledi. A\u00e7\u0131klamada, &#8220;Antisemitizm ve BDS destek\u00e7ileriyle m\u00fccadeleye devam edece\u011fiz&#8221; diyerek, &#8220;\u0130spanya, antisemitizmin g\u00fc\u00e7l\u00fc bir merkezidir.&#8221;<\/p>\n<p>Castillo Cerezuela&#8217;n\u0131n sosyal medya hesaplar\u0131 silinmi\u015f g\u00f6r\u00fcn\u00fcyor.<\/p>\n<p>Diaspora \u0130\u015fleri ve Antisemitizmle M\u00fccadele Bakanl\u0131\u011f\u0131 bu y\u0131l onlarca \u00fcst d\u00fczey T\u00fcrk \u015fahsiyeti benzer nedenlerle g\u00f6zalt\u0131na ald\u0131 ve \u00fclkeye giri\u015flerin engellenmesi y\u00f6n\u00fcnde ad\u0131mlar att\u0131. New York Belediye Ba\u015fkan\u0131 Zohran Mamdani&#8217;nin e\u015fi Rama Duwaji, Filistin yanl\u0131s\u0131 sosyal medya faaliyetleri nedeniyle.<\/p>\n<p>Deneyimi geli\u015ftirmek ve reklamlar\u0131 g\u00f6r\u00fcnt\u00fclemek i\u00e7in \u00e7erezleri kullan\u0131yoruz (Google AdSense).<br \/>\n          &#8220;Kabul Et&#8221; se\u00e7ene\u011fine t\u0131klayarak \u00e7erezlerin a\u015fa\u011f\u0131daki \u015fartlara g\u00f6re kullan\u0131lmas\u0131n\u0131 kabul etmi\u015f olursunuz.<br \/>\n          Gizlilik Politikas\u0131<br \/>\n          ve<br \/>\n          \u00c7erez Politikas\u0131.<br \/>\n          &#8220;Reddet&#8221;i t\u0131klayarak gerekli olmayan \u00e7erezleri reddedebilirsiniz.<\/p>\n<hr style=\"margin:30px 0\">\n<p style=\"font-size:13px;color:#666\">Kaynak: <strong>prizrenpost<\/strong><\/p>\n","protected":false},"excerpt":{"rendered":"<p>\u0130srail, \u0130spanyol gazeteci Queralt Castillo Cerezuela&#8217;n\u0131n &#8220;soyk\u0131r\u0131m&#8221; gibi terimler kullanmas\u0131 nedeniyle \u00fclkeye giri\u015fini yasaklad\u0131, Anadolu&#8217;nun bug\u00fcn bildirdi\u011fine g\u00f6re \u0130spanyol ve \u0130srail medyas\u0131nda yer alan haberlere g\u00f6re. \u0130srail Diaspora \u0130\u015fleri ve Anti-Semitizmle M\u00fccadele Bakanl\u0131\u011f\u0131, Boykot Hareketi i\u00e7eriklerini payla\u015fmak da dahil olmak \u00fczere sosyal medya faaliyetleri nedeniyle giri\u015finin engellenmesini \u00f6nerdi. \u0130spanyol haber ajans\u0131 EFE taraf\u0131ndan aktar\u0131lan bir [&hellip;]<\/p>\n","protected":false},"author":1,"featured_media":43448,"comment_status":"open","ping_status":"open","sticky":false,"template":"","format":"standard","meta":{"footnotes":""},"categories":[24],"tags":[179],"class_list":["post-43447","post","type-post","status-publish","format-standard","has-post-thumbnail","hentry","category-dunya","tag-aktuel"],"views":7,"_links":{"self":[{"href":"https:\/\/prizrenpost.com\/tr\/wp-json\/wp\/v2\/posts\/43447","targetHints":{"allow":["GET"]}}],"collection":[{"href":"https:\/\/prizrenpost.com\/tr\/wp-json\/wp\/v2\/posts"}],"about":[{"href":"https:\/\/prizrenpost.com\/tr\/wp-json\/wp\/v2\/types\/post"}],"author":[{"embeddable":true,"href":"https:\/\/prizrenpost.com\/tr\/wp-json\/wp\/v2\/users\/1"}],"replies":[{"embeddable":true,"href":"https:\/\/prizrenpost.com\/tr\/wp-json\/wp\/v2\/comments?post=43447"}],"version-history":[{"count":1,"href":"https:\/\/prizrenpost.com\/tr\/wp-json\/wp\/v2\/posts\/43447\/revisions"}],"predecessor-version":[{"id":43449,"href":"https:\/\/prizrenpost.com\/tr\/wp-json\/wp\/v2\/posts\/43447\/revisions\/43449"}],"wp:featuredmedia":[{"embeddable":true,"href":"https:\/\/prizrenpost.com\/tr\/wp-json\/wp\/v2\/media\/43448"}],"wp:attachment":[{"href":"https:\/\/prizrenpost.com\/tr\/wp-json\/wp\/v2\/media?parent=43447"}],"wp:term":[{"taxonomy":"category","embeddable":true,"href":"https:\/\/prizrenpost.com\/tr\/wp-json\/wp\/v2\/categories?post=43447"},{"taxonomy":"post_tag","embeddable":true,"href":"https:\/\/prizrenpost.com\/tr\/wp-json\/wp\/v2\/tags?post=43447"}],"curies":[{"name":"wp","href":"https:\/\/api.w.org\/{rel}","templated":true}]}}