{"id":43453,"date":"2026-04-30T17:05:51","date_gmt":"2026-04-30T15:05:51","guid":{"rendered":"https:\/\/prizrenpost.com\/tr\/icc-bassavcisi-khan-gorevi-kotuye-kullanma-iddialarini-yalanladi-ben-masumum\/"},"modified":"2026-04-30T17:05:51","modified_gmt":"2026-04-30T15:05:51","slug":"icc-bassavcisi-khan-gorevi-kotuye-kullanma-iddialarini-yalanladi-ben-masumum","status":"publish","type":"post","link":"https:\/\/prizrenpost.com\/tr\/icc-bassavcisi-khan-gorevi-kotuye-kullanma-iddialarini-yalanladi-ben-masumum\/","title":{"rendered":"ICC ba\u015fsavc\u0131s\u0131 Khan g\u00f6revi k\u00f6t\u00fcye kullanma iddialar\u0131n\u0131 yalanlad\u0131: Ben masumum"},"content":{"rendered":"<p><img decoding=\"async\" src=\"https:\/\/prizrenpost.com\/tr\/wp-content\/uploads\/2026\/04\/Kryeprokurori-i-Gjykates-Nderkombetare-Penale-GJNP-Karim-Khan.jpg\" style=\"width:100%;height:auto;margin-bottom:20px\"><\/p>\n<p>Anadolu&#8217;nun haberine g\u00f6re, May\u0131s 2025&#8217;te BM&#8217;nin cinsel suiistimal iddialar\u0131na ili\u015fkin soru\u015fturmas\u0131 kapsam\u0131nda izne ayr\u0131lan Uluslararas\u0131 Ceza Mahkemesi (UCM) ba\u015fsavc\u0131s\u0131 Karim Khan, &#8220;su\u00e7lamalardan akland\u0131\u011f\u0131n\u0131&#8221; s\u00f6yledi.<\/p>\n<p>Khan, \u00c7ar\u015famba g\u00fcn\u00fc yay\u0131nlanan bir r\u00f6portajda Zeteo&#8217;ya, soru\u015fturmada herhangi bir &#8220;suiistimal veya yetki istismar\u0131&#8221; tespit edilmedi\u011fini ve i\u015fine d\u00f6nmesine izin verilmesi gerekti\u011fini s\u00f6yledi.<\/p>\n<p>&#8220;B.M. Hakimlerin bulgular\u0131n\u0131 okudum. BM raporunda 137 bulgu var ve bunlar\u0131n hi\u00e7biri herhangi bir \u015fekilde, \u015fekilde veya bi\u00e7imde uygunsuz olarak nitelendirilebilecek tespitler veya davran\u0131\u015f bulgular\u0131 i\u00e7ermiyor&#8221; dedi.<\/p>\n<p>Orta Do\u011fu&#8217;ya g\u00f6re, Mart ay\u0131nda, \u00fc\u00e7 yarg\u0131\u00e7tan olu\u015fan bir heyet oybirli\u011fiyle BM&#8217;nin soru\u015fturmas\u0131n\u0131n sonu\u00e7lar\u0131n\u0131n &#8220;ilgili yasal \u00e7er\u00e7eve kapsam\u0131nda suiistimal veya g\u00f6rev ihlalini tan\u0131mlamad\u0131\u011f\u0131&#8221; sonucuna vard\u0131. G\u00f6z.<\/p>\n<p>Ancak dava hala kapanmad\u0131.<\/p>\n<p>&#8220;Ben sadece neden hemen kapat\u0131lmad\u0131\u011f\u0131 konusunda endi\u015feliyim. Ve t\u00fcm bu s\u00fcre\u00e7 yeni. Bu s\u00fcre\u00e7te baz\u0131 \u015feyler uyduruldu. Ve art\u0131k bunun su\u00e7lamalarla ilgili olmad\u0131\u011f\u0131n\u0131 d\u00fc\u015f\u00fcn\u00fcyorum. Bu bir s\u00fcre\u00e7 ve bir s\u00fcrecin tasar\u0131m\u0131yla ilgili, g\u00f6r\u00fcnen o ki baz\u0131 \u00fclkelerin belli bir sonuca ula\u015fmas\u0131 gerekiyor ve bu da yasal s\u00fcrecin anlam\u0131n\u0131n tam tersi.&#8221; dedi.<\/p>\n<p>&#8220;S\u00fcrece i\u015fbirli\u011fi yapt\u0131m ve s\u00fcre\u00e7 beni temize \u00e7\u0131kard\u0131,&#8221; diye ekledi Khan.<\/p>\n<p>Soru\u015fturma, ICC&#8217;nin y\u00f6netim organ\u0131 olan Taraf Devletler Meclisi ba\u015fkan\u0131 taraf\u0131ndan Kas\u0131m 2024&#8217;te Khan&#8217;\u0131n ofisinden bir \u00fcyenin kendisini cinsel tacizle su\u00e7lamas\u0131n\u0131n ard\u0131ndan ba\u015flat\u0131ld\u0131. Ge\u00e7ti\u011fimiz A\u011fustos ay\u0131nda ikinci bir kad\u0131n, savc\u0131n\u0131n kendisi i\u00e7in \u00e7al\u0131\u015f\u0131rken yetkisini k\u00f6t\u00fcye kulland\u0131\u011f\u0131n\u0131 iddia ederek \u00f6ne \u00e7\u0131kt\u0131.<\/p>\n<p>\u0130ddialar, Khan&#8217;\u0131n ofisinin, Gazze ve \u0130\u015fgal Alt\u0131ndaki Filistin Topraklar\u0131&#8217;nda \u0130srailli yetkililer ve g\u00fc\u00e7ler taraf\u0131ndan ger\u00e7ekle\u015ftirilen sava\u015f su\u00e7lar\u0131 ve soyk\u0131r\u0131m iddialar\u0131na y\u00f6nelik bir soru\u015fturma y\u00fcr\u00fctt\u00fc\u011f\u00fc s\u0131rada geldi.<\/p>\n<p>May\u0131s 2024&#8217;te Khan, \u0130srail Ba\u015fbakan\u0131 Benjamin Netanyahu i\u00e7in tutuklama emirlerini donduraca\u011f\u0131n\u0131 duyurdu. Netanyahu ve d\u00f6nemin Savunma Bakan\u0131 Yoav Gallant, Gazze&#8217;de iddia edilen sava\u015f su\u00e7lar\u0131 ve insanl\u0131\u011fa kar\u015f\u0131 i\u015flenen su\u00e7larla ilgili &#8220;cezai sorumluluk&#8221; nedeniyle.<\/p>\n<p>R\u00f6portaj s\u0131ras\u0131nda Khan, ABD Senat\u00f6r\u00fc Lindsey Graham&#8217;\u0131n May\u0131s 2024&#8217;te yapt\u0131\u011f\u0131 konferans g\u00f6r\u00fc\u015fmesinde kendisine UCM&#8217;nin \u0130srail ve ABD gibi &#8220;demokrasi&#8221; i\u00e7in de\u011fil &#8220;Afrika ve Putin gibi haydutlar i\u00e7in&#8221; oldu\u011funu s\u00f6yledi\u011fini s\u00f6yledi.<\/p>\n<p>\u00c7erezleri deneyimi geli\u015ftirmek ve reklam g\u00f6r\u00fcnt\u00fclemek i\u00e7in kullan\u0131yoruz. (Google AdSense).<br \/>\n          &#8220;Kabul Et&#8221; se\u00e7ene\u011fine t\u0131klayarak \u00e7erezlerin a\u015fa\u011f\u0131daki \u015fartlara g\u00f6re kullan\u0131lmas\u0131n\u0131 kabul etmi\u015f olursunuz.<br \/>\n          Gizlilik Politikas\u0131<br \/>\n          ve<br \/>\n          \u00c7erez Politikas\u0131.<br \/>\n          &#8220;Reddet&#8221;i t\u0131klayarak gerekli olmayan \u00e7erezleri reddedebilirsiniz.<\/p>\n<hr style=\"margin:30px 0\">\n<p style=\"font-size:13px;color:#666\">Kaynak: <strong>prizrenpost<\/strong><\/p>\n","protected":false},"excerpt":{"rendered":"<p>Anadolu&#8217;nun haberine g\u00f6re, May\u0131s 2025&#8217;te BM&#8217;nin cinsel suiistimal iddialar\u0131na ili\u015fkin soru\u015fturmas\u0131 kapsam\u0131nda izne ayr\u0131lan Uluslararas\u0131 Ceza Mahkemesi (UCM) ba\u015fsavc\u0131s\u0131 Karim Khan, &#8220;su\u00e7lamalardan akland\u0131\u011f\u0131n\u0131&#8221; s\u00f6yledi. Khan, \u00c7ar\u015famba g\u00fcn\u00fc yay\u0131nlanan bir r\u00f6portajda Zeteo&#8217;ya, soru\u015fturmada herhangi bir &#8220;suiistimal veya yetki istismar\u0131&#8221; tespit edilmedi\u011fini ve i\u015fine d\u00f6nmesine izin verilmesi gerekti\u011fini s\u00f6yledi. &#8220;B.M. Hakimlerin bulgular\u0131n\u0131 okudum. BM raporunda 137 bulgu [&hellip;]<\/p>\n","protected":false},"author":1,"featured_media":43454,"comment_status":"open","ping_status":"open","sticky":false,"template":"","format":"standard","meta":{"footnotes":""},"categories":[24],"tags":[179],"class_list":["post-43453","post","type-post","status-publish","format-standard","has-post-thumbnail","hentry","category-dunya","tag-aktuel"],"views":4,"_links":{"self":[{"href":"https:\/\/prizrenpost.com\/tr\/wp-json\/wp\/v2\/posts\/43453","targetHints":{"allow":["GET"]}}],"collection":[{"href":"https:\/\/prizrenpost.com\/tr\/wp-json\/wp\/v2\/posts"}],"about":[{"href":"https:\/\/prizrenpost.com\/tr\/wp-json\/wp\/v2\/types\/post"}],"author":[{"embeddable":true,"href":"https:\/\/prizrenpost.com\/tr\/wp-json\/wp\/v2\/users\/1"}],"replies":[{"embeddable":true,"href":"https:\/\/prizrenpost.com\/tr\/wp-json\/wp\/v2\/comments?post=43453"}],"version-history":[{"count":1,"href":"https:\/\/prizrenpost.com\/tr\/wp-json\/wp\/v2\/posts\/43453\/revisions"}],"predecessor-version":[{"id":43455,"href":"https:\/\/prizrenpost.com\/tr\/wp-json\/wp\/v2\/posts\/43453\/revisions\/43455"}],"wp:featuredmedia":[{"embeddable":true,"href":"https:\/\/prizrenpost.com\/tr\/wp-json\/wp\/v2\/media\/43454"}],"wp:attachment":[{"href":"https:\/\/prizrenpost.com\/tr\/wp-json\/wp\/v2\/media?parent=43453"}],"wp:term":[{"taxonomy":"category","embeddable":true,"href":"https:\/\/prizrenpost.com\/tr\/wp-json\/wp\/v2\/categories?post=43453"},{"taxonomy":"post_tag","embeddable":true,"href":"https:\/\/prizrenpost.com\/tr\/wp-json\/wp\/v2\/tags?post=43453"}],"curies":[{"name":"wp","href":"https:\/\/api.w.org\/{rel}","templated":true}]}}