{"id":43462,"date":"2026-04-30T17:06:51","date_gmt":"2026-04-30T15:06:51","guid":{"rendered":"https:\/\/prizrenpost.com\/tr\/etkili-hapis-cezasini-cektikten-sonra-aranan-prizrenli-adam-tutuklandi\/"},"modified":"2026-04-30T17:06:52","modified_gmt":"2026-04-30T15:06:52","slug":"etkili-hapis-cezasini-cektikten-sonra-aranan-prizrenli-adam-tutuklandi","status":"publish","type":"post","link":"https:\/\/prizrenpost.com\/tr\/etkili-hapis-cezasini-cektikten-sonra-aranan-prizrenli-adam-tutuklandi\/","title":{"rendered":"Etkili hapis cezas\u0131n\u0131 \u00e7ektikten sonra aranan Prizrenli adam tutukland\u0131"},"content":{"rendered":"<p><img decoding=\"async\" src=\"https:\/\/prizrenpost.com\/tr\/wp-content\/uploads\/2026\/04\/1570807731_arrestim-1.jpg\" style=\"width:100%;height:auto;margin-bottom:20px\"><\/p>\n<p>Kosova polisi, 1 y\u0131l fiili hapis cezas\u0131na \u00e7arpt\u0131r\u0131ld\u0131ktan sonra aranan bir ki\u015fiyi Prizren&#8217;de tutuklad\u0131\u011f\u0131n\u0131 duyurdu.<\/p>\n<p>Bu ceza, a\u011f\u0131rla\u015ft\u0131r\u0131lm\u0131\u015f h\u0131rs\u0131zl\u0131\u011fa te\u015febb\u00fcs su\u00e7undan dolay\u0131 verildi.<\/p>\n<p>&#8220;29.04.2026 tarihinde, Prizren Karakolu Emirlerini Uygulama Birimi polisleri, operasyonel-soru\u015fturma i\u015flemlerinin ard\u0131ndan taktik-operasyonel bir yakla\u015f\u0131mla hareket ettiler. planla Prizrenli erkek \u015f\u00fcpheli N.R.&#8217;yi bulup tutuklamay\u0131 ba\u015fard\u0131lar. Prizren Temel Mahkemesi&#8217;nin kesin karar\u0131yla bir (1) y\u0131l hapis cezas\u0131na \u00e7arpt\u0131r\u0131ld\u0131ktan sonra aran\u0131yordu.<\/p>\n<p>Duyuruya g\u00f6re, tutuklanan N.R. \u00f6nce Prizren&#8217;deki Polis Karakoluna getirildi ve ard\u0131ndan cezas\u0131n\u0131 \u00e7ekmek i\u00e7in cezaevine g\u00f6nderildi. AdSense).<br \/>\n          &#8220;Kabul Et&#8221; se\u00e7ene\u011fine t\u0131klayarak \u00e7erezlerin a\u015fa\u011f\u0131daki \u015fartlara g\u00f6re kullan\u0131lmas\u0131n\u0131 kabul etmi\u015f olursunuz.<br \/>\n          Gizlilik Politikas\u0131<br \/>\n          ve<br \/>\n          \u00c7erez Politikas\u0131.<br \/>\n          &#8220;Reddet&#8221;i t\u0131klayarak gerekli olmayan \u00e7erezleri reddedebilirsiniz.<\/p>\n<hr style=\"margin:30px 0\">\n<p style=\"font-size:13px;color:#666\">Kaynak: <strong>prizrenpost<\/strong><\/p>\n","protected":false},"excerpt":{"rendered":"<p>Kosova polisi, 1 y\u0131l fiili hapis cezas\u0131na \u00e7arpt\u0131r\u0131ld\u0131ktan sonra aranan bir ki\u015fiyi Prizren&#8217;de tutuklad\u0131\u011f\u0131n\u0131 duyurdu. Bu ceza, a\u011f\u0131rla\u015ft\u0131r\u0131lm\u0131\u015f h\u0131rs\u0131zl\u0131\u011fa te\u015febb\u00fcs su\u00e7undan dolay\u0131 verildi. &#8220;29.04.2026 tarihinde, Prizren Karakolu Emirlerini Uygulama Birimi polisleri, operasyonel-soru\u015fturma i\u015flemlerinin ard\u0131ndan taktik-operasyonel bir yakla\u015f\u0131mla hareket ettiler. planla Prizrenli erkek \u015f\u00fcpheli N.R.&#8217;yi bulup tutuklamay\u0131 ba\u015fard\u0131lar. Prizren Temel Mahkemesi&#8217;nin kesin karar\u0131yla bir (1) y\u0131l [&hellip;]<\/p>\n","protected":false},"author":1,"featured_media":43463,"comment_status":"open","ping_status":"open","sticky":false,"template":"","format":"standard","meta":{"footnotes":""},"categories":[17],"tags":[],"class_list":["post-43462","post","type-post","status-publish","format-standard","has-post-thumbnail","hentry","category-adli"],"views":5,"_links":{"self":[{"href":"https:\/\/prizrenpost.com\/tr\/wp-json\/wp\/v2\/posts\/43462","targetHints":{"allow":["GET"]}}],"collection":[{"href":"https:\/\/prizrenpost.com\/tr\/wp-json\/wp\/v2\/posts"}],"about":[{"href":"https:\/\/prizrenpost.com\/tr\/wp-json\/wp\/v2\/types\/post"}],"author":[{"embeddable":true,"href":"https:\/\/prizrenpost.com\/tr\/wp-json\/wp\/v2\/users\/1"}],"replies":[{"embeddable":true,"href":"https:\/\/prizrenpost.com\/tr\/wp-json\/wp\/v2\/comments?post=43462"}],"version-history":[{"count":1,"href":"https:\/\/prizrenpost.com\/tr\/wp-json\/wp\/v2\/posts\/43462\/revisions"}],"predecessor-version":[{"id":43464,"href":"https:\/\/prizrenpost.com\/tr\/wp-json\/wp\/v2\/posts\/43462\/revisions\/43464"}],"wp:featuredmedia":[{"embeddable":true,"href":"https:\/\/prizrenpost.com\/tr\/wp-json\/wp\/v2\/media\/43463"}],"wp:attachment":[{"href":"https:\/\/prizrenpost.com\/tr\/wp-json\/wp\/v2\/media?parent=43462"}],"wp:term":[{"taxonomy":"category","embeddable":true,"href":"https:\/\/prizrenpost.com\/tr\/wp-json\/wp\/v2\/categories?post=43462"},{"taxonomy":"post_tag","embeddable":true,"href":"https:\/\/prizrenpost.com\/tr\/wp-json\/wp\/v2\/tags?post=43462"}],"curies":[{"name":"wp","href":"https:\/\/api.w.org\/{rel}","templated":true}]}}