{"id":43477,"date":"2026-04-30T17:45:43","date_gmt":"2026-04-30T15:45:43","guid":{"rendered":"https:\/\/prizrenpost.com\/tr\/irlanda-gazzeye-yardim-filosunun-durdurulmasinin-ardindan-bazi-vatandaslarinin-gozaltina-alindigini-duyurdu\/"},"modified":"2026-04-30T17:45:44","modified_gmt":"2026-04-30T15:45:44","slug":"irlanda-gazzeye-yardim-filosunun-durdurulmasinin-ardindan-bazi-vatandaslarinin-gozaltina-alindigini-duyurdu","status":"publish","type":"post","link":"https:\/\/prizrenpost.com\/tr\/irlanda-gazzeye-yardim-filosunun-durdurulmasinin-ardindan-bazi-vatandaslarinin-gozaltina-alindigini-duyurdu\/","title":{"rendered":"\u0130rlanda, Gazze&#8217;ye yard\u0131m filosunun durdurulmas\u0131n\u0131n ard\u0131ndan baz\u0131 vatanda\u015flar\u0131n\u0131n g\u00f6zalt\u0131na al\u0131nd\u0131\u011f\u0131n\u0131 duyurdu"},"content":{"rendered":"<p><img decoding=\"async\" src=\"https:\/\/prizrenpost.com\/tr\/wp-content\/uploads\/2026\/04\/thumbs_b_c_b8a001bb281b541abbc19f77786f2566.jpg\" style=\"width:100%;height:auto;margin-bottom:20px\"><\/p>\n<p>\u0130rlanda bug\u00fcn, Sumud Global Filosu&#8217;ndan Gazze&#8217;ye giden \u00e7ok say\u0131da geminin durduruldu\u011funu ve \u0130srail&#8217;in konvoyu hedef alan operasyonu sonras\u0131nda baz\u0131 \u0130rlanda vatanda\u015flar\u0131n\u0131n g\u00f6zalt\u0131na al\u0131nd\u0131\u011f\u0131n\u0131 bildirdi.<\/p>\n<p>D\u0131\u015fi\u015fleri ve Ticaret Bakanl\u0131\u011f\u0131 yetkilileri, durumu yak\u0131ndan izlediklerini ve ilgili makamlarla i\u015fbirli\u011fi yapt\u0131klar\u0131n\u0131 s\u00f6yledi.<\/p>\n<p>&#8220;Bir\u00e7ok geminin al\u0131kondu\u011funun ve \u00e7ok say\u0131da \u0130rlanda vatanda\u015f\u0131n\u0131n g\u00f6zalt\u0131na al\u0131nd\u0131\u011f\u0131n\u0131n fark\u0131nday\u0131z. Bakanl\u0131k, durumdan etkilenen \u0130rlandal\u0131lara konsolosluk yard\u0131m\u0131 sa\u011flayacak. S\u00f6zc\u00fc, &#8220;Gazze ablukas\u0131n\u0131 k\u0131rmay\u0131 ve yard\u0131m ula\u015ft\u0131rmay\u0131 ama\u00e7layan bir insani yard\u0131m konvoyu olan K\u00fcresel Filotilla Sumud, 2026 bahar misyonu kapsam\u0131nda 12 Nisan&#8217;da Barselona&#8217;dan yola \u00e7\u0131kt\u0131.<\/p>\n<p>Filo daha sonra 26 Nisan&#8217;da Sicilya&#8217;dan kalkan ek gemilerle geni\u015fletildi. Filo yetkilileri, konvoya 39 \u00fclkeden 345 kat\u0131l\u0131mc\u0131n\u0131n dahil oldu\u011funu s\u00f6yledi.<\/p>\n<p>Operasyonun \u00c7ar\u015famba g\u00fcn\u00fc ge\u00e7 saatlerde ger\u00e7ekle\u015fti\u011fini s\u00f6ylediler. Gazze&#8217;den yakla\u015f\u0131k 600 deniz mili uzakl\u0131ktaki Yunanistan&#8217;\u0131n Girit adas\u0131 yak\u0131nlar\u0131nda uluslararas\u0131 sularda \u0130srail kuvvetleri aktivistleri ta\u015f\u0131yan gemilere m\u00fcdahale etti.<\/p>\n<p>Organizat\u00f6rlere g\u00f6re \u0130srail g\u00fc\u00e7leri 21 gemiye el koyarken 17 gemi Yunan sular\u0131na girmeye devam etti. ve son g\u00fcncelleme s\u0131ras\u0131nda 14 ki\u015fi daha h\u00e2l\u00e2 onlara do\u011fru yelken a\u00e7\u0131yordu. Gemideki ki\u015filerin durumu belirsizli\u011fini koruyor.<\/p>\n<p>Tecr\u00fcbeyi geli\u015ftirmek ve reklam g\u00f6r\u00fcnt\u00fclemek (Google AdSense) i\u00e7in \u00e7erezleri kullan\u0131yoruz.<br \/>\n          &#8220;Kabul Et&#8221; se\u00e7ene\u011fine t\u0131klayarak \u00e7erezlerin a\u015fa\u011f\u0131daki \u015fartlara g\u00f6re kullan\u0131lmas\u0131n\u0131 kabul etmi\u015f olursunuz.<br \/>\n          Gizlilik Politikas\u0131<br \/>\n          ve<br \/>\n          \u00c7erez Politikas\u0131.<br \/>\n          &#8220;Reddet&#8221;i t\u0131klayarak gerekli olmayan \u00e7erezleri reddedebilirsiniz.<\/p>\n<hr style=\"margin:30px 0\">\n<p style=\"font-size:13px;color:#666\">Kaynak: <strong>prizrenpost<\/strong><\/p>\n","protected":false},"excerpt":{"rendered":"<p>\u0130rlanda bug\u00fcn, Sumud Global Filosu&#8217;ndan Gazze&#8217;ye giden \u00e7ok say\u0131da geminin durduruldu\u011funu ve \u0130srail&#8217;in konvoyu hedef alan operasyonu sonras\u0131nda baz\u0131 \u0130rlanda vatanda\u015flar\u0131n\u0131n g\u00f6zalt\u0131na al\u0131nd\u0131\u011f\u0131n\u0131 bildirdi. D\u0131\u015fi\u015fleri ve Ticaret Bakanl\u0131\u011f\u0131 yetkilileri, durumu yak\u0131ndan izlediklerini ve ilgili makamlarla i\u015fbirli\u011fi yapt\u0131klar\u0131n\u0131 s\u00f6yledi. &#8220;Bir\u00e7ok geminin al\u0131kondu\u011funun ve \u00e7ok say\u0131da \u0130rlanda vatanda\u015f\u0131n\u0131n g\u00f6zalt\u0131na al\u0131nd\u0131\u011f\u0131n\u0131n fark\u0131nday\u0131z. Bakanl\u0131k, durumdan etkilenen \u0130rlandal\u0131lara konsolosluk yard\u0131m\u0131 [&hellip;]<\/p>\n","protected":false},"author":1,"featured_media":43478,"comment_status":"open","ping_status":"open","sticky":false,"template":"","format":"standard","meta":{"footnotes":""},"categories":[24],"tags":[179],"class_list":["post-43477","post","type-post","status-publish","format-standard","has-post-thumbnail","hentry","category-dunya","tag-aktuel"],"views":3,"_links":{"self":[{"href":"https:\/\/prizrenpost.com\/tr\/wp-json\/wp\/v2\/posts\/43477","targetHints":{"allow":["GET"]}}],"collection":[{"href":"https:\/\/prizrenpost.com\/tr\/wp-json\/wp\/v2\/posts"}],"about":[{"href":"https:\/\/prizrenpost.com\/tr\/wp-json\/wp\/v2\/types\/post"}],"author":[{"embeddable":true,"href":"https:\/\/prizrenpost.com\/tr\/wp-json\/wp\/v2\/users\/1"}],"replies":[{"embeddable":true,"href":"https:\/\/prizrenpost.com\/tr\/wp-json\/wp\/v2\/comments?post=43477"}],"version-history":[{"count":1,"href":"https:\/\/prizrenpost.com\/tr\/wp-json\/wp\/v2\/posts\/43477\/revisions"}],"predecessor-version":[{"id":43479,"href":"https:\/\/prizrenpost.com\/tr\/wp-json\/wp\/v2\/posts\/43477\/revisions\/43479"}],"wp:featuredmedia":[{"embeddable":true,"href":"https:\/\/prizrenpost.com\/tr\/wp-json\/wp\/v2\/media\/43478"}],"wp:attachment":[{"href":"https:\/\/prizrenpost.com\/tr\/wp-json\/wp\/v2\/media?parent=43477"}],"wp:term":[{"taxonomy":"category","embeddable":true,"href":"https:\/\/prizrenpost.com\/tr\/wp-json\/wp\/v2\/categories?post=43477"},{"taxonomy":"post_tag","embeddable":true,"href":"https:\/\/prizrenpost.com\/tr\/wp-json\/wp\/v2\/tags?post=43477"}],"curies":[{"name":"wp","href":"https:\/\/api.w.org\/{rel}","templated":true}]}}