{"id":43480,"date":"2026-04-30T18:10:49","date_gmt":"2026-04-30T16:10:49","guid":{"rendered":"https:\/\/prizrenpost.com\/tr\/ingiltere-deniz-yoluyla-yardim-gonderme-girisimleri-gazzedeki-insani-durumun-vahim-oldugunu-gosteriyor\/"},"modified":"2026-04-30T18:10:49","modified_gmt":"2026-04-30T16:10:49","slug":"ingiltere-deniz-yoluyla-yardim-gonderme-girisimleri-gazzedeki-insani-durumun-vahim-oldugunu-gosteriyor","status":"publish","type":"post","link":"https:\/\/prizrenpost.com\/tr\/ingiltere-deniz-yoluyla-yardim-gonderme-girisimleri-gazzedeki-insani-durumun-vahim-oldugunu-gosteriyor\/","title":{"rendered":"\u0130ngiltere: Deniz yoluyla yard\u0131m g\u00f6nderme giri\u015fimleri Gazze&#8217;deki insani durumun vahim oldu\u011funu g\u00f6steriyor"},"content":{"rendered":"<p><img decoding=\"async\" src=\"https:\/\/prizrenpost.com\/tr\/wp-content\/uploads\/2026\/04\/thumbs_b_c_d6288c38f7eac0d5cff3336b19b15264.jpg\" style=\"width:100%;height:auto;margin-bottom:20px\"><\/p>\n<p>Birle\u015fik Krall\u0131k D\u0131\u015fi\u015fleri Bakanl\u0131\u011f\u0131 bug\u00fcn yapt\u0131\u011f\u0131 a\u00e7\u0131klamada, \u0130srail&#8217;in K\u00fcresel Filo &#8220;Sumud&#8221;a m\u00fcdahalesinin ard\u0131ndan Gazze&#8217;ye yard\u0131m g\u00f6nderme \u00e7abalar\u0131n\u0131n b\u00f6lgedeki &#8220;ciddi insani durumu&#8221; yans\u0131tt\u0131\u011f\u0131n\u0131 s\u00f6yledi. S\u00f6zc\u00fc, &#8220;Deniz yoluyla yard\u0131m g\u00f6nderme \u00e7abalar\u0131 Gazze&#8217;deki vahim insani durumu g\u00f6steriyor&#8221; dedi. S\u00f6zc\u00fc, &#8220;\u0130srail&#8217;in, 20 maddelik planda belirlenen asgari mutabakata var\u0131lan hedefler do\u011frultusunda Gazze&#8217;ye yeterli yard\u0131m\u0131n girmesine izin vermek i\u00e7in daha fazlas\u0131n\u0131 yapmas\u0131 gerekiyor&#8221; dedi.<\/p>\n<p>\u0130srail d\u0131\u015fi\u015fleri bakanl\u0131\u011f\u0131, deniz kuvvetlerinin Sumud Global&#8217;den 20&#8217;den fazla gemiyi durdurdu\u011funu ve ele ge\u00e7irdi\u011fini s\u00f6yledi. Akdeniz&#8217;in uluslararas\u0131 sular\u0131nda bulunan filoda yakla\u015f\u0131k 175 aktivist g\u00f6zalt\u0131na al\u0131nd\u0131. Olay, \u0130srail&#8217;e y\u00fczlerce deniz mili uzakl\u0131ktaki Yunanistan&#8217;\u0131n Girit adas\u0131 yak\u0131nlar\u0131nda meydana geldi.<\/p>\n<p>\u0130srail&#8217;in y\u0131llard\u0131r s\u00fcren Gazze ablukas\u0131n\u0131 k\u0131rmay\u0131 ama\u00e7layan toplam 58 gemiyle insani yard\u0131m ta\u015f\u0131yan filo, iki hafta \u00f6nce \u0130talya&#8217;n\u0131n Sicilya adas\u0131ndan yola \u00e7\u0131km\u0131\u015ft\u0131.<\/p>\n<p>\u0130srail, Gazze \u015eeridi&#8217;ne a\u011f\u0131r bir abluka uygulad\u0131. \u0130srail ordusu, 2007&#8217;den bu yana yakla\u015f\u0131k 2,4 milyonluk n\u00fcfusu a\u00e7l\u0131\u011f\u0131n e\u015fi\u011finde b\u0131rakt\u0131. \u0130srail ordusu, Ekim 2023&#8217;te Gazze&#8217;de iki y\u0131l s\u00fcren ac\u0131mas\u0131z bir sald\u0131r\u0131 ba\u015flatt\u0131, 72.000&#8217;den fazla insan\u0131 \u00f6ld\u00fcrd\u00fc, 172.000&#8217;den fazla insan\u0131 yaralad\u0131 ve ku\u015fatma alt\u0131ndaki b\u00f6lgede b\u00fcy\u00fck y\u0131k\u0131ma neden oldu.<\/p>\n<p>Tecr\u00fcbeyi geli\u015ftirmek ve reklam g\u00f6r\u00fcnt\u00fclemek i\u00e7in \u00e7erezleri kullan\u0131yoruz (Google AdSense).<br \/>\n          &#8220;Kabul Et&#8221; se\u00e7ene\u011fine t\u0131klayarak \u00e7erezlerin a\u015fa\u011f\u0131daki \u015fartlara g\u00f6re kullan\u0131lmas\u0131n\u0131 kabul etmi\u015f olursunuz.<br \/>\n          Gizlilik Politikas\u0131<br \/>\n          ve<br \/>\n          \u00c7erez Politikas\u0131.<br \/>\n          &#8220;Reddet&#8221;i t\u0131klayarak gerekli olmayan \u00e7erezleri reddedebilirsiniz.<\/p>\n<hr style=\"margin:30px 0\">\n<p style=\"font-size:13px;color:#666\">Kaynak: <strong>prizrenpost<\/strong><\/p>\n","protected":false},"excerpt":{"rendered":"<p>Birle\u015fik Krall\u0131k D\u0131\u015fi\u015fleri Bakanl\u0131\u011f\u0131 bug\u00fcn yapt\u0131\u011f\u0131 a\u00e7\u0131klamada, \u0130srail&#8217;in K\u00fcresel Filo &#8220;Sumud&#8221;a m\u00fcdahalesinin ard\u0131ndan Gazze&#8217;ye yard\u0131m g\u00f6nderme \u00e7abalar\u0131n\u0131n b\u00f6lgedeki &#8220;ciddi insani durumu&#8221; yans\u0131tt\u0131\u011f\u0131n\u0131 s\u00f6yledi. S\u00f6zc\u00fc, &#8220;Deniz yoluyla yard\u0131m g\u00f6nderme \u00e7abalar\u0131 Gazze&#8217;deki vahim insani durumu g\u00f6steriyor&#8221; dedi. S\u00f6zc\u00fc, &#8220;\u0130srail&#8217;in, 20 maddelik planda belirlenen asgari mutabakata var\u0131lan hedefler do\u011frultusunda Gazze&#8217;ye yeterli yard\u0131m\u0131n girmesine izin vermek i\u00e7in daha fazlas\u0131n\u0131 [&hellip;]<\/p>\n","protected":false},"author":1,"featured_media":43481,"comment_status":"open","ping_status":"open","sticky":false,"template":"","format":"standard","meta":{"footnotes":""},"categories":[24],"tags":[179],"class_list":["post-43480","post","type-post","status-publish","format-standard","has-post-thumbnail","hentry","category-dunya","tag-aktuel"],"views":5,"_links":{"self":[{"href":"https:\/\/prizrenpost.com\/tr\/wp-json\/wp\/v2\/posts\/43480","targetHints":{"allow":["GET"]}}],"collection":[{"href":"https:\/\/prizrenpost.com\/tr\/wp-json\/wp\/v2\/posts"}],"about":[{"href":"https:\/\/prizrenpost.com\/tr\/wp-json\/wp\/v2\/types\/post"}],"author":[{"embeddable":true,"href":"https:\/\/prizrenpost.com\/tr\/wp-json\/wp\/v2\/users\/1"}],"replies":[{"embeddable":true,"href":"https:\/\/prizrenpost.com\/tr\/wp-json\/wp\/v2\/comments?post=43480"}],"version-history":[{"count":1,"href":"https:\/\/prizrenpost.com\/tr\/wp-json\/wp\/v2\/posts\/43480\/revisions"}],"predecessor-version":[{"id":43482,"href":"https:\/\/prizrenpost.com\/tr\/wp-json\/wp\/v2\/posts\/43480\/revisions\/43482"}],"wp:featuredmedia":[{"embeddable":true,"href":"https:\/\/prizrenpost.com\/tr\/wp-json\/wp\/v2\/media\/43481"}],"wp:attachment":[{"href":"https:\/\/prizrenpost.com\/tr\/wp-json\/wp\/v2\/media?parent=43480"}],"wp:term":[{"taxonomy":"category","embeddable":true,"href":"https:\/\/prizrenpost.com\/tr\/wp-json\/wp\/v2\/categories?post=43480"},{"taxonomy":"post_tag","embeddable":true,"href":"https:\/\/prizrenpost.com\/tr\/wp-json\/wp\/v2\/tags?post=43480"}],"curies":[{"name":"wp","href":"https:\/\/api.w.org\/{rel}","templated":true}]}}