{"id":43507,"date":"2026-04-30T20:55:36","date_gmt":"2026-04-30T18:55:36","guid":{"rendered":"https:\/\/prizrenpost.com\/tr\/sirbistan-ve-cek-cumhuriyeti-bircok-alanda-isbirliginin-guclendirilmesi-konusunda-uyardi\/"},"modified":"2026-04-30T20:55:37","modified_gmt":"2026-04-30T18:55:37","slug":"sirbistan-ve-cek-cumhuriyeti-bircok-alanda-isbirliginin-guclendirilmesi-konusunda-uyardi","status":"publish","type":"post","link":"https:\/\/prizrenpost.com\/tr\/sirbistan-ve-cek-cumhuriyeti-bircok-alanda-isbirliginin-guclendirilmesi-konusunda-uyardi\/","title":{"rendered":"S\u0131rbistan ve \u00c7ek Cumhuriyeti bir\u00e7ok alanda i\u015fbirli\u011finin g\u00fc\u00e7lendirilmesi konusunda uyard\u0131"},"content":{"rendered":"<p><img decoding=\"async\" src=\"https:\/\/prizrenpost.com\/tr\/wp-content\/uploads\/2026\/04\/thumbs_b_c_f11da88212ff02dfccc533d8eee8e741.jpg\" style=\"width:100%;height:auto;margin-bottom:20px\"><\/p>\n<p>S\u0131rbistan Cumhurba\u015fkan\u0131 Aleksandar Vu\u010di\u0107, Belgrad&#8217;da \u00c7ek Parlamentosu Temsilciler Meclisi Ba\u015fkan\u0131 Tomio Okamura ile bir araya gelerek ikili ili\u015fkilerin geli\u015ftirilmesi ve parlamenter i\u015fbirli\u011finin g\u00fc\u00e7lendirilmesi konular\u0131n\u0131 ele ald\u0131.<\/p>\n<p>Vu\u010di\u0107, toplant\u0131da her iki \u00fclke i\u00e7in \u00f6nem ta\u015f\u0131yan t\u00fcm konular\u0131n ele al\u0131nd\u0131\u011f\u0131n\u0131 vurgulayarak, son y\u0131llarda ticari al\u0131\u015fveri\u015fin, hizmet ticaretinin ve \u00c7ek Cumhuriyeti&#8217;nin giri\u015finin artmas\u0131yla ekonomik i\u015fbirli\u011finin dinamik bir \u015fekilde geli\u015fti\u011finin alt\u0131n\u0131 \u00e7izdi. <\/p>\n<p>Her iki taraf\u0131n da enerji ve madencilik, ula\u015ft\u0131rma ve altyap\u0131, tar\u0131m, turizm ve otomotiv end\u00fcstrisi alanlar\u0131nda i\u015fbirli\u011fini ilerletmeye devam edece\u011fini vurgulad\u0131.<\/p>\n<p>Vu\u010di\u0107 ayr\u0131ca Okamura ile S\u0131rbistan&#8217;\u0131n Avrupa yolu hakk\u0131nda konu\u015ftu\u011funu da s\u00f6zlerine ekledi ve hem ikili olarak hem de Bat\u0131 Balkanlar&#8217;\u0131n geni\u015flemesini ve istikrar\u0131n\u0131 destekleyen Avrupa giri\u015fimleri \u00e7er\u00e7evesinde s\u00fcrekli deste\u011fi i\u00e7in \u00c7ek Cumhuriyeti&#8217;ne te\u015fekk\u00fcr etti.<\/p>\n<p>Vu\u010di\u0107 ayr\u0131ca &#8220;durumla ilgili&#8221; anlay\u0131\u015ftan dolay\u0131 \u015f\u00fckranlar\u0131n\u0131 dile getirdi. Kosova&#8217;da&#8221; ve S\u0131rp halk\u0131na kar\u015f\u0131 dostane tutumundan dolay\u0131. Toplant\u0131 s\u0131ras\u0131nda S\u0131rbistan cumhurba\u015fkan\u0131, ba\u015fkentin h\u0131zland\u0131r\u0131lm\u0131\u015f modernizasyonunun sembol\u00fc olarak tan\u0131mlad\u0131\u011f\u0131 &#8220;Belgrad Su \u00dczerinde&#8221; projesini de Okamura&#8217;ya sundu.<\/p>\n<p>S\u0131rbistan&#8217;\u0131n, \u00c7ek Cumhuriyeti&#8217;nin &#8220;EXPO 2027&#8243;ye kat\u0131lma karar\u0131n\u0131 memnuniyetle kar\u015f\u0131lad\u0131\u011f\u0131n\u0131 ve bunu iyi ili\u015fkilerin ve ekonomik, yenilik\u00e7i ve k\u00fclt\u00fcrel ba\u011flar\u0131n g\u00fc\u00e7lendirilmesine y\u00f6nelik ortak kararl\u0131l\u0131\u011f\u0131n teyidi olarak de\u011ferlendirdi\u011fini ekledi.<\/p>\n<p>Tecr\u00fcbeyi geli\u015ftirmek ve reklam g\u00f6r\u00fcnt\u00fclemek i\u00e7in \u00e7erezleri kullan\u0131yoruz. (Google AdSense).<br \/>\n          &#8220;Kabul Et&#8221; se\u00e7ene\u011fine t\u0131klayarak \u00e7erezlerin a\u015fa\u011f\u0131daki \u015fartlara g\u00f6re kullan\u0131lmas\u0131n\u0131 kabul etmi\u015f olursunuz.<br \/>\n          Gizlilik Politikas\u0131<br \/>\n          ve<br \/>\n          \u00c7erez Politikas\u0131.<br \/>\n          &#8220;Reddet&#8221;i t\u0131klayarak gerekli olmayan \u00e7erezleri reddedebilirsiniz.<\/p>\n<hr style=\"margin:30px 0\">\n<p style=\"font-size:13px;color:#666\">Kaynak: <strong>prizrenpost<\/strong><\/p>\n","protected":false},"excerpt":{"rendered":"<p>S\u0131rbistan Cumhurba\u015fkan\u0131 Aleksandar Vu\u010di\u0107, Belgrad&#8217;da \u00c7ek Parlamentosu Temsilciler Meclisi Ba\u015fkan\u0131 Tomio Okamura ile bir araya gelerek ikili ili\u015fkilerin geli\u015ftirilmesi ve parlamenter i\u015fbirli\u011finin g\u00fc\u00e7lendirilmesi konular\u0131n\u0131 ele ald\u0131. Vu\u010di\u0107, toplant\u0131da her iki \u00fclke i\u00e7in \u00f6nem ta\u015f\u0131yan t\u00fcm konular\u0131n ele al\u0131nd\u0131\u011f\u0131n\u0131 vurgulayarak, son y\u0131llarda ticari al\u0131\u015fveri\u015fin, hizmet ticaretinin ve \u00c7ek Cumhuriyeti&#8217;nin giri\u015finin artmas\u0131yla ekonomik i\u015fbirli\u011finin dinamik bir \u015fekilde [&hellip;]<\/p>\n","protected":false},"author":1,"featured_media":43508,"comment_status":"open","ping_status":"open","sticky":false,"template":"","format":"standard","meta":{"footnotes":""},"categories":[24],"tags":[179],"class_list":["post-43507","post","type-post","status-publish","format-standard","has-post-thumbnail","hentry","category-dunya","tag-aktuel"],"views":5,"_links":{"self":[{"href":"https:\/\/prizrenpost.com\/tr\/wp-json\/wp\/v2\/posts\/43507","targetHints":{"allow":["GET"]}}],"collection":[{"href":"https:\/\/prizrenpost.com\/tr\/wp-json\/wp\/v2\/posts"}],"about":[{"href":"https:\/\/prizrenpost.com\/tr\/wp-json\/wp\/v2\/types\/post"}],"author":[{"embeddable":true,"href":"https:\/\/prizrenpost.com\/tr\/wp-json\/wp\/v2\/users\/1"}],"replies":[{"embeddable":true,"href":"https:\/\/prizrenpost.com\/tr\/wp-json\/wp\/v2\/comments?post=43507"}],"version-history":[{"count":1,"href":"https:\/\/prizrenpost.com\/tr\/wp-json\/wp\/v2\/posts\/43507\/revisions"}],"predecessor-version":[{"id":43509,"href":"https:\/\/prizrenpost.com\/tr\/wp-json\/wp\/v2\/posts\/43507\/revisions\/43509"}],"wp:featuredmedia":[{"embeddable":true,"href":"https:\/\/prizrenpost.com\/tr\/wp-json\/wp\/v2\/media\/43508"}],"wp:attachment":[{"href":"https:\/\/prizrenpost.com\/tr\/wp-json\/wp\/v2\/media?parent=43507"}],"wp:term":[{"taxonomy":"category","embeddable":true,"href":"https:\/\/prizrenpost.com\/tr\/wp-json\/wp\/v2\/categories?post=43507"},{"taxonomy":"post_tag","embeddable":true,"href":"https:\/\/prizrenpost.com\/tr\/wp-json\/wp\/v2\/tags?post=43507"}],"curies":[{"name":"wp","href":"https:\/\/api.w.org\/{rel}","templated":true}]}}