{"id":43513,"date":"2026-04-30T21:55:28","date_gmt":"2026-04-30T19:55:28","guid":{"rendered":"https:\/\/prizrenpost.com\/tr\/bm-israilin-gazze-filosuna-yonelik-yasagi-son-derece-endise-verici\/"},"modified":"2026-04-30T21:55:29","modified_gmt":"2026-04-30T19:55:29","slug":"bm-israilin-gazze-filosuna-yonelik-yasagi-son-derece-endise-verici","status":"publish","type":"post","link":"https:\/\/prizrenpost.com\/tr\/bm-israilin-gazze-filosuna-yonelik-yasagi-son-derece-endise-verici\/","title":{"rendered":"BM: \u0130srail&#8217;in Gazze filosuna y\u00f6nelik yasa\u011f\u0131 &#8220;son derece endi\u015fe verici&#8221;"},"content":{"rendered":"<p><img decoding=\"async\" src=\"https:\/\/prizrenpost.com\/tr\/wp-content\/uploads\/2026\/04\/thumbs_b_c_cb95c96ded3c558312b9da9d52e788bb.jpg\" style=\"width:100%;height:auto;margin-bottom:20px\"><\/p>\n<p>Anadolu&#8217;nun haberine g\u00f6re BM, \u0130srail&#8217;in k\u00fcresel insani yard\u0131m filosu Sumud&#8217;u uluslararas\u0131 sularda al\u0131koymas\u0131ndan duydu\u011fu endi\u015feyi dile getirerek, t\u00fcm taraflar\u0131 uluslararas\u0131 hukuka sayg\u0131 duymaya ve daha geni\u015f insani yard\u0131m eri\u015fimine izin vermeye \u00e7a\u011f\u0131rd\u0131.<\/p>\n<p>BM s\u00f6zc\u00fcs\u00fc Stephane gazetecilere verdi\u011fi deme\u00e7te, &#8220;Bu operasyonun ger\u00e7ekle\u015ftirilme \u015fekli son derece rahats\u0131z edici. Herkes uluslararas\u0131 hukuk kapsam\u0131ndaki y\u00fck\u00fcml\u00fcl\u00fcklerini yerine getirmelidir.&#8221; Dujarric.<\/p>\n<p>&#8220;Kimsenin incinmesini istemiyoruz ama d\u00fcr\u00fcst olal\u0131m, t\u00fcm bunlar\u0131n \u00e7\u00f6z\u00fcm\u00fc daha insani bir yakla\u015f\u0131mdan ge\u00e7iyor&#8221; diye ekledi.<\/p>\n<p>\u0130srail D\u0131\u015fi\u015fleri Bakanl\u0131\u011f\u0131, deniz kuvvetlerinin Akdeniz&#8217;deki uluslararas\u0131 sularda Sumud K\u00fcresel Filosu&#8217;na ait 20&#8217;den fazla gemiyi durdurup ele ge\u00e7irdi\u011fini ve gemideki yakla\u015f\u0131k 175 aktivisti g\u00f6zalt\u0131na ald\u0131\u011f\u0131n\u0131 s\u00f6yledi. Sald\u0131r\u0131, \u0130srail&#8217;den y\u00fczlerce deniz mili (1.000 kilometreden fazla) uzakl\u0131ktaki Yunanistan&#8217;\u0131n Girit adas\u0131 yak\u0131n\u0131nda ger\u00e7ekle\u015fti.<\/p>\n<p>\u0130nsani yard\u0131m ta\u015f\u0131yan filo, iki hafta \u00f6nce \u0130talya&#8217;n\u0131n Sicilya adas\u0131ndan yola \u00e7\u0131kt\u0131 ve toplam 58 gemi, \u0130srail&#8217;in y\u0131llard\u0131r s\u00fcren Gazze ablukas\u0131n\u0131 k\u0131rmay\u0131 hedefliyordu.<\/p>\n<p>\u0130srail, Gazze \u015eeridi&#8217;ne 2007&#8217;den bu yana abluka uygulayarak halk\u0131n\u0131 geride b\u0131rakt\u0131. 2,4 milyon ki\u015fi a\u00e7l\u0131\u011f\u0131n e\u015fi\u011finde.<\/p>\n<p>\u0130srail ordusu Ekim 2023&#8217;te Gazze&#8217;de iki y\u0131ll\u0131k bir sald\u0131r\u0131 ba\u015flatt\u0131, 72.000&#8217;den fazla insan\u0131 \u00f6ld\u00fcrd\u00fc, 172.000&#8217;den fazla insan\u0131 yaralad\u0131 ve b\u00f6lgede geni\u015f \u00e7apta y\u0131k\u0131ma neden oldu.<\/p>\n<p>Tecr\u00fcbeyi geli\u015ftirmek ve reklam g\u00f6r\u00fcnt\u00fclemek i\u00e7in \u00e7erezleri kullan\u0131yoruz (Google AdSense).<br \/>\n          &#8220;Kabul Et&#8221; se\u00e7ene\u011fine t\u0131klayarak \u00e7erezlerin a\u015fa\u011f\u0131daki \u015fartlara g\u00f6re kullan\u0131lmas\u0131n\u0131 kabul etmi\u015f olursunuz.<br \/>\n          Gizlilik Politikas\u0131<br \/>\n          ve<br \/>\n          \u00c7erez Politikas\u0131.<br \/>\n          &#8220;Reddet&#8221;i t\u0131klayarak gerekli olmayan \u00e7erezleri reddedebilirsiniz.<\/p>\n<hr style=\"margin:30px 0\">\n<p style=\"font-size:13px;color:#666\">Kaynak: <strong>prizrenpost<\/strong><\/p>\n","protected":false},"excerpt":{"rendered":"<p>Anadolu&#8217;nun haberine g\u00f6re BM, \u0130srail&#8217;in k\u00fcresel insani yard\u0131m filosu Sumud&#8217;u uluslararas\u0131 sularda al\u0131koymas\u0131ndan duydu\u011fu endi\u015feyi dile getirerek, t\u00fcm taraflar\u0131 uluslararas\u0131 hukuka sayg\u0131 duymaya ve daha geni\u015f insani yard\u0131m eri\u015fimine izin vermeye \u00e7a\u011f\u0131rd\u0131. BM s\u00f6zc\u00fcs\u00fc Stephane gazetecilere verdi\u011fi deme\u00e7te, &#8220;Bu operasyonun ger\u00e7ekle\u015ftirilme \u015fekli son derece rahats\u0131z edici. Herkes uluslararas\u0131 hukuk kapsam\u0131ndaki y\u00fck\u00fcml\u00fcl\u00fcklerini yerine getirmelidir.&#8221; Dujarric. &#8220;Kimsenin [&hellip;]<\/p>\n","protected":false},"author":1,"featured_media":43514,"comment_status":"open","ping_status":"open","sticky":false,"template":"","format":"standard","meta":{"footnotes":""},"categories":[24],"tags":[179],"class_list":["post-43513","post","type-post","status-publish","format-standard","has-post-thumbnail","hentry","category-dunya","tag-aktuel"],"views":4,"_links":{"self":[{"href":"https:\/\/prizrenpost.com\/tr\/wp-json\/wp\/v2\/posts\/43513","targetHints":{"allow":["GET"]}}],"collection":[{"href":"https:\/\/prizrenpost.com\/tr\/wp-json\/wp\/v2\/posts"}],"about":[{"href":"https:\/\/prizrenpost.com\/tr\/wp-json\/wp\/v2\/types\/post"}],"author":[{"embeddable":true,"href":"https:\/\/prizrenpost.com\/tr\/wp-json\/wp\/v2\/users\/1"}],"replies":[{"embeddable":true,"href":"https:\/\/prizrenpost.com\/tr\/wp-json\/wp\/v2\/comments?post=43513"}],"version-history":[{"count":1,"href":"https:\/\/prizrenpost.com\/tr\/wp-json\/wp\/v2\/posts\/43513\/revisions"}],"predecessor-version":[{"id":43515,"href":"https:\/\/prizrenpost.com\/tr\/wp-json\/wp\/v2\/posts\/43513\/revisions\/43515"}],"wp:featuredmedia":[{"embeddable":true,"href":"https:\/\/prizrenpost.com\/tr\/wp-json\/wp\/v2\/media\/43514"}],"wp:attachment":[{"href":"https:\/\/prizrenpost.com\/tr\/wp-json\/wp\/v2\/media?parent=43513"}],"wp:term":[{"taxonomy":"category","embeddable":true,"href":"https:\/\/prizrenpost.com\/tr\/wp-json\/wp\/v2\/categories?post=43513"},{"taxonomy":"post_tag","embeddable":true,"href":"https:\/\/prizrenpost.com\/tr\/wp-json\/wp\/v2\/tags?post=43513"}],"curies":[{"name":"wp","href":"https:\/\/api.w.org\/{rel}","templated":true}]}}