{"id":43516,"date":"2026-04-30T22:00:30","date_gmt":"2026-04-30T20:00:30","guid":{"rendered":"https:\/\/prizrenpost.com\/tr\/turk-ve-yunan-diplomatlar-israilin-gazzeye-yardim-filosuna-yonelik-saldirisini-gorustu\/"},"modified":"2026-04-30T22:00:31","modified_gmt":"2026-04-30T20:00:31","slug":"turk-ve-yunan-diplomatlar-israilin-gazzeye-yardim-filosuna-yonelik-saldirisini-gorustu","status":"publish","type":"post","link":"https:\/\/prizrenpost.com\/tr\/turk-ve-yunan-diplomatlar-israilin-gazzeye-yardim-filosuna-yonelik-saldirisini-gorustu\/","title":{"rendered":"T\u00fcrk ve Yunan diplomatlar \u0130srail&#8217;in Gazze&#8217;ye yard\u0131m filosuna y\u00f6nelik sald\u0131r\u0131s\u0131n\u0131 g\u00f6r\u00fc\u015ft\u00fc"},"content":{"rendered":"<p><img decoding=\"async\" src=\"https:\/\/prizrenpost.com\/tr\/wp-content\/uploads\/2026\/04\/thumbs_b_c_e47ca6921998ff222f69e3d1a23857f5.jpg\" style=\"width:100%;height:auto;margin-bottom:20px\"><\/p>\n<p>Anadolu&#8217;nun haberine g\u00f6re, T\u00fcrkiye D\u0131\u015fi\u015fleri Bakan\u0131 Hakan Fidan, Yunan mevkida\u015f\u0131 Giorgos Gerapetritis ile \u0130srail&#8217;in Sumud Global Filosu&#8217;na sald\u0131r\u0131s\u0131 hakk\u0131nda g\u00f6r\u00fc\u015ft\u00fc\u011f\u00fc bir telefon g\u00f6r\u00fc\u015fmesinde.<\/p>\n<p>T\u00fcrk diplomatik kaynaklar\u0131na g\u00f6re Fidan, Gerapetritis ile telefon g\u00f6r\u00fc\u015fmesi ger\u00e7ekle\u015ftirdi ve bu s\u0131rada \u0130srail&#8217;in yard\u0131m filosuna m\u00fcdahalesi tart\u0131\u015f\u0131ld\u0131.<\/p>\n<p>Sumud Global&#8217;in 2026 y\u0131l\u0131 bahar misyonu \u0130srail&#8217;in Gazze ablukas\u0131n\u0131 k\u0131rmay\u0131 ve insani yard\u0131m ula\u015ft\u0131rmay\u0131 ama\u00e7layan filo, 12 Nisan&#8217;da Barselona&#8217;dan yola \u00e7\u0131kt\u0131.<\/p>\n<p>Filo, Sicilya&#8217;ya yapt\u0131\u011f\u0131 ek ziyaretin ard\u0131ndan 26 Nisan&#8217;da yolculu\u011funa yeniden ba\u015flad\u0131.<\/p>\n<p>29 Nisan ak\u015fam\u0131 \u0130srail g\u00fc\u00e7leri, aktivistleri ta\u015f\u0131yan gemileri hedef alarak Girit a\u00e7\u0131klar\u0131ndaki uluslararas\u0131 sulara yasad\u0131\u015f\u0131 m\u00fcdahale olarak tan\u0131mlanan bir eylem ger\u00e7ekle\u015ftirdi.<\/p>\n<p>Filo yetkililerine g\u00f6re, Gemide T\u00fcrk vatanda\u015flar\u0131 da dahil olmak \u00fczere 39 \u00fclkeden 345 kat\u0131l\u0131mc\u0131 vard\u0131.<\/p>\n<p>Eyl\u00fcl 2025&#8217;teki \u00f6nceki bir giri\u015fimde \u0130srail g\u00fc\u00e7leri, Sumud Global Filosu&#8217;nu Akdeniz&#8217;deki uluslararas\u0131 sularda durdurarak aktivistleri g\u00f6zalt\u0131na ald\u0131 ve gemilere el koydu.<\/p>\n<p>Tecr\u00fcbeyi geli\u015ftirmek ve reklam g\u00f6r\u00fcnt\u00fclemek i\u00e7in \u00e7erezler kullan\u0131yoruz (Google AdSense).<br \/>\n          &#8220;Kabul Et&#8221; se\u00e7ene\u011fine t\u0131klayarak \u00e7erezlerin a\u015fa\u011f\u0131daki \u015fartlara g\u00f6re kullan\u0131lmas\u0131n\u0131 kabul etmi\u015f olursunuz.<br \/>\n          Gizlilik Politikas\u0131<br \/>\n          ve<br \/>\n          \u00c7erez Politikas\u0131.<br \/>\n          &#8220;Reddet&#8221;i t\u0131klayarak gerekli olmayan \u00e7erezleri reddedebilirsiniz.<\/p>\n<hr style=\"margin:30px 0\">\n<p style=\"font-size:13px;color:#666\">Kaynak: <strong>prizrenpost<\/strong><\/p>\n","protected":false},"excerpt":{"rendered":"<p>Anadolu&#8217;nun haberine g\u00f6re, T\u00fcrkiye D\u0131\u015fi\u015fleri Bakan\u0131 Hakan Fidan, Yunan mevkida\u015f\u0131 Giorgos Gerapetritis ile \u0130srail&#8217;in Sumud Global Filosu&#8217;na sald\u0131r\u0131s\u0131 hakk\u0131nda g\u00f6r\u00fc\u015ft\u00fc\u011f\u00fc bir telefon g\u00f6r\u00fc\u015fmesinde. T\u00fcrk diplomatik kaynaklar\u0131na g\u00f6re Fidan, Gerapetritis ile telefon g\u00f6r\u00fc\u015fmesi ger\u00e7ekle\u015ftirdi ve bu s\u0131rada \u0130srail&#8217;in yard\u0131m filosuna m\u00fcdahalesi tart\u0131\u015f\u0131ld\u0131. Sumud Global&#8217;in 2026 y\u0131l\u0131 bahar misyonu \u0130srail&#8217;in Gazze ablukas\u0131n\u0131 k\u0131rmay\u0131 ve insani yard\u0131m ula\u015ft\u0131rmay\u0131 [&hellip;]<\/p>\n","protected":false},"author":1,"featured_media":43517,"comment_status":"open","ping_status":"open","sticky":false,"template":"","format":"standard","meta":{"footnotes":""},"categories":[24],"tags":[179],"class_list":["post-43516","post","type-post","status-publish","format-standard","has-post-thumbnail","hentry","category-dunya","tag-aktuel"],"views":3,"_links":{"self":[{"href":"https:\/\/prizrenpost.com\/tr\/wp-json\/wp\/v2\/posts\/43516","targetHints":{"allow":["GET"]}}],"collection":[{"href":"https:\/\/prizrenpost.com\/tr\/wp-json\/wp\/v2\/posts"}],"about":[{"href":"https:\/\/prizrenpost.com\/tr\/wp-json\/wp\/v2\/types\/post"}],"author":[{"embeddable":true,"href":"https:\/\/prizrenpost.com\/tr\/wp-json\/wp\/v2\/users\/1"}],"replies":[{"embeddable":true,"href":"https:\/\/prizrenpost.com\/tr\/wp-json\/wp\/v2\/comments?post=43516"}],"version-history":[{"count":1,"href":"https:\/\/prizrenpost.com\/tr\/wp-json\/wp\/v2\/posts\/43516\/revisions"}],"predecessor-version":[{"id":43518,"href":"https:\/\/prizrenpost.com\/tr\/wp-json\/wp\/v2\/posts\/43516\/revisions\/43518"}],"wp:featuredmedia":[{"embeddable":true,"href":"https:\/\/prizrenpost.com\/tr\/wp-json\/wp\/v2\/media\/43517"}],"wp:attachment":[{"href":"https:\/\/prizrenpost.com\/tr\/wp-json\/wp\/v2\/media?parent=43516"}],"wp:term":[{"taxonomy":"category","embeddable":true,"href":"https:\/\/prizrenpost.com\/tr\/wp-json\/wp\/v2\/categories?post=43516"},{"taxonomy":"post_tag","embeddable":true,"href":"https:\/\/prizrenpost.com\/tr\/wp-json\/wp\/v2\/tags?post=43516"}],"curies":[{"name":"wp","href":"https:\/\/api.w.org\/{rel}","templated":true}]}}