{"id":43519,"date":"2026-04-30T22:15:43","date_gmt":"2026-04-30T20:15:43","guid":{"rendered":"https:\/\/prizrenpost.com\/tr\/almanya-ve-italya-sumud-filosunun-gozaltina-alinmasinin-ardindan-israili-sorumsuz-eylemlerden-kacinmaya-cagirdi\/"},"modified":"2026-04-30T22:15:44","modified_gmt":"2026-04-30T20:15:44","slug":"almanya-ve-italya-sumud-filosunun-gozaltina-alinmasinin-ardindan-israili-sorumsuz-eylemlerden-kacinmaya-cagirdi","status":"publish","type":"post","link":"https:\/\/prizrenpost.com\/tr\/almanya-ve-italya-sumud-filosunun-gozaltina-alinmasinin-ardindan-israili-sorumsuz-eylemlerden-kacinmaya-cagirdi\/","title":{"rendered":"Almanya ve \u0130talya, Sumud filosunun g\u00f6zalt\u0131na al\u0131nmas\u0131n\u0131n ard\u0131ndan \u0130srail&#8217;i &#8216;sorumsuz eylemlerden&#8217; ka\u00e7\u0131nmaya \u00e7a\u011f\u0131rd\u0131"},"content":{"rendered":"<p><img decoding=\"async\" src=\"https:\/\/prizrenpost.com\/tr\/wp-content\/uploads\/2026\/04\/thumbs_b_c_b74176a25371324103a48fa800c8be27.jpg\" style=\"width:100%;height:auto;margin-bottom:20px\"><\/p>\n<p>Anadolu&#8217;nun haberine g\u00f6re, \u0130srail g\u00fc\u00e7lerinin uluslararas\u0131 sularda Gazze&#8217;ye do\u011fru yola \u00e7\u0131kan insani yard\u0131m filosuna m\u00fcdahalesinin ard\u0131ndan Almanya ve \u0130talya, \u0130srail&#8217;i uluslararas\u0131 hukuka sayg\u0131 g\u00f6stermeye ve &#8220;sorumsuz eylemlerden&#8221; ka\u00e7\u0131nmaya \u00e7a\u011f\u0131rd\u0131.<\/p>\n<p>Anadolu&#8217;nun haberine g\u00f6re, &#8220;\u0130talya ve Almanya, d\u00fcn gece Yunanistan a\u00e7\u0131klar\u0131nda uluslararas\u0131 sularda ele ge\u00e7irilen Sumud K\u00fcresel Filosu ile ilgili geli\u015fmeleri b\u00fcy\u00fck endi\u015feyle takip ediyor.&#8221; Berlin ve Roma.<\/p>\n<p>&#8220;Y\u00fcr\u00fcrl\u00fckteki uluslararas\u0131 hukuka tam sayg\u0131 g\u00f6sterilmesi ve sorumsuz eylemlerden ka\u00e7\u0131n\u0131lmas\u0131 \u00e7a\u011fr\u0131s\u0131nda bulunuyoruz. En b\u00fcy\u00fck ortak \u00f6nceli\u011fimiz, uluslararas\u0131 insanc\u0131l hukuka uygun olarak vatanda\u015flar\u0131m\u0131z\u0131n g\u00fcvenli\u011fini garanti alt\u0131na almakt\u0131r.&#8221; diye ayr\u0131ca vurguland\u0131.<\/p>\n<p>Alman ve \u0130talyan h\u00fck\u00fcmetleri ayr\u0131ca uluslararas\u0131 toplumun, uluslararas\u0131 hukuka ve standartlara uygun olarak Gazze&#8217;ye insani yard\u0131m sa\u011flama \u00e7abalar\u0131na desteklerini yinelediler.<\/p>\n<p>\u0130srail D\u0131\u015fi\u015fleri Bakanl\u0131\u011f\u0131 \u015funlar\u0131 s\u00f6yledi: Deniz kuvvetleri, K\u00fcresel Sumud Filosu&#8217;nun Akdeniz&#8217;deki uluslararas\u0131 sularda bulunan 20&#8217;den fazla gemisini durdurarak ele ge\u00e7irdi ve gemideki yakla\u015f\u0131k 175 aktivisti g\u00f6zalt\u0131na ald\u0131. Sald\u0131r\u0131, \u0130srail&#8217;den y\u00fczlerce deniz mili (1.000 kilometreden fazla) uzakl\u0131ktaki Yunanistan&#8217;\u0131n Girit adas\u0131 yak\u0131nlar\u0131nda meydana geldi.<\/p>\n<p>\u0130nsani yard\u0131m ta\u015f\u0131yan filo, \u0130srail&#8217;in y\u0131llard\u0131r s\u00fcren Gazze ablukas\u0131n\u0131 k\u0131rmay\u0131 ama\u00e7layan toplam 58 gemiyle iki hafta \u00f6nce \u0130talya&#8217;n\u0131n Sicilya adas\u0131ndan yola \u00e7\u0131kt\u0131.<\/p>\n<p>\u0130srail, 2007 y\u0131l\u0131ndan bu yana Gazze \u015eeridi&#8217;ne s\u0131k\u0131 bir abluka uygulayarak 2,4 milyonluk n\u00fcfusu geride b\u0131rakt\u0131. a\u00e7l\u0131\u011f\u0131n e\u015fi\u011finde.<\/p>\n<p>\u0130srail ordusu Ekim 2023&#8217;te Gazze&#8217;ye bir sald\u0131r\u0131 ba\u015flatt\u0131, 72.000&#8217;den fazla insan\u0131 \u00f6ld\u00fcrd\u00fc, 172.000&#8217;den fazla ki\u015fiyi yaralad\u0131 ve ku\u015fatma alt\u0131ndaki Filistin topraklar\u0131nda b\u00fcy\u00fck y\u0131k\u0131ma neden oldu.<\/p>\n<p>Tecr\u00fcbeyi geli\u015ftirmek ve reklam g\u00f6r\u00fcnt\u00fclemek i\u00e7in \u00e7erezleri kullan\u0131yoruz (Google AdSense).<br \/>\n          &#8220;Kabul Et&#8221; se\u00e7ene\u011fine t\u0131klayarak \u00e7erezlerin a\u015fa\u011f\u0131daki \u015fartlara g\u00f6re kullan\u0131lmas\u0131n\u0131 kabul etmi\u015f olursunuz.<br \/>\n          Gizlilik Politikas\u0131<br \/>\n          ve<br \/>\n          \u00c7erez Politikas\u0131.<br \/>\n          &#8220;Reddet&#8221;i t\u0131klayarak gerekli olmayan \u00e7erezleri reddedebilirsiniz.<\/p>\n<hr style=\"margin:30px 0\">\n<p style=\"font-size:13px;color:#666\">Kaynak: <strong>prizrenpost<\/strong><\/p>\n","protected":false},"excerpt":{"rendered":"<p>Anadolu&#8217;nun haberine g\u00f6re, \u0130srail g\u00fc\u00e7lerinin uluslararas\u0131 sularda Gazze&#8217;ye do\u011fru yola \u00e7\u0131kan insani yard\u0131m filosuna m\u00fcdahalesinin ard\u0131ndan Almanya ve \u0130talya, \u0130srail&#8217;i uluslararas\u0131 hukuka sayg\u0131 g\u00f6stermeye ve &#8220;sorumsuz eylemlerden&#8221; ka\u00e7\u0131nmaya \u00e7a\u011f\u0131rd\u0131. Anadolu&#8217;nun haberine g\u00f6re, &#8220;\u0130talya ve Almanya, d\u00fcn gece Yunanistan a\u00e7\u0131klar\u0131nda uluslararas\u0131 sularda ele ge\u00e7irilen Sumud K\u00fcresel Filosu ile ilgili geli\u015fmeleri b\u00fcy\u00fck endi\u015feyle takip ediyor.&#8221; Berlin ve [&hellip;]<\/p>\n","protected":false},"author":1,"featured_media":43520,"comment_status":"open","ping_status":"open","sticky":false,"template":"","format":"standard","meta":{"footnotes":""},"categories":[24],"tags":[179],"class_list":["post-43519","post","type-post","status-publish","format-standard","has-post-thumbnail","hentry","category-dunya","tag-aktuel"],"views":5,"_links":{"self":[{"href":"https:\/\/prizrenpost.com\/tr\/wp-json\/wp\/v2\/posts\/43519","targetHints":{"allow":["GET"]}}],"collection":[{"href":"https:\/\/prizrenpost.com\/tr\/wp-json\/wp\/v2\/posts"}],"about":[{"href":"https:\/\/prizrenpost.com\/tr\/wp-json\/wp\/v2\/types\/post"}],"author":[{"embeddable":true,"href":"https:\/\/prizrenpost.com\/tr\/wp-json\/wp\/v2\/users\/1"}],"replies":[{"embeddable":true,"href":"https:\/\/prizrenpost.com\/tr\/wp-json\/wp\/v2\/comments?post=43519"}],"version-history":[{"count":1,"href":"https:\/\/prizrenpost.com\/tr\/wp-json\/wp\/v2\/posts\/43519\/revisions"}],"predecessor-version":[{"id":43521,"href":"https:\/\/prizrenpost.com\/tr\/wp-json\/wp\/v2\/posts\/43519\/revisions\/43521"}],"wp:featuredmedia":[{"embeddable":true,"href":"https:\/\/prizrenpost.com\/tr\/wp-json\/wp\/v2\/media\/43520"}],"wp:attachment":[{"href":"https:\/\/prizrenpost.com\/tr\/wp-json\/wp\/v2\/media?parent=43519"}],"wp:term":[{"taxonomy":"category","embeddable":true,"href":"https:\/\/prizrenpost.com\/tr\/wp-json\/wp\/v2\/categories?post=43519"},{"taxonomy":"post_tag","embeddable":true,"href":"https:\/\/prizrenpost.com\/tr\/wp-json\/wp\/v2\/tags?post=43519"}],"curies":[{"name":"wp","href":"https:\/\/api.w.org\/{rel}","templated":true}]}}