{"id":43525,"date":"2026-04-30T22:20:33","date_gmt":"2026-04-30T20:20:33","guid":{"rendered":"https:\/\/prizrenpost.com\/tr\/lubnanda-2-marttan-bu-yana-israil-saldirilarinda-yaklasik-2-600-kisi-oldu\/"},"modified":"2026-04-30T22:20:34","modified_gmt":"2026-04-30T20:20:34","slug":"lubnanda-2-marttan-bu-yana-israil-saldirilarinda-yaklasik-2-600-kisi-oldu","status":"publish","type":"post","link":"https:\/\/prizrenpost.com\/tr\/lubnanda-2-marttan-bu-yana-israil-saldirilarinda-yaklasik-2-600-kisi-oldu\/","title":{"rendered":"L\u00fcbnan&#8217;da 2 Mart&#8217;tan bu yana \u0130srail sald\u0131r\u0131lar\u0131nda yakla\u015f\u0131k 2.600 ki\u015fi \u00f6ld\u00fc"},"content":{"rendered":"<p><img decoding=\"async\" src=\"https:\/\/prizrenpost.com\/tr\/wp-content\/uploads\/2026\/04\/thumbs_b_c_077620ffea7e4459cc8a39f59cb1aac8.jpg\" style=\"width:100%;height:auto;margin-bottom:20px\"><\/p>\n<p>L\u00fcbnan Sa\u011fl\u0131k Bakanl\u0131\u011f\u0131, \u0130srail&#8217;in 2 Mart&#8217;tan bu yana \u00fclkeye d\u00fczenledi\u011fi sald\u0131r\u0131larda \u00f6lenlerin say\u0131s\u0131n\u0131n 2.586&#8217;ya y\u00fckseldi\u011fini duyurdu.<\/p>\n<p>L\u00fcbnan bakanl\u0131\u011f\u0131 ayr\u0131ca yaral\u0131 say\u0131s\u0131n\u0131n en az 8.020&#8217;ye ula\u015ft\u0131\u011f\u0131n\u0131, \u00e7at\u0131\u015fmalar sivillere a\u011f\u0131r zarar vermeye devam etti\u011fini duyurdu.<\/p>\n<p>17 Nisan&#8217;da ba\u015flayan 10 g\u00fcnl\u00fck ate\u015fkes, daha sonra 17 May\u0131s&#8217;a kadar s\u00fcrecek.<\/p>\n<p> Yetkililere g\u00f6re \u0130srail, G\u00fcney L\u00fcbnan&#8217;daki hava sald\u0131r\u0131lar\u0131 ve ev y\u0131k\u0131mlar\u0131 yoluyla her g\u00fcn anla\u015fmay\u0131 ihlal etmeye devam ediyor.<\/p>\n<p>Tecr\u00fcbeyi geli\u015ftirmek ve reklamlar\u0131 g\u00f6r\u00fcnt\u00fclemek i\u00e7in \u00e7erezleri kullan\u0131yoruz (Google AdSense).<br \/>\n          &#8220;Kabul Et&#8221; se\u00e7ene\u011fine t\u0131klayarak \u00e7erezlerin a\u015fa\u011f\u0131daki \u015fartlara g\u00f6re kullan\u0131lmas\u0131n\u0131 kabul etmi\u015f olursunuz.<br \/>\n          Gizlilik Politikas\u0131<br \/>\n          ve<br \/>\n          \u00c7erez Politikas\u0131.<br \/>\n          &#8220;Reddet&#8221;i t\u0131klayarak gerekli olmayan \u00e7erezleri reddedebilirsiniz.<\/p>\n<hr style=\"margin:30px 0\">\n<p style=\"font-size:13px;color:#666\">Kaynak: <strong>prizrenpost<\/strong><\/p>\n","protected":false},"excerpt":{"rendered":"<p>L\u00fcbnan Sa\u011fl\u0131k Bakanl\u0131\u011f\u0131, \u0130srail&#8217;in 2 Mart&#8217;tan bu yana \u00fclkeye d\u00fczenledi\u011fi sald\u0131r\u0131larda \u00f6lenlerin say\u0131s\u0131n\u0131n 2.586&#8217;ya y\u00fckseldi\u011fini duyurdu. L\u00fcbnan bakanl\u0131\u011f\u0131 ayr\u0131ca yaral\u0131 say\u0131s\u0131n\u0131n en az 8.020&#8217;ye ula\u015ft\u0131\u011f\u0131n\u0131, \u00e7at\u0131\u015fmalar sivillere a\u011f\u0131r zarar vermeye devam etti\u011fini duyurdu. 17 Nisan&#8217;da ba\u015flayan 10 g\u00fcnl\u00fck ate\u015fkes, daha sonra 17 May\u0131s&#8217;a kadar s\u00fcrecek. Yetkililere g\u00f6re \u0130srail, G\u00fcney L\u00fcbnan&#8217;daki hava sald\u0131r\u0131lar\u0131 ve ev y\u0131k\u0131mlar\u0131 [&hellip;]<\/p>\n","protected":false},"author":1,"featured_media":43526,"comment_status":"open","ping_status":"open","sticky":false,"template":"","format":"standard","meta":{"footnotes":""},"categories":[24],"tags":[179],"class_list":["post-43525","post","type-post","status-publish","format-standard","has-post-thumbnail","hentry","category-dunya","tag-aktuel"],"views":3,"_links":{"self":[{"href":"https:\/\/prizrenpost.com\/tr\/wp-json\/wp\/v2\/posts\/43525","targetHints":{"allow":["GET"]}}],"collection":[{"href":"https:\/\/prizrenpost.com\/tr\/wp-json\/wp\/v2\/posts"}],"about":[{"href":"https:\/\/prizrenpost.com\/tr\/wp-json\/wp\/v2\/types\/post"}],"author":[{"embeddable":true,"href":"https:\/\/prizrenpost.com\/tr\/wp-json\/wp\/v2\/users\/1"}],"replies":[{"embeddable":true,"href":"https:\/\/prizrenpost.com\/tr\/wp-json\/wp\/v2\/comments?post=43525"}],"version-history":[{"count":1,"href":"https:\/\/prizrenpost.com\/tr\/wp-json\/wp\/v2\/posts\/43525\/revisions"}],"predecessor-version":[{"id":43527,"href":"https:\/\/prizrenpost.com\/tr\/wp-json\/wp\/v2\/posts\/43525\/revisions\/43527"}],"wp:featuredmedia":[{"embeddable":true,"href":"https:\/\/prizrenpost.com\/tr\/wp-json\/wp\/v2\/media\/43526"}],"wp:attachment":[{"href":"https:\/\/prizrenpost.com\/tr\/wp-json\/wp\/v2\/media?parent=43525"}],"wp:term":[{"taxonomy":"category","embeddable":true,"href":"https:\/\/prizrenpost.com\/tr\/wp-json\/wp\/v2\/categories?post=43525"},{"taxonomy":"post_tag","embeddable":true,"href":"https:\/\/prizrenpost.com\/tr\/wp-json\/wp\/v2\/tags?post=43525"}],"curies":[{"name":"wp","href":"https:\/\/api.w.org\/{rel}","templated":true}]}}