{"id":43534,"date":"2026-04-30T22:40:29","date_gmt":"2026-04-30T20:40:29","guid":{"rendered":"https:\/\/prizrenpost.com\/tr\/tbmm-israile-yasakli-aktivistleri-serbest-birakma-cagrisinda-bulundu-filo-yasagini-savas-sucu-olarak-nitelendirdi\/"},"modified":"2026-04-30T22:40:30","modified_gmt":"2026-04-30T20:40:30","slug":"tbmm-israile-yasakli-aktivistleri-serbest-birakma-cagrisinda-bulundu-filo-yasagini-savas-sucu-olarak-nitelendirdi","status":"publish","type":"post","link":"https:\/\/prizrenpost.com\/tr\/tbmm-israile-yasakli-aktivistleri-serbest-birakma-cagrisinda-bulundu-filo-yasagini-savas-sucu-olarak-nitelendirdi\/","title":{"rendered":"TBMM \u0130srail&#8217;e yasakl\u0131 aktivistleri serbest b\u0131rakma \u00e7a\u011fr\u0131s\u0131nda bulundu, filo yasa\u011f\u0131n\u0131 &#8216;sava\u015f su\u00e7u&#8217; olarak nitelendirdi"},"content":{"rendered":"<p><img decoding=\"async\" src=\"https:\/\/prizrenpost.com\/tr\/wp-content\/uploads\/2026\/04\/thumbs_b_c_7a366569da4e20cc7cd30a35cae370e9.jpg\" style=\"width:100%;height:auto;margin-bottom:20px\"><\/p>\n<p>Anadolu&#8217;nun haberine g\u00f6re, T\u00fcrkiye parlamentosu, \u0130srail&#8217;e g\u00f6zalt\u0131ndaki aktivistleri ve T\u00fcrk vatanda\u015flar\u0131n\u0131 derhal serbest b\u0131rakma \u00e7a\u011fr\u0131s\u0131nda bulundu ve K\u00fcresel Sumud Filosu&#8217;nun tutuklanmas\u0131n\u0131 korsanl\u0131k ve sava\u015f su\u00e7u olarak nitelendirdi.<\/p>\n<p>Parlamento ayr\u0131ca, \u0130srail&#8217;in K\u00fcresel Sumud Filosu&#8217;na y\u00f6nelik silahl\u0131 m\u00fcdahalesini k\u0131nayan bir konu\u015fmac\u0131 \u00f6nergesini de oybirli\u011fiyle onaylad\u0131.<\/p>\n<p>Meclis Ba\u015fkan\u0131 Numan Kurtulmu\u015f taraf\u0131ndan imzalanan \u00f6nerge, genel kurul toplant\u0131s\u0131na sunulmak \u00fczere \u00f6n\u00fcm\u00fczdeki genel oturumda okundu. oyu.<\/p>\n<p>Metinde, \u0130srail&#8217;in bir kez daha &#8220;uluslararas\u0131 hukuku a\u00e7\u0131k\u00e7a ihlal etti\u011fi&#8221; belirtilerek, s\u00fcregelen soyk\u0131r\u0131m ve sava\u015f su\u00e7lar\u0131na bir yenisi daha eklendi.<\/p>\n<p>Sivil ve bar\u0131\u015f\u00e7\u0131l bir giri\u015fim olan Sumud Global Filosu&#8217;nun uluslararas\u0131 sularda sald\u0131r\u0131ya u\u011frad\u0131\u011f\u0131 hat\u0131rlat\u0131lan \u00f6nergede, \u0130srail g\u00fc\u00e7lerinin insani yard\u0131mlar\u0131 engelledi\u011fi ve aralar\u0131nda 20 T\u00fcrk vatanda\u015f\u0131n\u0131n da bulundu\u011fu Filistin yanl\u0131s\u0131 175 aktivisti g\u00f6zalt\u0131na ald\u0131\u011f\u0131 belirtildi.<\/p>\n<p>&#8220;Bu korsanl\u0131k eylemi, bir korsanl\u0131k eylemidir. A\u00e7\u0131k sava\u015f su\u00e7udur. \u0130nsani ho\u015fg\u00f6r\u00fcn\u00fcn t\u00fcm s\u0131n\u0131rlar\u0131n\u0131 a\u015fan \u0130srail&#8217;i uyar\u0131yor ve zorla g\u00f6zalt\u0131na al\u0131nan aktivistlerimizin ve vatanda\u015flar\u0131m\u0131z\u0131n derhal serbest b\u0131rak\u0131lmas\u0131 \u00e7a\u011fr\u0131s\u0131nda bulunuyoruz.&#8221; ifadesi yer ald\u0131.<\/p>\n<p>\u00d6nergede, T\u00fcrkiye B\u00fcy\u00fck Millet Meclisi&#8217;nin, t\u00fcm siyasi partiler ve milletvekilleriyle birlikte, hukuka ayk\u0131r\u0131 olarak g\u00f6zalt\u0131na al\u0131nan vatanda\u015flarla ve Gazze halk\u0131na yard\u0131m ula\u015ft\u0131rmay\u0131 ama\u00e7layan insani giri\u015fimin t\u00fcm \u00fcyeleriyle dayan\u0131\u015fma i\u00e7inde oldu\u011fu belirtiliyor.<\/p>\n<p>\u00d6nerge ayr\u0131ca, T\u00fcrkiye&#8217;nin uluslararas\u0131 alanda hesap verebilirli\u011fe liderlik edece\u011fi ve \u0131srarla s\u00fcrd\u00fcrece\u011fi s\u00f6z\u00fcn\u00fc veriyor. \u0130srail i\u015fgal g\u00fc\u00e7lerinin filo \u00fcyelerine, \u00f6zellikle de T\u00fcrk vatanda\u015flar\u0131na kar\u015f\u0131 i\u015fledi\u011fi t\u00fcm su\u00e7lar i\u00e7in mahkemelere ba\u015fvurdu.<\/p>\n<p>T\u00fcm parlamentolara, uluslararas\u0131 parlamento meclislerine ve kurulu\u015flara, \u0130srail&#8217;in Filistin halk\u0131na y\u00f6nelik i\u015fgalini, soyk\u0131r\u0131m\u0131n\u0131 ve apartheidini sona erdirmek, Gazze&#8217;ye kesintisiz insani eri\u015fimi sa\u011flamak ve \u0130srail&#8217;i insanl\u0131\u011fa kar\u015f\u0131 i\u015flenen su\u00e7lardan sorumlu tutmak i\u00e7in ortak bir duru\u015f sergilemeleri ve seslerini y\u00fckseltmeleri \u00e7a\u011fr\u0131s\u0131n\u0131 yineledi.<\/p>\n<p>\u00d6nergeyi okuduktan sonra, parlamento gruplar\u0131n\u0131n ba\u015fkanlar\u0131, Mecliste temsil edilen siyasi partiler desteklerini ifade etti. \u00d6nerge daha sonra genel kurulda oybirli\u011fiyle onayland\u0131.<\/p>\n<p>\u2013 Gazze&#8217;ye gidecek filoyla ilgili son geli\u015fmeler<\/p>\n<p>D\u00fcn gece ge\u00e7 saatlerde \u0130srail donanmas\u0131, Filistin b\u00f6lgesindeki uzun s\u00fcredir devam eden ablukay\u0131 k\u0131rmak i\u00e7in Gazze&#8217;ye giden filo gemilerini durdurdu.<\/p>\n<p>Grup, \u0130srail g\u00fc\u00e7lerinin Yunanistan&#8217;\u0131n Girit adas\u0131 yak\u0131nlar\u0131nda uluslararas\u0131 sularda konvoyu ku\u015fatt\u0131\u011f\u0131n\u0131, ileti\u015fimi engelledi\u011fini ve 21 gemiye el koydu\u011funu, 17 geminin ka\u00e7may\u0131 ba\u015fard\u0131\u011f\u0131n\u0131 s\u00f6yledi. ve olaydan sonra Yunan sular\u0131na giriliyor.<\/p>\n<p>Gazze&#8217;ye insani yard\u0131m ta\u015f\u0131yan filo, \u0130srail&#8217;in ablukas\u0131n\u0131 k\u0131rmay\u0131 ve denizde insani koridor a\u00e7may\u0131 hedefliyor.<\/p>\n<p>Bu geli\u015fme, Yahudi medyas\u0131n\u0131n, \u0130srail&#8217;in toplamda yakla\u015f\u0131k 100 gemiden olu\u015fan ve \u00e7e\u015fitli \u00fclkelerden 1.000&#8217;e yak\u0131n aktivisti ta\u015f\u0131yan filoyu durdurmaya haz\u0131rland\u0131\u011f\u0131n\u0131 bildirmesinden birka\u00e7 saat sonra geldi.<\/p>\n<p>\u0130srail, o tarihten bu yana Gazze \u015eeridi&#8217;ne abluka uyguluyor. 2007, sava\u015f s\u0131ras\u0131nda evleri y\u0131k\u0131ld\u0131ktan sonra yakla\u015f\u0131k 2,4 milyon Filistinlinin yakla\u015f\u0131k 1,5 milyonu evsiz kald\u0131.<\/p>\n<p>Tecr\u00fcbeyi geli\u015ftirmek ve reklam g\u00f6r\u00fcnt\u00fclemek i\u00e7in \u00e7erezleri kullan\u0131yoruz (Google AdSense).<br \/>\n          &#8220;Kabul Et&#8221; se\u00e7ene\u011fine t\u0131klayarak \u00e7erezlerin a\u015fa\u011f\u0131daki \u015fartlara g\u00f6re kullan\u0131lmas\u0131n\u0131 kabul etmi\u015f olursunuz.<br \/>\n          Gizlilik Politikas\u0131<br \/>\n          ve<br \/>\n          \u00c7erez Politikas\u0131.<br \/>\n          &#8220;Reddet&#8221;i t\u0131klayarak gerekli olmayan \u00e7erezleri reddedebilirsiniz.<\/p>\n<hr style=\"margin:30px 0\">\n<p style=\"font-size:13px;color:#666\">Kaynak: <strong>prizrenpost<\/strong><\/p>\n","protected":false},"excerpt":{"rendered":"<p>Anadolu&#8217;nun haberine g\u00f6re, T\u00fcrkiye parlamentosu, \u0130srail&#8217;e g\u00f6zalt\u0131ndaki aktivistleri ve T\u00fcrk vatanda\u015flar\u0131n\u0131 derhal serbest b\u0131rakma \u00e7a\u011fr\u0131s\u0131nda bulundu ve K\u00fcresel Sumud Filosu&#8217;nun tutuklanmas\u0131n\u0131 korsanl\u0131k ve sava\u015f su\u00e7u olarak nitelendirdi. Parlamento ayr\u0131ca, \u0130srail&#8217;in K\u00fcresel Sumud Filosu&#8217;na y\u00f6nelik silahl\u0131 m\u00fcdahalesini k\u0131nayan bir konu\u015fmac\u0131 \u00f6nergesini de oybirli\u011fiyle onaylad\u0131. Meclis Ba\u015fkan\u0131 Numan Kurtulmu\u015f taraf\u0131ndan imzalanan \u00f6nerge, genel kurul toplant\u0131s\u0131na sunulmak \u00fczere [&hellip;]<\/p>\n","protected":false},"author":1,"featured_media":43535,"comment_status":"open","ping_status":"open","sticky":false,"template":"","format":"standard","meta":{"footnotes":""},"categories":[24],"tags":[179],"class_list":["post-43534","post","type-post","status-publish","format-standard","has-post-thumbnail","hentry","category-dunya","tag-aktuel"],"views":3,"_links":{"self":[{"href":"https:\/\/prizrenpost.com\/tr\/wp-json\/wp\/v2\/posts\/43534","targetHints":{"allow":["GET"]}}],"collection":[{"href":"https:\/\/prizrenpost.com\/tr\/wp-json\/wp\/v2\/posts"}],"about":[{"href":"https:\/\/prizrenpost.com\/tr\/wp-json\/wp\/v2\/types\/post"}],"author":[{"embeddable":true,"href":"https:\/\/prizrenpost.com\/tr\/wp-json\/wp\/v2\/users\/1"}],"replies":[{"embeddable":true,"href":"https:\/\/prizrenpost.com\/tr\/wp-json\/wp\/v2\/comments?post=43534"}],"version-history":[{"count":1,"href":"https:\/\/prizrenpost.com\/tr\/wp-json\/wp\/v2\/posts\/43534\/revisions"}],"predecessor-version":[{"id":43536,"href":"https:\/\/prizrenpost.com\/tr\/wp-json\/wp\/v2\/posts\/43534\/revisions\/43536"}],"wp:featuredmedia":[{"embeddable":true,"href":"https:\/\/prizrenpost.com\/tr\/wp-json\/wp\/v2\/media\/43535"}],"wp:attachment":[{"href":"https:\/\/prizrenpost.com\/tr\/wp-json\/wp\/v2\/media?parent=43534"}],"wp:term":[{"taxonomy":"category","embeddable":true,"href":"https:\/\/prizrenpost.com\/tr\/wp-json\/wp\/v2\/categories?post=43534"},{"taxonomy":"post_tag","embeddable":true,"href":"https:\/\/prizrenpost.com\/tr\/wp-json\/wp\/v2\/tags?post=43534"}],"curies":[{"name":"wp","href":"https:\/\/api.w.org\/{rel}","templated":true}]}}