{"id":43537,"date":"2026-04-30T23:30:24","date_gmt":"2026-04-30T21:30:24","guid":{"rendered":"https:\/\/prizrenpost.com\/tr\/amerikan-kongresinde-kosovanin-nato-uyeliginin-desteklenmesine-iliskin-karar\/"},"modified":"2026-04-30T23:30:27","modified_gmt":"2026-04-30T21:30:27","slug":"amerikan-kongresinde-kosovanin-nato-uyeliginin-desteklenmesine-iliskin-karar","status":"publish","type":"post","link":"https:\/\/prizrenpost.com\/tr\/amerikan-kongresinde-kosovanin-nato-uyeliginin-desteklenmesine-iliskin-karar\/","title":{"rendered":"Amerikan Kongresi&#8217;nde Kosova&#8217;n\u0131n NATO \u00fcyeli\u011finin desteklenmesine ili\u015fkin karar"},"content":{"rendered":"<p><img decoding=\"async\" src=\"https:\/\/prizrenpost.com\/tr\/wp-content\/uploads\/2026\/04\/445074934_122191049486011792_5242818857741658725_n-750x375-1.jpg\" style=\"width:100%;height:auto;margin-bottom:20px\"><\/p>\n<p>Kongre \u00dcyesi Keith Self, Kongre \u00dcyeleri Ritchie Torres ve Mike Lawler ile birlikte, Kosova&#8217;n\u0131n Kuzey Atlantik Pakt\u0131 \u00d6rg\u00fct\u00fc&#8217;ne (NATO) entegrasyonuna g\u00fc\u00e7l\u00fc destek ifade eden bir karar\u0131 Temsilciler Meclisi&#8217;ne sundu.<\/p>\n<p>Kongre \u00dcyesi Keith Self&#8217;in resmi internet sitesinde yay\u0131nlanan duyuruya g\u00f6re bu karar, bu s\u00fcrecin stratejik \u00f6nemini vurgulamay\u0131 ama\u00e7l\u0131yor.<\/p>\n<p>Kararda, Kosova&#8217;n\u0131n demokratik y\u00f6netimi, g\u00fcvenlik g\u00fc\u00e7leri \u00fczerinde sivil kontrol ve \u00e7ok etnikli bir arada ya\u015fama yer al\u0131yor. NATO \u00fcyeli\u011fi i\u00e7in g\u00fc\u00e7l\u00fc bir \u00f6rnek te\u015fkil ediyor. Ayr\u0131ca duyuruya g\u00f6re, d\u00fc\u015fman akt\u00f6rlerin b\u00f6lgeyi istikrars\u0131zla\u015ft\u0131rmaya devam etti\u011fi ko\u015fullarda, Kosova&#8217;n\u0131n ittifaka \u00fcyeli\u011finin, bu eylemleri cayd\u0131rmak ve Balkanlar&#8217;da yeni gerilimlerin ya\u015fanmas\u0131n\u0131 \u00f6nlemek i\u00e7in bir denge g\u00f6revi g\u00f6rece\u011fi vurgulan\u0131yor.<\/p>\n<p>Kosova, 2008 y\u0131l\u0131nda ba\u011f\u0131ms\u0131zl\u0131\u011f\u0131n\u0131 ilan etmi\u015f ve aralar\u0131nda ABD ve \u00e7o\u011fu NATO \u00fclkesinin de bulundu\u011fu 100&#8217;den fazla \u00fclke taraf\u0131ndan tan\u0131nm\u0131\u015ft\u0131r. Ancak Kongre \u00dcyesi Keith Self&#8217;in web sitesinde yay\u0131nlanan ayn\u0131 duyuruya g\u00f6re, \u0130ttifak i\u00e7inde oybirli\u011fiyle tan\u0131nman\u0131n olmamas\u0131, Kosova&#8217;n\u0131n \u00fcyeli\u011fe do\u011fru ilerlemesinin \u00f6n\u00fcnde bir engel olmaya devam ediyor.<\/p>\n<p>Belgede, d\u00f6rt NATO \u00fcyesi \u00fclkenin (Yunanistan, Romanya, Slovakya ve \u0130spanya) hen\u00fcz Kosova&#8217;y\u0131 tan\u0131mad\u0131\u011f\u0131 vurgulan\u0131yor. NATO konsens\u00fcsle \u00e7al\u0131\u015ft\u0131\u011f\u0131 i\u00e7in bu durum, Kosova&#8217;n\u0131n Bar\u0131\u015f i\u00e7in Ortakl\u0131k ve \u00dcyelik Eylem Plan\u0131 da dahil olmak \u00fczere \u00fcyelik mekanizmalar\u0131na dahil edilmesinin \u00f6n\u00fcnde bir engel te\u015fkil etmektedir.<\/p>\n<p>Karar, bu \u00fclkelere konumlar\u0131n\u0131 g\u00f6zden ge\u00e7irmeleri \u00e7a\u011fr\u0131s\u0131nda bulunarak, NATO&#8217;ya do\u011fru ilerlemesi ve G\u00fcneydo\u011fu Avrupa&#8217;daki stratejik bo\u015flu\u011fun kapat\u0131lmas\u0131 i\u00e7in Kosova&#8217;n\u0131n daha geni\u015f \u00e7apta tan\u0131nmas\u0131n\u0131n gerekli oldu\u011funu vurgulamaktad\u0131r.<\/p>\n<p>Kongre \u00dcyesi Keith Self sayfas\u0131nda yay\u0131nlanan duyuruda, &#8220;Kosova b\u00f6lgesel istikrara ba\u011fl\u0131l\u0131k g\u00f6stermi\u015ftir ve NATO \u00fclkeleriyle yak\u0131nla\u015fma s\u00fcr\u00fcyor ancak ilerlemesi baz\u0131 m\u00fcttefikler taraf\u0131ndan tan\u0131nmamas\u0131 nedeniyle engelleniyor&#8221;. Ayr\u0131ca, &#8220;Kosova&#8217;n\u0131n ittifaka eklenmesi, Avrupa&#8217;daki rakiplerin etkisiyle ba\u015fa \u00e7\u0131kmak i\u00e7in \u00f6nemlidir&#8221; diye ekliyor.<\/p>\n<p>Ayn\u0131 duyuruda, Kosova&#8217;n\u0131n NATO&#8217;ya entegrasyonunun ABD&#8217;nin G\u00fcneydo\u011fu Avrupa&#8217;daki g\u00fcvenlik \u00e7\u0131karlar\u0131 a\u00e7\u0131s\u0131ndan \u00f6nemli oldu\u011fu vurgulan\u0131yor.<\/p>\n<p>Tecr\u00fcbeyi geli\u015ftirmek ve reklam g\u00f6r\u00fcnt\u00fclemek i\u00e7in \u00e7erezler kullan\u0131yoruz (Google AdSense).<br \/>\n          &#8220;Kabul Et&#8221; se\u00e7ene\u011fine t\u0131klayarak \u00e7erezlerin a\u015fa\u011f\u0131daki \u015fartlara g\u00f6re kullan\u0131lmas\u0131n\u0131 kabul etmi\u015f olursunuz.<br \/>\n          Gizlilik Politikas\u0131<br \/>\n          ve<br \/>\n          \u00c7erez Politikas\u0131.<br \/>\n          &#8220;Reddet&#8221;i t\u0131klayarak gerekli olmayan \u00e7erezleri reddedebilirsiniz.<\/p>\n<hr style=\"margin:30px 0\">\n<p style=\"font-size:13px;color:#666\">Kaynak: <strong>prizrenpost<\/strong><\/p>\n","protected":false},"excerpt":{"rendered":"<p>Kongre \u00dcyesi Keith Self, Kongre \u00dcyeleri Ritchie Torres ve Mike Lawler ile birlikte, Kosova&#8217;n\u0131n Kuzey Atlantik Pakt\u0131 \u00d6rg\u00fct\u00fc&#8217;ne (NATO) entegrasyonuna g\u00fc\u00e7l\u00fc destek ifade eden bir karar\u0131 Temsilciler Meclisi&#8217;ne sundu. Kongre \u00dcyesi Keith Self&#8217;in resmi internet sitesinde yay\u0131nlanan duyuruya g\u00f6re bu karar, bu s\u00fcrecin stratejik \u00f6nemini vurgulamay\u0131 ama\u00e7l\u0131yor. Kararda, Kosova&#8217;n\u0131n demokratik y\u00f6netimi, g\u00fcvenlik g\u00fc\u00e7leri \u00fczerinde sivil [&hellip;]<\/p>\n","protected":false},"author":1,"featured_media":43538,"comment_status":"open","ping_status":"open","sticky":false,"template":"","format":"standard","meta":{"footnotes":""},"categories":[14],"tags":[179],"class_list":["post-43537","post","type-post","status-publish","format-standard","has-post-thumbnail","hentry","category-ulusal","tag-aktuel"],"views":5,"_links":{"self":[{"href":"https:\/\/prizrenpost.com\/tr\/wp-json\/wp\/v2\/posts\/43537","targetHints":{"allow":["GET"]}}],"collection":[{"href":"https:\/\/prizrenpost.com\/tr\/wp-json\/wp\/v2\/posts"}],"about":[{"href":"https:\/\/prizrenpost.com\/tr\/wp-json\/wp\/v2\/types\/post"}],"author":[{"embeddable":true,"href":"https:\/\/prizrenpost.com\/tr\/wp-json\/wp\/v2\/users\/1"}],"replies":[{"embeddable":true,"href":"https:\/\/prizrenpost.com\/tr\/wp-json\/wp\/v2\/comments?post=43537"}],"version-history":[{"count":1,"href":"https:\/\/prizrenpost.com\/tr\/wp-json\/wp\/v2\/posts\/43537\/revisions"}],"predecessor-version":[{"id":43539,"href":"https:\/\/prizrenpost.com\/tr\/wp-json\/wp\/v2\/posts\/43537\/revisions\/43539"}],"wp:featuredmedia":[{"embeddable":true,"href":"https:\/\/prizrenpost.com\/tr\/wp-json\/wp\/v2\/media\/43538"}],"wp:attachment":[{"href":"https:\/\/prizrenpost.com\/tr\/wp-json\/wp\/v2\/media?parent=43537"}],"wp:term":[{"taxonomy":"category","embeddable":true,"href":"https:\/\/prizrenpost.com\/tr\/wp-json\/wp\/v2\/categories?post=43537"},{"taxonomy":"post_tag","embeddable":true,"href":"https:\/\/prizrenpost.com\/tr\/wp-json\/wp\/v2\/tags?post=43537"}],"curies":[{"name":"wp","href":"https:\/\/api.w.org\/{rel}","templated":true}]}}