{"id":43540,"date":"2026-05-01T06:05:27","date_gmt":"2026-05-01T04:05:27","guid":{"rendered":"https:\/\/prizrenpost.com\/tr\/israil-savunma-bakani-iranla-savas-yakinda-yeniden-baslayabilir\/"},"modified":"2026-05-01T06:05:30","modified_gmt":"2026-05-01T04:05:30","slug":"israil-savunma-bakani-iranla-savas-yakinda-yeniden-baslayabilir","status":"publish","type":"post","link":"https:\/\/prizrenpost.com\/tr\/israil-savunma-bakani-iranla-savas-yakinda-yeniden-baslayabilir\/","title":{"rendered":"\u0130srail Savunma Bakan\u0131: \u0130ran&#8217;la sava\u015f &#8220;yak\u0131nda&#8221; yeniden ba\u015flayabilir"},"content":{"rendered":"<p><img decoding=\"async\" src=\"https:\/\/prizrenpost.com\/tr\/wp-content\/uploads\/2026\/05\/thumbs_b_c_6df3121a2b578b5e178bfe13939ec69c.jpg\" style=\"width:100%;height:auto;margin-bottom:20px\"><\/p>\n<p>\u0130srail Savunma Bakan\u0131 \u0130srail Katz, \u0130ran&#8217;la sava\u015f\u0131n &#8220;yak\u0131nda&#8221; yeniden ba\u015flayabilece\u011fi uyar\u0131s\u0131nda bulundu, Anadolu&#8217;nun haberine g\u00f6re.<\/p>\n<p>Katz, Tel Aviv&#8217;deki Savunma Bakanl\u0131\u011f\u0131 karargah\u0131nda d\u00fczenlenen askeri faaliyet s\u0131ras\u0131nda &#8220;Hedeflere ula\u015fmak i\u00e7in yak\u0131nda yeniden harekete ge\u00e7mek zorunda kalmam\u0131z m\u00fcmk\u00fcn&#8221; dedi.<\/p>\n<p>&#8220;\u0130ran ge\u00e7en y\u0131l \u00e7ok a\u011f\u0131r darbeler ald\u0131, bu darbeler onu her alanda y\u0131llar geriye g\u00f6t\u00fcrd\u00fc&#8221;. Yedioth Ahronoth gazetesinin haberine g\u00f6re, \u015funlar\u0131 ekledi.<\/p>\n<p>\u0130srail&#8217;in \u0130ran&#8217;a olas\u0131 sald\u0131r\u0131lar\u0131n yeniden ba\u015flamas\u0131 y\u00f6n\u00fcndeki tehditleri, g\u00f6zlemciler taraf\u0131ndan ABD&#8217;yi yeni askeri harekata y\u00f6nlendirme \u00e7abalar\u0131n\u0131n bir par\u00e7as\u0131 olarak g\u00f6r\u00fcl\u00fcyor.<\/p>\n<p>Ge\u00e7ti\u011fimiz hafta Katz, \u0130srail&#8217;in \u0130ran&#8217;a kar\u015f\u0131 sava\u015f\u0131 yeniden ba\u015flatmak i\u00e7in ABD&#8217;den &#8220;ye\u015fil \u0131\u015f\u0131k&#8221; bekledi\u011fini s\u00f6yledi.<\/p>\n<p>Axios&#8217;a g\u00f6re, ABD Merkez Komutanl\u0131\u011f\u0131 (CENTCOM), \u0130ran&#8217;\u0131n altyap\u0131s\u0131na y\u00f6nelik sald\u0131r\u0131lar\u0131 da i\u00e7erebilecek planlar haz\u0131rlad\u0131. ve H\u00fcrm\u00fcz Bo\u011faz\u0131&#8217;nda deniz bask\u0131s\u0131n\u0131 art\u0131rmak gibi daha geni\u015f se\u00e7eneklerin yan\u0131 s\u0131ra daha geni\u015f se\u00e7enekler de var.<\/p>\n<p>\u00d6nerilerin, \u0130ran&#8217;\u0131 \u00f6zellikle n\u00fckleer mesele konusunda daha esnek bir \u015fekilde m\u00fczakerelere geri d\u00f6nmeye zorlamay\u0131 ama\u00e7lad\u0131\u011f\u0131 s\u00f6yleniyor.<\/p>\n<p>ABD ve \u0130srail&#8217;in 28 \u015eubat&#8217;ta \u0130ran&#8217;a sald\u0131rmas\u0131, Tahran&#8217;\u0131n Basra K\u00f6rfezi&#8217;ndeki ABD m\u00fcttefiklerine misilleme yapmas\u0131na ve H\u00fcrm\u00fcz Bo\u011faz\u0131&#8217;n\u0131 kapatmas\u0131na neden oldu.<\/p>\n<p>8 Nisan&#8217;da Pakistan&#8217;\u0131n arabuluculu\u011funda ate\u015fkes ilan edildi ve ard\u0131ndan ate\u015fkes ilan edildi. 11 Nisan&#8217;da \u0130slamabad&#8217;da yap\u0131lan g\u00f6r\u00fc\u015fmelerde bir anla\u015fmaya var\u0131lamad\u0131. ABD Ba\u015fkan\u0131 Donald Trump daha sonra Pakistan&#8217;\u0131n talebi \u00fczerine ate\u015fkesi yeni bir son tarih vermeden uzatt\u0131.<\/p>\n<p>Tecr\u00fcbeyi geli\u015ftirmek ve reklam g\u00f6r\u00fcnt\u00fclemek (Google AdSense) i\u00e7in \u00e7erezleri kullan\u0131yoruz.<br \/>\n          &#8220;Kabul Et&#8221; se\u00e7ene\u011fine t\u0131klayarak \u00e7erezlerin a\u015fa\u011f\u0131daki \u015fartlara g\u00f6re kullan\u0131lmas\u0131n\u0131 kabul etmi\u015f olursunuz.<br \/>\n          Gizlilik Politikas\u0131<br \/>\n          ve<br \/>\n          \u00c7erez Politikas\u0131.<br \/>\n          &#8220;Reddet&#8221;i t\u0131klayarak gerekli olmayan \u00e7erezleri reddedebilirsiniz.<\/p>\n<hr style=\"margin:30px 0\">\n<p style=\"font-size:13px;color:#666\">Kaynak: <strong>prizrenpost<\/strong><\/p>\n","protected":false},"excerpt":{"rendered":"<p>\u0130srail Savunma Bakan\u0131 \u0130srail Katz, \u0130ran&#8217;la sava\u015f\u0131n &#8220;yak\u0131nda&#8221; yeniden ba\u015flayabilece\u011fi uyar\u0131s\u0131nda bulundu, Anadolu&#8217;nun haberine g\u00f6re. Katz, Tel Aviv&#8217;deki Savunma Bakanl\u0131\u011f\u0131 karargah\u0131nda d\u00fczenlenen askeri faaliyet s\u0131ras\u0131nda &#8220;Hedeflere ula\u015fmak i\u00e7in yak\u0131nda yeniden harekete ge\u00e7mek zorunda kalmam\u0131z m\u00fcmk\u00fcn&#8221; dedi. &#8220;\u0130ran ge\u00e7en y\u0131l \u00e7ok a\u011f\u0131r darbeler ald\u0131, bu darbeler onu her alanda y\u0131llar geriye g\u00f6t\u00fcrd\u00fc&#8221;. Yedioth Ahronoth gazetesinin haberine [&hellip;]<\/p>\n","protected":false},"author":1,"featured_media":43541,"comment_status":"open","ping_status":"open","sticky":false,"template":"","format":"standard","meta":{"footnotes":""},"categories":[24],"tags":[179],"class_list":["post-43540","post","type-post","status-publish","format-standard","has-post-thumbnail","hentry","category-dunya","tag-aktuel"],"views":4,"_links":{"self":[{"href":"https:\/\/prizrenpost.com\/tr\/wp-json\/wp\/v2\/posts\/43540","targetHints":{"allow":["GET"]}}],"collection":[{"href":"https:\/\/prizrenpost.com\/tr\/wp-json\/wp\/v2\/posts"}],"about":[{"href":"https:\/\/prizrenpost.com\/tr\/wp-json\/wp\/v2\/types\/post"}],"author":[{"embeddable":true,"href":"https:\/\/prizrenpost.com\/tr\/wp-json\/wp\/v2\/users\/1"}],"replies":[{"embeddable":true,"href":"https:\/\/prizrenpost.com\/tr\/wp-json\/wp\/v2\/comments?post=43540"}],"version-history":[{"count":1,"href":"https:\/\/prizrenpost.com\/tr\/wp-json\/wp\/v2\/posts\/43540\/revisions"}],"predecessor-version":[{"id":43542,"href":"https:\/\/prizrenpost.com\/tr\/wp-json\/wp\/v2\/posts\/43540\/revisions\/43542"}],"wp:featuredmedia":[{"embeddable":true,"href":"https:\/\/prizrenpost.com\/tr\/wp-json\/wp\/v2\/media\/43541"}],"wp:attachment":[{"href":"https:\/\/prizrenpost.com\/tr\/wp-json\/wp\/v2\/media?parent=43540"}],"wp:term":[{"taxonomy":"category","embeddable":true,"href":"https:\/\/prizrenpost.com\/tr\/wp-json\/wp\/v2\/categories?post=43540"},{"taxonomy":"post_tag","embeddable":true,"href":"https:\/\/prizrenpost.com\/tr\/wp-json\/wp\/v2\/tags?post=43540"}],"curies":[{"name":"wp","href":"https:\/\/api.w.org\/{rel}","templated":true}]}}