{"id":43546,"date":"2026-05-01T06:55:29","date_gmt":"2026-05-01T04:55:29","guid":{"rendered":"https:\/\/prizrenpost.com\/tr\/muslumanlara-yonelik-soykirim-onlari-birlestiriyor-vucic-ve-netanyahu-tam-olarak-ne-uzerinde-anlastilar\/"},"modified":"2026-05-01T06:55:31","modified_gmt":"2026-05-01T04:55:31","slug":"muslumanlara-yonelik-soykirim-onlari-birlestiriyor-vucic-ve-netanyahu-tam-olarak-ne-uzerinde-anlastilar","status":"publish","type":"post","link":"https:\/\/prizrenpost.com\/tr\/muslumanlara-yonelik-soykirim-onlari-birlestiriyor-vucic-ve-netanyahu-tam-olarak-ne-uzerinde-anlastilar\/","title":{"rendered":"M\u00fcsl\u00fcmanlara y\u00f6nelik soyk\u0131r\u0131m onlar\u0131 birle\u015ftiriyor: Vucic ve Netanyahu tam olarak ne \u00fczerinde anla\u015ft\u0131lar?"},"content":{"rendered":"<p><img decoding=\"async\" src=\"https:\/\/prizrenpost.com\/tr\/wp-content\/uploads\/2026\/05\/Vucic_netanjahu_Izrael_Vlada_7bcf7c1fdc.jpg\" style=\"width:100%;height:auto;margin-bottom:20px\"><\/p>\n<p>Ne yaz\u0131k ki Tiran da Siyonist devletle &#8220;tepeden t\u0131rna\u011fa&#8221; Belgrad&#8217;la ayn\u0131 safta.<\/p>\n<p>S\u0131rp h\u00fck\u00fcmetinin talebi \u00fczerine, S\u0131rbistan Parlamentosu Savunma ve \u0130\u00e7i\u015fleri Komitesi, 29 Nisan&#8217;da d\u00fcn oy \u00e7oklu\u011fuyla anla\u015fmay\u0131 destekledi ve anla\u015fman\u0131n Ulusal Meclis taraf\u0131ndan resmi olarak onaylanmadan \u00f6nce ge\u00e7ici olarak uygulanmas\u0131na izin verdi. Belirtildi\u011fi gibi, uygulaman\u0131n aciliyeti, S\u0131rp Ordusunu donatmak amac\u0131yla \u0130srail&#8217;den beklenen askeri te\u00e7hizat sevkiyat\u0131ndan kaynaklan\u0131yor.<\/p>\n<p>BIRN taraf\u0131ndan ele ge\u00e7irilen belgede, &#8220;\u00d6nerilen anla\u015fman\u0131n uygulanmas\u0131na m\u00fcmk\u00fcn olan en erken ba\u015flang\u0131\u00e7, silah ve askeri te\u00e7hizat tedariki ve S\u0131rp Ordusunun operasyonel yeteneklerinin iyile\u015ftirilmesine ili\u015fkin s\u00f6zle\u015fmenin m\u00fcmk\u00fcn olan en k\u0131sa s\u00fcrede imzalan\u0131p y\u00fcr\u00fcrl\u00fc\u011fe girmesine olanak sa\u011flayacakt\u0131r.&#8221;<\/p>\n<p>Bu tedarikin b\u00fcy\u00fck olas\u0131l\u0131kla \u0130srailli silah imalat \u015firketi Elbit ile ba\u011flant\u0131l\u0131 olmas\u0131 bekleniyor. Sistemler. Ge\u00e7en y\u0131l\u0131n ba\u015flar\u0131nda Elbit Systems, S\u0131rbistan&#8217;a 335 milyon dolar de\u011ferinde geli\u015fmi\u015f top\u00e7u sistemleri ve insans\u0131z hava ara\u00e7lar\u0131 satt\u0131. A\u011fustos 2025&#8217;te Belgrad&#8217;a insans\u0131z hava ara\u00e7lar\u0131, uzun menzilli f\u00fczeler, elektronik harp sistemleri ve di\u011fer askeri te\u00e7hizat\u0131n tedari\u011fi i\u00e7in 1,6 milyar dolar de\u011ferinde ba\u015fka bir s\u00f6zle\u015fme imzaland\u0131. BIRN ayr\u0131ca May\u0131s ay\u0131nda S\u0131rbistan&#8217;\u0131n Elbit ile birlikte kendi topraklar\u0131nda insans\u0131z hava arac\u0131 \u00fcretmeyi planlad\u0131\u011f\u0131n\u0131 bildirdi ve S\u0131rbistan Cumhurba\u015fkan\u0131 Aleksandar Vucic daha sonra bunu do\u011frulad\u0131.<\/p>\n<p>Buna paralel olarak S\u0131rbistan&#8217;\u0131n \u0130srail&#8217;e silah ihracat\u0131 2023&#8217;ten bu yana 42 kat artarak ge\u00e7en y\u0131l 114 milyon avroya ula\u015ft\u0131. G\u00fcvenlik Komitesi toplant\u0131s\u0131nda anla\u015fmaya kar\u015f\u0131 oy kullanan muhalefetteki Ye\u015fil-Sol Cephe&#8217;den (ZLF) milletvekili Radovanovi\u00e7, BIRN&#8217;e, Savunma Bakanl\u0131\u011f\u0131&#8217;ndan hi\u00e7bir temsilcinin bunun neden acil oldu\u011fu veya Elbit Systems \u015firketi ile yap\u0131lan \u00e7e\u015fitli anla\u015fmalarla ilgili olup olmad\u0131\u011f\u0131 konusunda ayr\u0131nt\u0131l\u0131 bir a\u00e7\u0131klama yapmad\u0131\u011f\u0131n\u0131 s\u00f6yledi.<\/p>\n<p>\u201cTam olarak &#8216;kar\u015f\u0131l\u0131kl\u0131 koruma&#8217; olarak ne yazd\u0131\u011f\u0131 ve \u00f6rne\u011fin Mossad&#8217;\u0131n art\u0131k ortak &#8216;kar\u015f\u0131l\u0131kl\u0131 koruma&#8217; yetkisine sahip olup olmayaca\u011f\u0131 konusundaki ikilemler hakk\u0131nda bilgilendirilmedim bile. Gazze&#8217;de soyk\u0131r\u0131m yapt\u0131\u011f\u0131na inand\u0131\u011f\u0131 bir \u00fclkeyle anla\u015fma yap\u0131lmas\u0131na kar\u015f\u0131 oldu\u011funu vurgulayan Bogdanovi\u00e7, &#8220;B\u00f6lgemizdeki gizli veriler&#8221; dedi.<\/p>\n<p>Parlamento komitesi \u00fcyelerine yap\u0131lan a\u00e7\u0131klamaya g\u00f6re, anla\u015fman\u0131n inisiyatifi \u0130srail&#8217;den geldi. Ard\u0131ndan anla\u015fman\u0131n ayr\u0131nt\u0131lar\u0131 \u00fczerinde anla\u015fmaya var\u0131lan iki video konferans d\u00fczenlendi. BIRN taraf\u0131ndan elde edilen anla\u015fma, bunun uygulanmas\u0131ndan S\u0131rbistan&#8217;da Savunma Bakanl\u0131\u011f\u0131&#8217;n\u0131n sorumlu olaca\u011f\u0131n\u0131 belirtirken, \u0130srail&#8217;de \u0130srail Savunma Bakanl\u0131\u011f\u0131 b\u00fcnyesindeki bir kurum olan Malmab olarak da bilinen Savunma Sistemleri G\u00fcvenlik Direkt\u00f6rl\u00fc\u011f\u00fc&#8217;n\u00fcn (DSDE) yurtd\u0131\u015f\u0131nda teknolojik bilgi ve istihbarat verileri elde etmekle me\u015fgul oldu\u011fundan istihbarat kapasitesinde de hareket etti\u011fini belirtiyor.<\/p>\n<p>Her iki \u00fclke de herhangi bir anla\u015fmazl\u0131\u011f\u0131n kamuya a\u00e7\u0131klanmayaca\u011f\u0131 ve herhangi bir anla\u015fmazl\u0131\u011f\u0131n veya ihtilaf\u0131n &#8220;herhangi bir ulusal veya uluslararas\u0131 mahkemeye veya mahkemeye konu olmayaca\u011f\u0131&#8221; konusunda mutabakata vard\u0131. ne de herhangi bir yasa&#8221;: &#8220;Her bir taraf, di\u011fer taraf yaz\u0131l\u0131 olarak onaylamad\u0131\u011f\u0131 s\u00fcrece, bu anla\u015fma kapsam\u0131ndaki i\u015fbirli\u011fi alanlar\u0131 ve ortak faaliyetlerle ilgili kamuya a\u00e7\u0131k herhangi bir yay\u0131ndan ka\u00e7\u0131nmay\u0131 taahh\u00fct eder.&#8221;<\/p>\n<p>Anla\u015fmada ayr\u0131ca her iki \u00fclkenin de &#8220;her iki taraf i\u00e7in uygun oldu\u011funda&#8221; zaman zaman di\u011fer taraf\u0131n topraklar\u0131n\u0131 ziyaret etmek \u00fczere g\u00fcvenlik uzmanlar\u0131ndan olu\u015fan heyetler g\u00f6nderme hakk\u0131na sahip oldu\u011fu da belirtiliyor. Anla\u015fma, ortak giri\u015fimler, s\u00f6zle\u015fmeler ve ayr\u0131ca &#8220;savunma te\u00e7hizat\u0131 veya askeri teknik bilgi veya \u00e7ift kullan\u0131ml\u0131 mal, yaz\u0131l\u0131m veya teknolojinin sat\u0131\u015f\u0131&#8221; ile ilgili gizli bilgilerin her t\u00fcrl\u00fc transferini veya al\u0131\u015fveri\u015fini kaps\u0131yor. stat\u00fcleri ne olursa olsun. Gizli bilgilerin bir &#8220;\u00fc\u00e7\u00fcnc\u00fc tarafa&#8221;, yani bir devlet memuruna, y\u00fckleniciye, y\u00fcklenicinin \u00e7al\u0131\u015fan\u0131na veya herhangi bir &#8220;uluslararas\u0131 kurulu\u015fa&#8221; if\u015fa edilmesi yasakt\u0131r.<\/p>\n<p>Bir &#8220;g\u00fcvenlik ihlali&#8221; veya birinden \u015f\u00fcphe edilmesi durumunda, bunun meydana geldi\u011fi devlet, bunun bir daha ger\u00e7ekle\u015fmemesini sa\u011flamak i\u00e7in di\u011fer tarafa bildirimde bulunmal\u0131, bir soru\u015fturma ba\u015flatmal\u0131, soru\u015fturma sonu\u00e7lar\u0131n\u0131 ve &#8220;al\u0131nan d\u00fczeltici \u00f6nlemlerin&#8221; ayr\u0131nt\u0131lar\u0131n\u0131 iletmelidir. \/tesheshi<\/p>\n<p>Tecr\u00fcbeyi geli\u015ftirmek ve reklamlar\u0131 g\u00f6r\u00fcnt\u00fclemek i\u00e7in \u00e7erezleri kullan\u0131r\u0131z (Google AdSense).<br \/>\n          &#8220;Kabul Et&#8221; se\u00e7ene\u011fine t\u0131klayarak \u00e7erezlerin a\u015fa\u011f\u0131daki \u015fartlara g\u00f6re kullan\u0131lmas\u0131n\u0131 kabul etmi\u015f olursunuz.<br \/>\n          Gizlilik Politikas\u0131<br \/>\n          ve<br \/>\n          \u00c7erez Politikas\u0131.<br \/>\n          &#8220;Reddet&#8221;i t\u0131klayarak gerekli olmayan \u00e7erezleri reddedebilirsiniz.<\/p>\n<hr style=\"margin:30px 0\">\n<p style=\"font-size:13px;color:#666\">Kaynak: <strong>prizrenpost<\/strong><\/p>\n","protected":false},"excerpt":{"rendered":"<p>Ne yaz\u0131k ki Tiran da Siyonist devletle &#8220;tepeden t\u0131rna\u011fa&#8221; Belgrad&#8217;la ayn\u0131 safta. S\u0131rp h\u00fck\u00fcmetinin talebi \u00fczerine, S\u0131rbistan Parlamentosu Savunma ve \u0130\u00e7i\u015fleri Komitesi, 29 Nisan&#8217;da d\u00fcn oy \u00e7oklu\u011fuyla anla\u015fmay\u0131 destekledi ve anla\u015fman\u0131n Ulusal Meclis taraf\u0131ndan resmi olarak onaylanmadan \u00f6nce ge\u00e7ici olarak uygulanmas\u0131na izin verdi. Belirtildi\u011fi gibi, uygulaman\u0131n aciliyeti, S\u0131rp Ordusunu donatmak amac\u0131yla \u0130srail&#8217;den beklenen askeri te\u00e7hizat [&hellip;]<\/p>\n","protected":false},"author":1,"featured_media":43547,"comment_status":"open","ping_status":"open","sticky":false,"template":"","format":"standard","meta":{"footnotes":""},"categories":[24],"tags":[179],"class_list":["post-43546","post","type-post","status-publish","format-standard","has-post-thumbnail","hentry","category-dunya","tag-aktuel"],"views":5,"_links":{"self":[{"href":"https:\/\/prizrenpost.com\/tr\/wp-json\/wp\/v2\/posts\/43546","targetHints":{"allow":["GET"]}}],"collection":[{"href":"https:\/\/prizrenpost.com\/tr\/wp-json\/wp\/v2\/posts"}],"about":[{"href":"https:\/\/prizrenpost.com\/tr\/wp-json\/wp\/v2\/types\/post"}],"author":[{"embeddable":true,"href":"https:\/\/prizrenpost.com\/tr\/wp-json\/wp\/v2\/users\/1"}],"replies":[{"embeddable":true,"href":"https:\/\/prizrenpost.com\/tr\/wp-json\/wp\/v2\/comments?post=43546"}],"version-history":[{"count":1,"href":"https:\/\/prizrenpost.com\/tr\/wp-json\/wp\/v2\/posts\/43546\/revisions"}],"predecessor-version":[{"id":43548,"href":"https:\/\/prizrenpost.com\/tr\/wp-json\/wp\/v2\/posts\/43546\/revisions\/43548"}],"wp:featuredmedia":[{"embeddable":true,"href":"https:\/\/prizrenpost.com\/tr\/wp-json\/wp\/v2\/media\/43547"}],"wp:attachment":[{"href":"https:\/\/prizrenpost.com\/tr\/wp-json\/wp\/v2\/media?parent=43546"}],"wp:term":[{"taxonomy":"category","embeddable":true,"href":"https:\/\/prizrenpost.com\/tr\/wp-json\/wp\/v2\/categories?post=43546"},{"taxonomy":"post_tag","embeddable":true,"href":"https:\/\/prizrenpost.com\/tr\/wp-json\/wp\/v2\/tags?post=43546"}],"curies":[{"name":"wp","href":"https:\/\/api.w.org\/{rel}","templated":true}]}}