{"id":43549,"date":"2026-05-01T08:15:42","date_gmt":"2026-05-01T06:15:42","guid":{"rendered":"https:\/\/prizrenpost.com\/tr\/fifa-baskani-iran-dunya-kupasi-maclarini-abdde-oynayacak\/"},"modified":"2026-05-01T08:15:43","modified_gmt":"2026-05-01T06:15:43","slug":"fifa-baskani-iran-dunya-kupasi-maclarini-abdde-oynayacak","status":"publish","type":"post","link":"https:\/\/prizrenpost.com\/tr\/fifa-baskani-iran-dunya-kupasi-maclarini-abdde-oynayacak\/","title":{"rendered":"FIFA Ba\u015fkan\u0131: \u0130ran, D\u00fcnya Kupas\u0131 ma\u00e7lar\u0131n\u0131 ABD&#8217;de oynayacak"},"content":{"rendered":"<p><img decoding=\"async\" src=\"https:\/\/prizrenpost.com\/tr\/wp-content\/uploads\/2026\/05\/fifa-ngre-zerin-kunder-diskriminimit-infantino-humbje-per-klubet-me-tifoze-raciste-si-dhe-kallezime-penale_65ace04386b7c.jpeg\" style=\"width:100%;height:auto;margin-bottom:20px\"><\/p>\n<p>Uluslararas\u0131 futbol kurulu\u015fu FIFA&#8217;n\u0131n ba\u015fkan\u0131 Gianni Infantino, \u0130ran&#8217;\u0131n bu yaz 2026 D\u00fcnya Kupas\u0131&#8217;na kat\u0131laca\u011f\u0131n\u0131 ve planlanan ma\u00e7lar\u0131 devam eden sava\u015fa ra\u011fmen ABD topraklar\u0131nda oynayaca\u011f\u0131n\u0131 do\u011frulad\u0131.<\/p>\n<p>Infantino, Vancouver&#8217;daki 76. FIFA Kongresi&#8217;nde &#8220;\u0130ran 2026 FIFA D\u00fcnya Kupas\u0131&#8217;na kat\u0131lacak ve elbette \u0130ran ABD&#8217;de oynayacak&#8221; dedi. Kanada.<\/p>\n<p>Karar\u0131n &#8220;insanlar\u0131 bir araya getirme&#8221; sorumlulu\u011funa dayand\u0131\u011f\u0131n\u0131 savundu ve futbolun k\u00fcresel b\u00f6l\u00fcnmeler aras\u0131nda &#8220;d\u00fcnyay\u0131 birle\u015ftiren&#8221; e\u015fsiz bir g\u00fc\u00e7 olmaya devam etti\u011fini vurgulad\u0131.<\/p>\n<p>\u0130ran, 11 Haziran&#8217;da ABD, Kanada ve Meksika&#8217;da ba\u015flayacak turnuvaya kat\u0131lmaya hak kazand\u0131. Tak\u0131m\u0131n 15 ve 21 Haziran&#8217;da Los Angeles&#8217;ta Yeni Zelanda ve Bel\u00e7ika ile, 26 Haziran&#8217;da ise Seattle&#8217;da M\u0131s\u0131r ile kar\u015f\u0131la\u015fmas\u0131 bekleniyor.<\/p>\n<p>\u0130ran&#8217;\u0131n ma\u00e7lar\u0131n\u0131 ev sahibi \u00fclkelerden biri olan Meksika&#8217;ya ta\u015f\u0131ma talebi FIFA taraf\u0131ndan reddedildi.<\/p>\n<p>Ancak kat\u0131l\u0131m\u0131n yolu olduk\u00e7a belirsiz. \u0130ran Spor Bakan\u0131 Ahmed Donyamali, ABD-\u0130srail sald\u0131r\u0131s\u0131n\u0131n ba\u015flang\u0131c\u0131nda d\u00f6nemin dini lideri Ali Hamaney&#8217;in 28 \u015eubat&#8217;ta \u00f6ld\u00fcr\u00fclmesini gerek\u00e7e g\u00f6stererek \u00fclkenin &#8220;hi\u00e7bir ko\u015fulda&#8221; kat\u0131lamayaca\u011f\u0131n\u0131 s\u00f6yledi. D\u00fcnyaya &#8220;kendi hayatlar\u0131 ve g\u00fcvenlikleri i\u00e7in&#8221; kat\u0131lmalar\u0131n\u0131n uygun olmad\u0131\u011f\u0131n\u0131 d\u00fc\u015f\u00fcn\u00fcyor.<\/p>\n<p>Tecr\u00fcbeyi geli\u015ftirmek ve reklam g\u00f6r\u00fcnt\u00fclemek (Google AdSense) i\u00e7in \u00e7erezler kullan\u0131yoruz.<br \/>\n          &#8220;Kabul Et&#8221; se\u00e7ene\u011fine t\u0131klayarak \u00e7erezlerin a\u015fa\u011f\u0131daki \u015fartlara g\u00f6re kullan\u0131lmas\u0131n\u0131 kabul etmi\u015f olursunuz.<br \/>\n          Gizlilik Politikas\u0131<br \/>\n          ve<br \/>\n          \u00c7erez Politikas\u0131.<br \/>\n          &#8220;Reddet&#8221;i t\u0131klayarak gerekli olmayan \u00e7erezleri reddedebilirsiniz.<\/p>\n<hr style=\"margin:30px 0\">\n<p style=\"font-size:13px;color:#666\">Kaynak: <strong>prizrenpost<\/strong><\/p>\n","protected":false},"excerpt":{"rendered":"<p>Uluslararas\u0131 futbol kurulu\u015fu FIFA&#8217;n\u0131n ba\u015fkan\u0131 Gianni Infantino, \u0130ran&#8217;\u0131n bu yaz 2026 D\u00fcnya Kupas\u0131&#8217;na kat\u0131laca\u011f\u0131n\u0131 ve planlanan ma\u00e7lar\u0131 devam eden sava\u015fa ra\u011fmen ABD topraklar\u0131nda oynayaca\u011f\u0131n\u0131 do\u011frulad\u0131. Infantino, Vancouver&#8217;daki 76. FIFA Kongresi&#8217;nde &#8220;\u0130ran 2026 FIFA D\u00fcnya Kupas\u0131&#8217;na kat\u0131lacak ve elbette \u0130ran ABD&#8217;de oynayacak&#8221; dedi. Kanada. Karar\u0131n &#8220;insanlar\u0131 bir araya getirme&#8221; sorumlulu\u011funa dayand\u0131\u011f\u0131n\u0131 savundu ve futbolun k\u00fcresel b\u00f6l\u00fcnmeler [&hellip;]<\/p>\n","protected":false},"author":1,"featured_media":43550,"comment_status":"open","ping_status":"open","sticky":false,"template":"","format":"standard","meta":{"footnotes":""},"categories":[24],"tags":[179],"class_list":["post-43549","post","type-post","status-publish","format-standard","has-post-thumbnail","hentry","category-dunya","tag-aktuel"],"views":5,"_links":{"self":[{"href":"https:\/\/prizrenpost.com\/tr\/wp-json\/wp\/v2\/posts\/43549","targetHints":{"allow":["GET"]}}],"collection":[{"href":"https:\/\/prizrenpost.com\/tr\/wp-json\/wp\/v2\/posts"}],"about":[{"href":"https:\/\/prizrenpost.com\/tr\/wp-json\/wp\/v2\/types\/post"}],"author":[{"embeddable":true,"href":"https:\/\/prizrenpost.com\/tr\/wp-json\/wp\/v2\/users\/1"}],"replies":[{"embeddable":true,"href":"https:\/\/prizrenpost.com\/tr\/wp-json\/wp\/v2\/comments?post=43549"}],"version-history":[{"count":1,"href":"https:\/\/prizrenpost.com\/tr\/wp-json\/wp\/v2\/posts\/43549\/revisions"}],"predecessor-version":[{"id":43551,"href":"https:\/\/prizrenpost.com\/tr\/wp-json\/wp\/v2\/posts\/43549\/revisions\/43551"}],"wp:featuredmedia":[{"embeddable":true,"href":"https:\/\/prizrenpost.com\/tr\/wp-json\/wp\/v2\/media\/43550"}],"wp:attachment":[{"href":"https:\/\/prizrenpost.com\/tr\/wp-json\/wp\/v2\/media?parent=43549"}],"wp:term":[{"taxonomy":"category","embeddable":true,"href":"https:\/\/prizrenpost.com\/tr\/wp-json\/wp\/v2\/categories?post=43549"},{"taxonomy":"post_tag","embeddable":true,"href":"https:\/\/prizrenpost.com\/tr\/wp-json\/wp\/v2\/tags?post=43549"}],"curies":[{"name":"wp","href":"https:\/\/api.w.org\/{rel}","templated":true}]}}