{"id":43555,"date":"2026-05-01T08:25:58","date_gmt":"2026-05-01T06:25:58","guid":{"rendered":"https:\/\/prizrenpost.com\/tr\/dunyanin-en-prestijli-medyasinin-israile-yaptigi-dua\/"},"modified":"2026-05-01T08:26:00","modified_gmt":"2026-05-01T06:26:00","slug":"dunyanin-en-prestijli-medyasinin-israile-yaptigi-dua","status":"publish","type":"post","link":"https:\/\/prizrenpost.com\/tr\/dunyanin-en-prestijli-medyasinin-israile-yaptigi-dua\/","title":{"rendered":"D\u00fcnyan\u0131n en prestijli medyas\u0131n\u0131n \u0130srail&#8217;e yapt\u0131\u011f\u0131 &#8220;dua&#8221;"},"content":{"rendered":"<p><img decoding=\"async\" src=\"https:\/\/prizrenpost.com\/tr\/wp-content\/uploads\/2026\/05\/xrwma-gaza-press.jpg\" style=\"width:100%;height:auto;margin-bottom:20px\"><\/p>\n<p>&#8220;Bilgi edinme hakk\u0131&#8221; ve &#8220;haber verme \u00f6zg\u00fcrl\u00fc\u011f\u00fc&#8221;n\u00fc zaman\u0131nda uygulayan bir devlet<\/p>\n<p>Yakla\u015f\u0131k 30 uluslararas\u0131 medya kurulu\u015funun ba\u015fkanlar\u0131, ortak bir a\u00e7\u0131k mektupla \u0130srail&#8217;e, Hamas&#8217;a kar\u015f\u0131 sava\u015f\u0131n iki y\u0131l\u0131 a\u015fk\u0131n bir s\u00fcre \u00f6nce ba\u015flamas\u0131ndan bu yana yabanc\u0131 gazetecilere kapal\u0131 olan Gazze \u015eeridi&#8217;ne serbest eri\u015fim izni verilmesi \u00e7a\u011fr\u0131s\u0131nda bulundu.<\/p>\n<p>Mektup, di\u011ferlerinin yan\u0131 s\u0131ra BBC, CNN, New York Times, Washington Post, Guardian, El Pais, Le Monde ve AP, Reuters ve AFP haber ajanslar\u0131n\u0131n ba\u015fkanlar\u0131 taraf\u0131ndan imzaland\u0131. di\u011ferleri.<\/p>\n<p>Mektubunda, &#8220;Gazeteciler her \u00e7at\u0131\u015fmada sava\u015f alan\u0131na eri\u015fim konusunda k\u0131s\u0131tlamalarla kar\u015f\u0131 kar\u015f\u0131ya kal\u0131yor. Ancak Gazze&#8217;de durum farkl\u0131. \u0130srail, gazetecilerin b\u00f6lgeye ba\u011f\u0131ms\u0131z olarak girmesini 930 g\u00fcnden fazla bir s\u00fcredir yasakl\u0131yor&#8221; diye yaz\u0131yorlar ve k\u0131s\u0131tlamalar\u0131n &#8220;derhal&#8221; kald\u0131r\u0131lmas\u0131n\u0131 talep ediyorlar.<\/p>\n<p>Yabanc\u0131 gazeteciler ve onlar\u0131n temsilcileri, Gazze&#8217;deki y\u0131k\u0131c\u0131 ve soyk\u0131r\u0131m niteli\u011findeki sava\u015f\u0131n ba\u015flamas\u0131ndan bu yana, 7 Ekim&#8217;deki sald\u0131r\u0131lara tepki olarak bunu d\u00fczenli olarak talep ettiler. 2023&#8217;te \u0130srail taraf\u0131ndan i\u015fgal edilen Filistin topraklar\u0131nda Hamas taraf\u0131ndan ger\u00e7ekle\u015ftirilen sald\u0131r\u0131.<\/p>\n<p>Kud\u00fcs&#8217;teki Yabanc\u0131 Bas\u0131n Derne\u011fi (FPA) bu konuyla ilgili olarak \u0130srail mahkemelerine ba\u015fvurdu ancak \u015fu ana kadar ba\u015far\u0131l\u0131 olamad\u0131.<\/p>\n<p>Sadece birka\u00e7 d\u00fczine gazetecinin b\u00f6lgeyi \u0130srail silahl\u0131 kuvvetlerinin g\u00f6zetimi alt\u0131nda ve ba\u011f\u0131ms\u0131z gazetecilik \u00e7al\u0131\u015fmas\u0131na izin vermeyen k\u0131s\u0131tlamalarla ge\u00e7ici olarak ziyaret etmesine izin verildi.<\/p>\n<p>\u0130srailli yetkililer, k\u0131r\u0131lgan bir ate\u015fkes ilan edildikten sonra bile g\u00fcvenlik nedenlerini \u00f6ne s\u00fcr\u00fcyorlar. Ekim ay\u0131nda y\u00fcr\u00fcrl\u00fc\u011fe girecek. Ancak devam eden insanl\u0131k d\u0131\u015f\u0131 su\u00e7lar\u0131 g\u00f6z \u00f6n\u00fcne al\u0131nd\u0131\u011f\u0131nda, medyan\u0131n \u015eeride&#8217;ye girmesine neden izin vermedikleri a\u00e7\u0131k.<\/p>\n<p>Mevcut yasak nedeniyle, sava\u015f ve sonras\u0131n\u0131 haber yapmak &#8220;neredeyse tamamen,&#8221; a\u015f\u0131r\u0131 ko\u015fullar, a\u00e7l\u0131k, yerinden edilme, sevdiklerinin kayb\u0131, s\u00fcrekli k\u0131s\u0131tlamalar ve \u00f6l\u00fcmc\u00fcl sald\u0131r\u0131lar alt\u0131nda \u00e7al\u0131\u015fan &#8220;Filistinli meslekta\u015flar\u0131m\u0131za d\u00fc\u015f\u00fcyor. Bu y\u00fck\u00fc tek ba\u015flar\u0131na kald\u0131ramazlar ve kendilerini korumal\u0131lar&#8221; diye yaz\u0131yorlar. imzac\u0131lar da.<\/p>\n<p>Gazetecileri Koruma Komitesi&#8217;ne (CPJ) g\u00f6re, sava\u015f\u0131n ba\u015flang\u0131c\u0131ndan bu yana Gazze&#8217;de 200&#8217;den fazla Filistinli gazeteci \u00f6ld\u00fcr\u00fcld\u00fc.<\/p>\n<p>Dolay\u0131s\u0131yla, Nazi tarz\u0131 bir devlet taraf\u0131ndan Filistinlilere y\u00f6nelik Holokost&#8217;u g\u00fc\u00e7l\u00fc bir \u015fekilde k\u0131namak ve bu devletin Filistin \u015eeridi&#8217;ne girmelerine asla izin vermeyece\u011fini \u00e7ok iyi bilerek bu uluslararas\u0131 medya kurulu\u015flar\u0131n\u0131n omuzlar\u0131na ahlaki bir y\u00fck biniyor. E\u011fer ger\u00e7ekle\u015firse, vicdans\u0131z y\u00f6ntemleriyle onlardan kurtulacaklar.<\/p>\n<p>\u00c7\u00fcnk\u00fc \u0130srail temelde adaleti yerine getirmek i\u00e7in yarat\u0131lmad\u0131, ancak sonu\u00e7lar\u0131 zaten a\u00e7\u0131k\u00e7a g\u00f6r\u00fclebilen, d\u00fcnyadaki en b\u00fcy\u00fck adaletsizlik olarak yarat\u0131ld\u0131: Hayatlar\u0131nda bir Tanr\u0131 olmasa da, Tanr\u0131&#8217;n\u0131n onlar\u0131 d\u00fcnyan\u0131n boynuna basmak i\u00e7in &#8220;se\u00e7ti\u011fini&#8221; iddia eden bir avu\u00e7 aptal taraf\u0131ndan kaosa s\u00fcr\u00fcklenen bir d\u00fcnya. \/tesheshi<\/p>\n<p>Tecr\u00fcbeyi geli\u015ftirmek ve reklamlar\u0131 g\u00f6r\u00fcnt\u00fclemek i\u00e7in \u00e7erezleri kullan\u0131r\u0131z (Google AdSense).<br \/>\n          &#8220;Kabul Et&#8221; se\u00e7ene\u011fine t\u0131klayarak \u00e7erezlerin a\u015fa\u011f\u0131daki \u015fartlara g\u00f6re kullan\u0131lmas\u0131n\u0131 kabul etmi\u015f olursunuz.<br \/>\n          Gizlilik Politikas\u0131<br \/>\n          ve<br \/>\n          \u00c7erez Politikas\u0131.<br \/>\n          &#8220;Reddet&#8221;i t\u0131klayarak gerekli olmayan \u00e7erezleri reddedebilirsiniz.<\/p>\n<hr style=\"margin:30px 0\">\n<p style=\"font-size:13px;color:#666\">Kaynak: <strong>prizrenpost<\/strong><\/p>\n","protected":false},"excerpt":{"rendered":"<p>&#8220;Bilgi edinme hakk\u0131&#8221; ve &#8220;haber verme \u00f6zg\u00fcrl\u00fc\u011f\u00fc&#8221;n\u00fc zaman\u0131nda uygulayan bir devlet Yakla\u015f\u0131k 30 uluslararas\u0131 medya kurulu\u015funun ba\u015fkanlar\u0131, ortak bir a\u00e7\u0131k mektupla \u0130srail&#8217;e, Hamas&#8217;a kar\u015f\u0131 sava\u015f\u0131n iki y\u0131l\u0131 a\u015fk\u0131n bir s\u00fcre \u00f6nce ba\u015flamas\u0131ndan bu yana yabanc\u0131 gazetecilere kapal\u0131 olan Gazze \u015eeridi&#8217;ne serbest eri\u015fim izni verilmesi \u00e7a\u011fr\u0131s\u0131nda bulundu. Mektup, di\u011ferlerinin yan\u0131 s\u0131ra BBC, CNN, New York Times, [&hellip;]<\/p>\n","protected":false},"author":1,"featured_media":43556,"comment_status":"open","ping_status":"open","sticky":false,"template":"","format":"standard","meta":{"footnotes":""},"categories":[24],"tags":[179],"class_list":["post-43555","post","type-post","status-publish","format-standard","has-post-thumbnail","hentry","category-dunya","tag-aktuel"],"views":6,"_links":{"self":[{"href":"https:\/\/prizrenpost.com\/tr\/wp-json\/wp\/v2\/posts\/43555","targetHints":{"allow":["GET"]}}],"collection":[{"href":"https:\/\/prizrenpost.com\/tr\/wp-json\/wp\/v2\/posts"}],"about":[{"href":"https:\/\/prizrenpost.com\/tr\/wp-json\/wp\/v2\/types\/post"}],"author":[{"embeddable":true,"href":"https:\/\/prizrenpost.com\/tr\/wp-json\/wp\/v2\/users\/1"}],"replies":[{"embeddable":true,"href":"https:\/\/prizrenpost.com\/tr\/wp-json\/wp\/v2\/comments?post=43555"}],"version-history":[{"count":1,"href":"https:\/\/prizrenpost.com\/tr\/wp-json\/wp\/v2\/posts\/43555\/revisions"}],"predecessor-version":[{"id":43557,"href":"https:\/\/prizrenpost.com\/tr\/wp-json\/wp\/v2\/posts\/43555\/revisions\/43557"}],"wp:featuredmedia":[{"embeddable":true,"href":"https:\/\/prizrenpost.com\/tr\/wp-json\/wp\/v2\/media\/43556"}],"wp:attachment":[{"href":"https:\/\/prizrenpost.com\/tr\/wp-json\/wp\/v2\/media?parent=43555"}],"wp:term":[{"taxonomy":"category","embeddable":true,"href":"https:\/\/prizrenpost.com\/tr\/wp-json\/wp\/v2\/categories?post=43555"},{"taxonomy":"post_tag","embeddable":true,"href":"https:\/\/prizrenpost.com\/tr\/wp-json\/wp\/v2\/tags?post=43555"}],"curies":[{"name":"wp","href":"https:\/\/api.w.org\/{rel}","templated":true}]}}