{"id":43558,"date":"2026-05-01T08:37:49","date_gmt":"2026-05-01T06:37:49","guid":{"rendered":"https:\/\/prizrenpost.com\/tr\/specialenin-sozcusu-thaci-ve-digerleri-hakkindaki-kararin-ne-zaman-verilecegini-anlatiyor\/"},"modified":"2026-05-01T08:37:50","modified_gmt":"2026-05-01T06:37:50","slug":"specialenin-sozcusu-thaci-ve-digerleri-hakkindaki-kararin-ne-zaman-verilecegini-anlatiyor","status":"publish","type":"post","link":"https:\/\/prizrenpost.com\/tr\/specialenin-sozcusu-thaci-ve-digerleri-hakkindaki-kararin-ne-zaman-verilecegini-anlatiyor\/","title":{"rendered":"Speciale&#8217;nin s\u00f6zc\u00fcs\u00fc Tha\u00e7i ve di\u011ferleri hakk\u0131ndaki karar\u0131n ne zaman verilece\u011fini anlat\u0131yor"},"content":{"rendered":"<p><img decoding=\"async\" src=\"https:\/\/prizrenpost.com\/tr\/wp-content\/uploads\/2026\/05\/Thaci-dhe-te-tjeret-1.jpg\" style=\"width:100%;height:auto;margin-bottom:20px\"><\/p>\n<p>Kosova \u0130htisas Daireleri S\u00f6zc\u00fcs\u00fc Angela Griep, haftal\u0131k medya brifinginde Hashim Tha\u00e7i, Kadri Veseli, Rexhep Selimi ve Jakup Krasniqi aleyhindeki adli s\u00fcrecin \u015fu anda \u00f6nemli bir a\u015famada oldu\u011funu duyurdu.<\/p>\n<p>Griep&#8217;e g\u00f6re, bu davadaki Yarg\u0131lama Heyeti, nihai karar verilmeden \u00f6nce delillerin ve nihai iddialar\u0131n incelendi\u011fi m\u00fczakere a\u015famas\u0131na girdi. Klankosova.tv.<\/p>\n<p>Karar verme s\u00fcresinin davadan davaya de\u011fi\u015fti\u011fini ve davan\u0131n karma\u015f\u0131kl\u0131\u011f\u0131na ba\u011fl\u0131 oldu\u011funu vurgulad\u0131.<\/p>\n<p>Griep, y\u00fcr\u00fcrl\u00fckteki kurallara g\u00f6re Yarg\u0131 Panelinin karara varmak i\u00e7in 90 g\u00fcnl\u00fck bir s\u00fcreye sahip oldu\u011funu a\u00e7\u0131klad\u0131.<\/p>\n<p>Ancak bu s\u00fcrenin sabit olmad\u0131\u011f\u0131n\u0131, baz\u0131 durumlarda hakimlerin daha fazla s\u00fcre oldu\u011funu d\u00fc\u015f\u00fcnmeleri halinde oturum s\u00fcresini uzatmaya karar verebileceklerini a\u00e7\u0131klad\u0131. adil ve gerek\u00e7eli bir karar i\u00e7in gerekli.<\/p>\n<p>\u015eu anda bu davada karar\u0131n a\u00e7\u0131klanmas\u0131 i\u00e7in belirlenmi\u015f bir tarih bulunmad\u0131\u011f\u0131n\u0131 ekledi ancak hakimler belirli bir s\u00fcreye karar verir vermez kamuoyunun derhal bilgilendirilece\u011fini vurgulad\u0131.<\/p>\n<p>Usul ve Delil Kurallar\u0131&#8217;na, \u00f6zellikle de kural 159&#8217;a at\u0131fta bulunan Griep, Yarg\u0131lama Heyeti&#8217;nin s\u00fcrenin uzat\u0131lmas\u0131n\u0131 resmi olarak uzatmak zorunda olmad\u0131\u011f\u0131n\u0131n alt\u0131n\u0131 \u00e7izdi.<\/p>\n<p>Ancak uzatmaya karar vermesi halinde, bu s\u00fcrenin uzat\u0131lmas\u0131na karar verilirse kamuoyunun derhal bilgilendirilece\u011fini vurgulad\u0131. Karar verme s\u00fcrecinde bu ad\u0131m i\u00e7in gerek\u00e7eli bir karar sunmas\u0131 gerekiyor.<\/p>\n<p>Son olarak y\u00fcr\u00fcrl\u00fckteki d\u00fczenlemede bu karar\u0131n yay\u0131mlanmas\u0131 i\u00e7in kesin bir s\u00fcre s\u0131n\u0131rlamas\u0131 getirilmedi\u011fini, bu nedenle olay\u0131n geli\u015fmelerine ve karma\u015f\u0131kl\u0131\u011f\u0131na g\u00f6re s\u00fcrecin uzamas\u0131na yer b\u0131rak\u0131ld\u0131\u011f\u0131n\u0131 vurgulad\u0131.<\/p>\n<p>Tecr\u00fcbeyi geli\u015ftirmek ve reklam g\u00f6r\u00fcnt\u00fclemek (Google AdSense) amac\u0131yla \u00e7erezler kullan\u0131yoruz.<br \/>\n          &#8220;Kabul Et&#8221; se\u00e7ene\u011fine t\u0131klayarak \u00e7erezlerin a\u015fa\u011f\u0131daki \u015fartlara g\u00f6re kullan\u0131lmas\u0131n\u0131 kabul etmi\u015f olursunuz.<br \/>\n          Gizlilik Politikas\u0131<br \/>\n          ve<br \/>\n          \u00c7erez Politikas\u0131.<br \/>\n          &#8220;Reddet&#8221;i t\u0131klayarak gerekli olmayan \u00e7erezleri reddedebilirsiniz.<\/p>\n<hr style=\"margin:30px 0\">\n<p style=\"font-size:13px;color:#666\">Kaynak: <strong>prizrenpost<\/strong><\/p>\n","protected":false},"excerpt":{"rendered":"<p>Kosova \u0130htisas Daireleri S\u00f6zc\u00fcs\u00fc Angela Griep, haftal\u0131k medya brifinginde Hashim Tha\u00e7i, Kadri Veseli, Rexhep Selimi ve Jakup Krasniqi aleyhindeki adli s\u00fcrecin \u015fu anda \u00f6nemli bir a\u015famada oldu\u011funu duyurdu. Griep&#8217;e g\u00f6re, bu davadaki Yarg\u0131lama Heyeti, nihai karar verilmeden \u00f6nce delillerin ve nihai iddialar\u0131n incelendi\u011fi m\u00fczakere a\u015famas\u0131na girdi. Klankosova.tv. Karar verme s\u00fcresinin davadan davaya de\u011fi\u015fti\u011fini ve davan\u0131n [&hellip;]<\/p>\n","protected":false},"author":1,"featured_media":43559,"comment_status":"open","ping_status":"open","sticky":false,"template":"","format":"standard","meta":{"footnotes":""},"categories":[17],"tags":[],"class_list":["post-43558","post","type-post","status-publish","format-standard","has-post-thumbnail","hentry","category-adli"],"views":5,"_links":{"self":[{"href":"https:\/\/prizrenpost.com\/tr\/wp-json\/wp\/v2\/posts\/43558","targetHints":{"allow":["GET"]}}],"collection":[{"href":"https:\/\/prizrenpost.com\/tr\/wp-json\/wp\/v2\/posts"}],"about":[{"href":"https:\/\/prizrenpost.com\/tr\/wp-json\/wp\/v2\/types\/post"}],"author":[{"embeddable":true,"href":"https:\/\/prizrenpost.com\/tr\/wp-json\/wp\/v2\/users\/1"}],"replies":[{"embeddable":true,"href":"https:\/\/prizrenpost.com\/tr\/wp-json\/wp\/v2\/comments?post=43558"}],"version-history":[{"count":1,"href":"https:\/\/prizrenpost.com\/tr\/wp-json\/wp\/v2\/posts\/43558\/revisions"}],"predecessor-version":[{"id":43560,"href":"https:\/\/prizrenpost.com\/tr\/wp-json\/wp\/v2\/posts\/43558\/revisions\/43560"}],"wp:featuredmedia":[{"embeddable":true,"href":"https:\/\/prizrenpost.com\/tr\/wp-json\/wp\/v2\/media\/43559"}],"wp:attachment":[{"href":"https:\/\/prizrenpost.com\/tr\/wp-json\/wp\/v2\/media?parent=43558"}],"wp:term":[{"taxonomy":"category","embeddable":true,"href":"https:\/\/prizrenpost.com\/tr\/wp-json\/wp\/v2\/categories?post=43558"},{"taxonomy":"post_tag","embeddable":true,"href":"https:\/\/prizrenpost.com\/tr\/wp-json\/wp\/v2\/tags?post=43558"}],"curies":[{"name":"wp","href":"https:\/\/api.w.org\/{rel}","templated":true}]}}