{"id":43564,"date":"2026-05-01T09:06:02","date_gmt":"2026-05-01T07:06:02","guid":{"rendered":"https:\/\/prizrenpost.com\/tr\/gazzeliler-dunya-seslerini-duysun-diye-cadir-yakarak-protestoda-bulundu\/"},"modified":"2026-05-01T09:06:03","modified_gmt":"2026-05-01T07:06:03","slug":"gazzeliler-dunya-seslerini-duysun-diye-cadir-yakarak-protestoda-bulundu","status":"publish","type":"post","link":"https:\/\/prizrenpost.com\/tr\/gazzeliler-dunya-seslerini-duysun-diye-cadir-yakarak-protestoda-bulundu\/","title":{"rendered":"Gazzeliler d\u00fcnya seslerini duysun diye &#8220;\u00e7ad\u0131r yakarak&#8221; protestoda bulundu"},"content":{"rendered":"<p><img decoding=\"async\" src=\"https:\/\/prizrenpost.com\/tr\/wp-content\/uploads\/2026\/05\/thumbs_b_c_ebfc1f377a9afbc6e3b19cb1c059a674.jpg\" style=\"width:100%;height:auto;margin-bottom:20px\"><\/p>\n<p>Anadolu&#8217;nun haberine g\u00f6re, Gazze \u015fehrinin do\u011fusundaki Zeytun Mahallesi&#8217;ndeki Dar\u00fcsselam b\u00f6lgesi sakinleri, \u0130srail&#8217;in ate\u015fkes ihlallerine ve b\u00f6lgede k\u00f6t\u00fcle\u015fen insani ko\u015fullara dikkat \u00e7ekmek amac\u0131yla g\u00f6steri d\u00fczenledi.<\/p>\n<p>\u0130srail&#8217;in ihlalleri nedeniyle b\u00fcy\u00fck tehlike alt\u0131nda ya\u015fad\u0131klar\u0131n\u0131 ve insani yard\u0131m kurulu\u015flar\u0131ndan yard\u0131m alamad\u0131klar\u0131n\u0131 s\u00f6yleyen b\u00f6lge sakinleri, seslerini duyurmak amac\u0131yla \u00e7ad\u0131rlar\u0131 yakt\u0131. <\/p>\n<p>\u0130srail, \u00fczerinde anla\u015fmaya var\u0131lan miktarlarda g\u0131da, ila\u00e7, t\u0131bbi malzeme ve bar\u0131nma malzemesinin, 1,5 milyonu yerinden edilmi\u015f olmak \u00fczere yakla\u015f\u0131k 2,4 milyon Filistinlinin zor ko\u015fullarda ya\u015fad\u0131\u011f\u0131 Gazze&#8217;ye giri\u015fini k\u0131s\u0131tlayarak sald\u0131r\u0131lar\u0131n\u0131n yan\u0131 s\u0131ra, ge\u00e7en y\u0131l\u0131n Ekim ay\u0131ndan bu yana Gazze&#8217;deki ate\u015fkes anla\u015fmas\u0131n\u0131 ihlal etmeye devam ediyor.<\/p>\n<p>Ate\u015fkes, ge\u00e7en y\u0131l\u0131n Ekim ay\u0131nda ba\u015flayan iki y\u0131ll\u0131k \u0130srail soyk\u0131r\u0131m\u0131n\u0131n ard\u0131ndan geldi. 2023&#8217;te en az 72.340 Filistinli \u00f6ld\u00fcr\u00fcld\u00fc ve tahminen 172.250 ki\u015fi de yaraland\u0131. \u0130srail sald\u0131rganl\u0131\u011f\u0131 ayn\u0131 zamanda yerle\u015fim b\u00f6lgesinin altyap\u0131s\u0131n\u0131n yakla\u015f\u0131k y\u00fczde 90&#8217;\u0131n\u0131 da yok etti.<\/p>\n<p>Deneyimi geli\u015ftirmek ve reklamlar\u0131 g\u00f6r\u00fcnt\u00fclemek i\u00e7in \u00e7erezleri kullan\u0131yoruz (Google AdSense).<br \/>\n          &#8220;Kabul Et&#8221; se\u00e7ene\u011fine t\u0131klayarak \u00e7erezlerin a\u015fa\u011f\u0131daki \u015fartlara g\u00f6re kullan\u0131lmas\u0131n\u0131 kabul etmi\u015f olursunuz.<br \/>\n          Gizlilik Politikas\u0131<br \/>\n          ve<br \/>\n          \u00c7erez Politikas\u0131.<br \/>\n          &#8220;Reddet&#8221;i t\u0131klayarak gerekli olmayan \u00e7erezleri reddedebilirsiniz.<\/p>\n<hr style=\"margin:30px 0\">\n<p style=\"font-size:13px;color:#666\">Kaynak: <strong>prizrenpost<\/strong><\/p>\n","protected":false},"excerpt":{"rendered":"<p>Anadolu&#8217;nun haberine g\u00f6re, Gazze \u015fehrinin do\u011fusundaki Zeytun Mahallesi&#8217;ndeki Dar\u00fcsselam b\u00f6lgesi sakinleri, \u0130srail&#8217;in ate\u015fkes ihlallerine ve b\u00f6lgede k\u00f6t\u00fcle\u015fen insani ko\u015fullara dikkat \u00e7ekmek amac\u0131yla g\u00f6steri d\u00fczenledi. \u0130srail&#8217;in ihlalleri nedeniyle b\u00fcy\u00fck tehlike alt\u0131nda ya\u015fad\u0131klar\u0131n\u0131 ve insani yard\u0131m kurulu\u015flar\u0131ndan yard\u0131m alamad\u0131klar\u0131n\u0131 s\u00f6yleyen b\u00f6lge sakinleri, seslerini duyurmak amac\u0131yla \u00e7ad\u0131rlar\u0131 yakt\u0131. \u0130srail, \u00fczerinde anla\u015fmaya var\u0131lan miktarlarda g\u0131da, ila\u00e7, t\u0131bbi malzeme ve [&hellip;]<\/p>\n","protected":false},"author":1,"featured_media":43565,"comment_status":"open","ping_status":"open","sticky":false,"template":"","format":"standard","meta":{"footnotes":""},"categories":[24],"tags":[179],"class_list":["post-43564","post","type-post","status-publish","format-standard","has-post-thumbnail","hentry","category-dunya","tag-aktuel"],"views":5,"_links":{"self":[{"href":"https:\/\/prizrenpost.com\/tr\/wp-json\/wp\/v2\/posts\/43564","targetHints":{"allow":["GET"]}}],"collection":[{"href":"https:\/\/prizrenpost.com\/tr\/wp-json\/wp\/v2\/posts"}],"about":[{"href":"https:\/\/prizrenpost.com\/tr\/wp-json\/wp\/v2\/types\/post"}],"author":[{"embeddable":true,"href":"https:\/\/prizrenpost.com\/tr\/wp-json\/wp\/v2\/users\/1"}],"replies":[{"embeddable":true,"href":"https:\/\/prizrenpost.com\/tr\/wp-json\/wp\/v2\/comments?post=43564"}],"version-history":[{"count":1,"href":"https:\/\/prizrenpost.com\/tr\/wp-json\/wp\/v2\/posts\/43564\/revisions"}],"predecessor-version":[{"id":43566,"href":"https:\/\/prizrenpost.com\/tr\/wp-json\/wp\/v2\/posts\/43564\/revisions\/43566"}],"wp:featuredmedia":[{"embeddable":true,"href":"https:\/\/prizrenpost.com\/tr\/wp-json\/wp\/v2\/media\/43565"}],"wp:attachment":[{"href":"https:\/\/prizrenpost.com\/tr\/wp-json\/wp\/v2\/media?parent=43564"}],"wp:term":[{"taxonomy":"category","embeddable":true,"href":"https:\/\/prizrenpost.com\/tr\/wp-json\/wp\/v2\/categories?post=43564"},{"taxonomy":"post_tag","embeddable":true,"href":"https:\/\/prizrenpost.com\/tr\/wp-json\/wp\/v2\/tags?post=43564"}],"curies":[{"name":"wp","href":"https:\/\/api.w.org\/{rel}","templated":true}]}}