{"id":43576,"date":"2026-05-01T09:45:18","date_gmt":"2026-05-01T07:45:18","guid":{"rendered":"https:\/\/prizrenpost.com\/tr\/isci-bayrami-nedeniyle-uc-protesto-duzenlendi\/"},"modified":"2026-05-01T09:45:20","modified_gmt":"2026-05-01T07:45:20","slug":"isci-bayrami-nedeniyle-uc-protesto-duzenlendi","status":"publish","type":"post","link":"https:\/\/prizrenpost.com\/tr\/isci-bayrami-nedeniyle-uc-protesto-duzenlendi\/","title":{"rendered":"\u0130\u015f\u00e7i Bayram\u0131 nedeniyle \u00fc\u00e7 protesto d\u00fczenlendi"},"content":{"rendered":"<p><img decoding=\"async\" src=\"https:\/\/prizrenpost.com\/tr\/wp-content\/uploads\/2026\/05\/1-maji-protesta.jpg\" style=\"width:100%;height:auto;margin-bottom:20px\"><\/p>\n<p>Uluslararas\u0131 \u0130\u015f\u00e7i Bayram\u0131 m\u00fcnasebetiyle Pri\u015ftine&#8217;de farkl\u0131 kurulu\u015flar taraf\u0131ndan g\u00fcn i\u00e7inde farkl\u0131 saat ve mekanlarda ger\u00e7ekle\u015ftirilecek \u00fc\u00e7 protesto eylemi duyuruldu.<\/p>\n<p>Resmi a\u00e7\u0131klamalara g\u00f6re ilk eylem, &#8220;Ayr\u0131mc\u0131l\u0131k Yeter!&#8221; slogan\u0131yla k\u00fc\u00e7\u00fck i\u015fletme temsilcileri taraf\u0131ndan saat 09.00&#8217;da Pri\u015ftine Belediyesi \u00f6n\u00fcnden ba\u015flay\u0131p Sendika B\u00fcrosuna do\u011fru devam edecek. <\/p>\n<p>Bu arada \u00d6zel Sekt\u00f6r \u00c7al\u0131\u015fanlar\u0131 Sendikas\u0131 Federasyonu da bu g\u00fcn\u00fc kutlama kapsam\u0131nda saat 10.00&#8217;dan itibaren Zahir Pajaziti Meydan\u0131&#8217;nda bir protesto d\u00fczenliyor.<\/p>\n<p>Ayr\u0131ca Anti-Kapitalist Meclis saat 12.00&#8217;den itibaren Pri\u015ftine&#8217;de ayn\u0131 meydanda &#8220;Oyunuz yok say\u0131l\u0131r, sizin oyununuz olamaz&#8221; slogan\u0131yla eylemini duyurdu.<\/p>\n<p>1 May\u0131s D\u00fcnya \u0130\u015f\u00e7i Bayram\u0131 olarak an\u0131l\u0131yor. Bu tezah\u00fcr, i\u015f\u00e7ilerin haklar\u0131n\u0131, \u00f6zg\u00fcrl\u00fcklerini, \u00e7al\u0131\u015fma ve ya\u015fam ko\u015fullar\u0131n\u0131 talep etme ve g\u00fcvence alt\u0131na alma m\u00fccadelesinden do\u011fmu\u015ftur.<\/p>\n<p>1 May\u0131s, &#8220;Haymarket&#8221; meydan\u0131ndaki \u015fehitli\u011fin an\u0131s\u0131na ve Uluslararas\u0131 \u0130\u015f\u00e7i Dayan\u0131\u015fma G\u00fcn\u00fc&#8217;n\u00fc anmak ve kutlamak amac\u0131yla kurulan bir bayramd\u0131r.<\/p>\n<p>Tecr\u00fcbeyi geli\u015ftirmek ve reklam g\u00f6r\u00fcnt\u00fclemek (Google AdSense) i\u00e7in \u00e7erezleri kullan\u0131r\u0131z.<br \/>\n          &#8220;Kabul Et&#8221; se\u00e7ene\u011fine t\u0131klayarak \u00e7erezlerin a\u015fa\u011f\u0131daki \u015fartlara g\u00f6re kullan\u0131lmas\u0131n\u0131 kabul etmi\u015f olursunuz.<br \/>\n          Gizlilik Politikas\u0131<br \/>\n          ve<br \/>\n          \u00c7erez Politikas\u0131.<br \/>\n          &#8220;Reddet&#8221;i t\u0131klayarak gerekli olmayan \u00e7erezleri reddedebilirsiniz.<\/p>\n<hr style=\"margin:30px 0\">\n<p style=\"font-size:13px;color:#666\">Kaynak: <strong>prizrenpost<\/strong><\/p>\n","protected":false},"excerpt":{"rendered":"<p>Uluslararas\u0131 \u0130\u015f\u00e7i Bayram\u0131 m\u00fcnasebetiyle Pri\u015ftine&#8217;de farkl\u0131 kurulu\u015flar taraf\u0131ndan g\u00fcn i\u00e7inde farkl\u0131 saat ve mekanlarda ger\u00e7ekle\u015ftirilecek \u00fc\u00e7 protesto eylemi duyuruldu. Resmi a\u00e7\u0131klamalara g\u00f6re ilk eylem, &#8220;Ayr\u0131mc\u0131l\u0131k Yeter!&#8221; slogan\u0131yla k\u00fc\u00e7\u00fck i\u015fletme temsilcileri taraf\u0131ndan saat 09.00&#8217;da Pri\u015ftine Belediyesi \u00f6n\u00fcnden ba\u015flay\u0131p Sendika B\u00fcrosuna do\u011fru devam edecek. Bu arada \u00d6zel Sekt\u00f6r \u00c7al\u0131\u015fanlar\u0131 Sendikas\u0131 Federasyonu da bu g\u00fcn\u00fc kutlama kapsam\u0131nda saat [&hellip;]<\/p>\n","protected":false},"author":1,"featured_media":43577,"comment_status":"open","ping_status":"open","sticky":false,"template":"","format":"standard","meta":{"footnotes":""},"categories":[14],"tags":[179],"class_list":["post-43576","post","type-post","status-publish","format-standard","has-post-thumbnail","hentry","category-ulusal","tag-aktuel"],"views":7,"_links":{"self":[{"href":"https:\/\/prizrenpost.com\/tr\/wp-json\/wp\/v2\/posts\/43576","targetHints":{"allow":["GET"]}}],"collection":[{"href":"https:\/\/prizrenpost.com\/tr\/wp-json\/wp\/v2\/posts"}],"about":[{"href":"https:\/\/prizrenpost.com\/tr\/wp-json\/wp\/v2\/types\/post"}],"author":[{"embeddable":true,"href":"https:\/\/prizrenpost.com\/tr\/wp-json\/wp\/v2\/users\/1"}],"replies":[{"embeddable":true,"href":"https:\/\/prizrenpost.com\/tr\/wp-json\/wp\/v2\/comments?post=43576"}],"version-history":[{"count":1,"href":"https:\/\/prizrenpost.com\/tr\/wp-json\/wp\/v2\/posts\/43576\/revisions"}],"predecessor-version":[{"id":43578,"href":"https:\/\/prizrenpost.com\/tr\/wp-json\/wp\/v2\/posts\/43576\/revisions\/43578"}],"wp:featuredmedia":[{"embeddable":true,"href":"https:\/\/prizrenpost.com\/tr\/wp-json\/wp\/v2\/media\/43577"}],"wp:attachment":[{"href":"https:\/\/prizrenpost.com\/tr\/wp-json\/wp\/v2\/media?parent=43576"}],"wp:term":[{"taxonomy":"category","embeddable":true,"href":"https:\/\/prizrenpost.com\/tr\/wp-json\/wp\/v2\/categories?post=43576"},{"taxonomy":"post_tag","embeddable":true,"href":"https:\/\/prizrenpost.com\/tr\/wp-json\/wp\/v2\/tags?post=43576"}],"curies":[{"name":"wp","href":"https:\/\/api.w.org\/{rel}","templated":true}]}}