{"id":43579,"date":"2026-05-01T09:51:21","date_gmt":"2026-05-01T07:51:21","guid":{"rendered":"https:\/\/prizrenpost.com\/tr\/prizrende-bir-cocuk-kayboldu\/"},"modified":"2026-05-01T09:51:22","modified_gmt":"2026-05-01T07:51:22","slug":"prizrende-bir-cocuk-kayboldu","status":"publish","type":"post","link":"https:\/\/prizrenpost.com\/tr\/prizrende-bir-cocuk-kayboldu\/","title":{"rendered":"Prizren&#8217;de bir \u00e7ocuk kayboldu"},"content":{"rendered":"<p><img decoding=\"async\" src=\"https:\/\/prizrenpost.com\/tr\/wp-content\/uploads\/2026\/05\/e-mitura-zhduket-1.jpg\" style=\"width:100%;height:auto;margin-bottom:20px\">Prizren&#8217;deki anne, k\u00fc\u00e7\u00fck k\u0131z\u0131n\u0131n evi terk etti\u011fini ve nerede oldu\u011funun bilinmedi\u011fini bildirdi. Olay Kosova Polisi taraf\u0131ndan soru\u015fturuluyor. &#8220;Prizren 30.04.2026, 14:00. Kosoval\u0131 kad\u0131n \u015fikayet\u00e7i, Kosoval\u0131 kad\u0131n ma\u011fdur olan re\u015fit olmayan k\u0131z\u0131n\u0131n evi terk etti\u011fini ve [&#8230;]<\/p>\n<hr style=\"margin:30px 0\">\n<p style=\"font-size:13px;color:#666\">Kaynak: <strong>prizrenpost<\/strong><\/p>\n","protected":false},"excerpt":{"rendered":"<p>Prizren&#8217;deki anne, k\u00fc\u00e7\u00fck k\u0131z\u0131n\u0131n evi terk etti\u011fini ve nerede oldu\u011funun bilinmedi\u011fini bildirdi. Olay Kosova Polisi taraf\u0131ndan soru\u015fturuluyor. &#8220;Prizren 30.04.2026, 14:00. Kosoval\u0131 kad\u0131n \u015fikayet\u00e7i, Kosoval\u0131 kad\u0131n ma\u011fdur olan re\u015fit olmayan k\u0131z\u0131n\u0131n evi terk etti\u011fini ve [&#8230;] Kaynak: prizrenpost<\/p>\n","protected":false},"author":1,"featured_media":43580,"comment_status":"open","ping_status":"open","sticky":false,"template":"","format":"standard","meta":{"footnotes":""},"categories":[17],"tags":[],"class_list":["post-43579","post","type-post","status-publish","format-standard","has-post-thumbnail","hentry","category-adli"],"views":3,"_links":{"self":[{"href":"https:\/\/prizrenpost.com\/tr\/wp-json\/wp\/v2\/posts\/43579","targetHints":{"allow":["GET"]}}],"collection":[{"href":"https:\/\/prizrenpost.com\/tr\/wp-json\/wp\/v2\/posts"}],"about":[{"href":"https:\/\/prizrenpost.com\/tr\/wp-json\/wp\/v2\/types\/post"}],"author":[{"embeddable":true,"href":"https:\/\/prizrenpost.com\/tr\/wp-json\/wp\/v2\/users\/1"}],"replies":[{"embeddable":true,"href":"https:\/\/prizrenpost.com\/tr\/wp-json\/wp\/v2\/comments?post=43579"}],"version-history":[{"count":1,"href":"https:\/\/prizrenpost.com\/tr\/wp-json\/wp\/v2\/posts\/43579\/revisions"}],"predecessor-version":[{"id":43581,"href":"https:\/\/prizrenpost.com\/tr\/wp-json\/wp\/v2\/posts\/43579\/revisions\/43581"}],"wp:featuredmedia":[{"embeddable":true,"href":"https:\/\/prizrenpost.com\/tr\/wp-json\/wp\/v2\/media\/43580"}],"wp:attachment":[{"href":"https:\/\/prizrenpost.com\/tr\/wp-json\/wp\/v2\/media?parent=43579"}],"wp:term":[{"taxonomy":"category","embeddable":true,"href":"https:\/\/prizrenpost.com\/tr\/wp-json\/wp\/v2\/categories?post=43579"},{"taxonomy":"post_tag","embeddable":true,"href":"https:\/\/prizrenpost.com\/tr\/wp-json\/wp\/v2\/tags?post=43579"}],"curies":[{"name":"wp","href":"https:\/\/api.w.org\/{rel}","templated":true}]}}