{"id":43582,"date":"2026-05-01T10:05:34","date_gmt":"2026-05-01T08:05:34","guid":{"rendered":"https:\/\/prizrenpost.com\/tr\/somalideki-kitlik-krizi-daha-da-kotulesiyor-kuraklik-nedeniyle-500-000den-fazla-insan-yerinden-ediliyor\/"},"modified":"2026-05-01T10:05:34","modified_gmt":"2026-05-01T08:05:34","slug":"somalideki-kitlik-krizi-daha-da-kotulesiyor-kuraklik-nedeniyle-500-000den-fazla-insan-yerinden-ediliyor","status":"publish","type":"post","link":"https:\/\/prizrenpost.com\/tr\/somalideki-kitlik-krizi-daha-da-kotulesiyor-kuraklik-nedeniyle-500-000den-fazla-insan-yerinden-ediliyor\/","title":{"rendered":"Somali&#8217;deki k\u0131tl\u0131k krizi daha da k\u00f6t\u00fcle\u015fiyor; kurakl\u0131k nedeniyle 500.000&#8217;den fazla insan yerinden ediliyor"},"content":{"rendered":"<p><img decoding=\"async\" src=\"https:\/\/prizrenpost.com\/tr\/wp-content\/uploads\/2026\/05\/RS34768_DSC09220-1777276705.jpg\" style=\"width:100%;height:auto;margin-bottom:20px\"><\/p>\n<p>Somali, giderek ciddile\u015fen bir a\u00e7l\u0131k kriziyle kar\u015f\u0131 kar\u015f\u0131yayken, devam eden kurakl\u0131k yaln\u0131zca bu y\u0131l 500.000&#8217;den fazla insan\u0131 evlerini terk etmek zorunda b\u0131rakt\u0131.<\/p>\n<p>\u0130nsani verilere g\u00f6re, yerinden edilenlerin y\u00fczde 90&#8217;\u0131ndan fazlas\u0131 kurakl\u0131ktan kaynaklan\u0131yor; \u00fclkede halihaz\u0131rda yakla\u015f\u0131k 3,3 milyon yerinden edilmi\u015f insan bulunuyor. Mevsimsel ya\u011f\u0131\u015flar\u0131n yetersiz olmas\u0131 mahsulleri yok etti, hayvanlar\u0131 \u00f6ld\u00fcrd\u00fc ve k\u0131rsal alanlarda yoksullu\u011fu daha da k\u00f6t\u00fcle\u015ftirdi.<\/p>\n<p>Yerinden edilen aileler y\u00fcksek a\u00e7l\u0131k riskiyle kar\u015f\u0131 kar\u015f\u0131ya. Bir\u00e7o\u011fu yabani bitkilerle beslenerek g\u00fcnlerce y\u00fcr\u00fcyerek yerlerinden edilmi\u015f kamplara ula\u015f\u0131yor ve burada \u00e7o\u011fu zaman gerekli yard\u0131m\u0131 bulam\u0131yorlar.<\/p>\n<p>Evini be\u015f kez terk etmek zorunda kalan 40 ya\u015f\u0131ndaki kad\u0131n, art\u0131k ailesini besleyecek hi\u00e7bir \u015feyi olmad\u0131\u011f\u0131n\u0131 s\u00f6yl\u00fcyor. &#8220;Bu be\u015finci ayr\u0131l\u0131\u015f\u0131m ve hala kurakl\u0131kla m\u00fccadele ediyorum&#8221; dedi.<\/p>\n<p>Bu arada insani yard\u0131ma ayr\u0131lan fon da keskin bir \u015fekilde d\u00fc\u015ft\u00fc. \u015eu ana kadar talep edilen fonlar\u0131n yaln\u0131zca y\u00fczde 14&#8217;\u00fc sa\u011flanabildi ve bir\u00e7ok topluluk desteksiz kald\u0131.<\/p>\n<p>Kurulu\u015flar, son d\u00f6nemdeki mevsimsel ya\u011f\u0131\u015flar\u0131n ard\u0131 ard\u0131na ya\u015fanan kurakl\u0131\u011f\u0131n neden oldu\u011fu hasar\u0131 telafi etmek i\u00e7in yeterli olmad\u0131\u011f\u0131 ve acil yard\u0131m ihtiya\u00e7lar\u0131n\u0131n hala b\u00fcy\u00fck oldu\u011fu konusunda uyar\u0131yor. \/message<\/p>\n<p>Tecr\u00fcbeyi geli\u015ftirmek ve reklamlar\u0131 g\u00f6r\u00fcnt\u00fclemek i\u00e7in \u00e7erezleri kullan\u0131r\u0131z (Google AdSense).<br \/>\n          &#8220;Kabul Et&#8221; se\u00e7ene\u011fine t\u0131klayarak \u00e7erezlerin a\u015fa\u011f\u0131daki \u015fartlara g\u00f6re kullan\u0131lmas\u0131n\u0131 kabul etmi\u015f olursunuz.<br \/>\n          Gizlilik Politikas\u0131<br \/>\n          ve<br \/>\n          \u00c7erez Politikas\u0131.<br \/>\n          &#8220;Reddet&#8221;i t\u0131klayarak gerekli olmayan \u00e7erezleri reddedebilirsiniz.<\/p>\n<hr style=\"margin:30px 0\">\n<p style=\"font-size:13px;color:#666\">Kaynak: <strong>prizrenpost<\/strong><\/p>\n","protected":false},"excerpt":{"rendered":"<p>Somali, giderek ciddile\u015fen bir a\u00e7l\u0131k kriziyle kar\u015f\u0131 kar\u015f\u0131yayken, devam eden kurakl\u0131k yaln\u0131zca bu y\u0131l 500.000&#8217;den fazla insan\u0131 evlerini terk etmek zorunda b\u0131rakt\u0131. \u0130nsani verilere g\u00f6re, yerinden edilenlerin y\u00fczde 90&#8217;\u0131ndan fazlas\u0131 kurakl\u0131ktan kaynaklan\u0131yor; \u00fclkede halihaz\u0131rda yakla\u015f\u0131k 3,3 milyon yerinden edilmi\u015f insan bulunuyor. Mevsimsel ya\u011f\u0131\u015flar\u0131n yetersiz olmas\u0131 mahsulleri yok etti, hayvanlar\u0131 \u00f6ld\u00fcrd\u00fc ve k\u0131rsal alanlarda yoksullu\u011fu daha [&hellip;]<\/p>\n","protected":false},"author":1,"featured_media":43583,"comment_status":"open","ping_status":"open","sticky":false,"template":"","format":"standard","meta":{"footnotes":""},"categories":[24],"tags":[179],"class_list":["post-43582","post","type-post","status-publish","format-standard","has-post-thumbnail","hentry","category-dunya","tag-aktuel"],"views":3,"_links":{"self":[{"href":"https:\/\/prizrenpost.com\/tr\/wp-json\/wp\/v2\/posts\/43582","targetHints":{"allow":["GET"]}}],"collection":[{"href":"https:\/\/prizrenpost.com\/tr\/wp-json\/wp\/v2\/posts"}],"about":[{"href":"https:\/\/prizrenpost.com\/tr\/wp-json\/wp\/v2\/types\/post"}],"author":[{"embeddable":true,"href":"https:\/\/prizrenpost.com\/tr\/wp-json\/wp\/v2\/users\/1"}],"replies":[{"embeddable":true,"href":"https:\/\/prizrenpost.com\/tr\/wp-json\/wp\/v2\/comments?post=43582"}],"version-history":[{"count":1,"href":"https:\/\/prizrenpost.com\/tr\/wp-json\/wp\/v2\/posts\/43582\/revisions"}],"predecessor-version":[{"id":43584,"href":"https:\/\/prizrenpost.com\/tr\/wp-json\/wp\/v2\/posts\/43582\/revisions\/43584"}],"wp:featuredmedia":[{"embeddable":true,"href":"https:\/\/prizrenpost.com\/tr\/wp-json\/wp\/v2\/media\/43583"}],"wp:attachment":[{"href":"https:\/\/prizrenpost.com\/tr\/wp-json\/wp\/v2\/media?parent=43582"}],"wp:term":[{"taxonomy":"category","embeddable":true,"href":"https:\/\/prizrenpost.com\/tr\/wp-json\/wp\/v2\/categories?post=43582"},{"taxonomy":"post_tag","embeddable":true,"href":"https:\/\/prizrenpost.com\/tr\/wp-json\/wp\/v2\/tags?post=43582"}],"curies":[{"name":"wp","href":"https:\/\/api.w.org\/{rel}","templated":true}]}}