{"id":43600,"date":"2026-05-01T12:00:51","date_gmt":"2026-05-01T10:00:51","guid":{"rendered":"https:\/\/prizrenpost.com\/tr\/israil-gucleri-isgal-altindaki-dogu-kuduste-tutuklama-ve-baskinlar-duzenliyor\/"},"modified":"2026-05-01T12:00:52","modified_gmt":"2026-05-01T10:00:52","slug":"israil-gucleri-isgal-altindaki-dogu-kuduste-tutuklama-ve-baskinlar-duzenliyor","status":"publish","type":"post","link":"https:\/\/prizrenpost.com\/tr\/israil-gucleri-isgal-altindaki-dogu-kuduste-tutuklama-ve-baskinlar-duzenliyor\/","title":{"rendered":"\u0130srail g\u00fc\u00e7leri i\u015fgal alt\u0131ndaki Do\u011fu Kud\u00fcs&#8217;te tutuklama ve bask\u0131nlar d\u00fczenliyor"},"content":{"rendered":"<p><img decoding=\"async\" src=\"https:\/\/prizrenpost.com\/tr\/wp-content\/uploads\/2026\/05\/thumbs_b_c_ba965605be4767cec9ac481874a582cc.jpg\" style=\"width:100%;height:auto;margin-bottom:20px\"><\/p>\n<p>Kud\u00fcs Valisi, Per\u015fembe g\u00fcn\u00fc \u0130srail g\u00fc\u00e7lerinin i\u015fgal alt\u0131ndaki Do\u011fu Kud\u00fcs&#8217;te d\u00fczenledi\u011fi bask\u0131nlar s\u0131ras\u0131nda tutuklamalar yapt\u0131\u011f\u0131n\u0131 s\u00f6yledi.<\/p>\n<p>\u0130srail yetkilileri ayr\u0131ca Mescid-i Aksa&#8217;da bir gardiyan\u0131 tutuklad\u0131 ve daha sonra onu Eski \u015eehir&#8217;den yedi g\u00fcn men ve para cezas\u0131 gibi \u015fartlarla serbest b\u0131rak\u0131rken, ba\u015fka bir gardiyana da alt\u0131 ay camiye giri\u015f yasa\u011f\u0131 verildi.<\/p>\n<p>Kud\u00fcs&#8217;\u00fcn kuzeydo\u011fusundaki \u015euafat m\u00fclteci kamp\u0131nda \u0130srail g\u00fc\u00e7leri Filistinli bir adama sald\u0131rd\u0131. Vali, k\u0131sa bir s\u00fcre g\u00f6zalt\u0131nda tutulan ve serbest b\u0131rak\u0131lmadan \u00f6nce de tacize maruz kalan engelli karde\u015fini korumaya \u00e7al\u0131\u015ft\u0131\u011f\u0131n\u0131 s\u00f6yledi.<\/p>\n<p>Silvan&#8217;da, Mescid-i Aksa&#8217;n\u0131n g\u00fcneyindeki El Sevri mahallesinde, \u0130srail g\u00fc\u00e7leri ve yerel ekiplerin b\u00f6lgeye bask\u0131n yapmas\u0131, kontrol noktalar\u0131 olu\u015fturmas\u0131 ve i\u015fletmelere ve ara\u00e7lara para cezas\u0131 uygulamas\u0131 nedeniyle d\u00fckkanlar kapat\u0131ld\u0131.<\/p>\n<p>Kud\u00fcs valisi, ihlallerin, fiziksel sald\u0131r\u0131lar, tutuklamalar da dahil olmak \u00fczere Filistinlilere y\u00f6nelik sistematik bir politikan\u0131n par\u00e7as\u0131 oldu\u011funu s\u00f6yledi. k\u0131s\u0131tlamalar ve ekonomik bask\u0131.<\/p>\n<p>Tahminlere g\u00f6re, uluslararas\u0131 hukuka g\u00f6re yasa d\u0131\u015f\u0131 say\u0131lan yerle\u015fimlerde yakla\u015f\u0131k 250.000&#8217;i Do\u011fu Kud\u00fcs&#8217;te olmak \u00fczere Bat\u0131 \u015eeria&#8217;da yakla\u015f\u0131k 750.000 \u0130srailli i\u015fgalci ya\u015f\u0131yor. Filistinliler.<\/p>\n<p>Filistin rakamlar\u0131na g\u00f6re Ekim 2023&#8217;ten bu yana \u0130srail ordusunun ve i\u015fgalcilerin Bat\u0131 \u015eeria&#8217;daki sald\u0131r\u0131lar\u0131nda 1.100&#8217;den fazla Filistinli \u00f6ld\u00fcr\u00fcld\u00fc ve yakla\u015f\u0131k 12.000 Filistinli yaraland\u0131.<\/p>\n<p>Tecr\u00fcbeyi geli\u015ftirmek ve reklam g\u00f6r\u00fcnt\u00fclemek i\u00e7in \u00e7erezleri kullan\u0131yoruz (Google AdSense).<br \/>\n          &#8220;Kabul Et&#8221; se\u00e7ene\u011fine t\u0131klayarak \u00e7erezlerin a\u015fa\u011f\u0131daki \u015fartlara g\u00f6re kullan\u0131lmas\u0131n\u0131 kabul etmi\u015f olursunuz.<br \/>\n          Gizlilik Politikas\u0131<br \/>\n          ve<br \/>\n          \u00c7erez Politikas\u0131.<br \/>\n          &#8220;Reddet&#8221;i t\u0131klayarak gerekli olmayan \u00e7erezleri reddedebilirsiniz.<\/p>\n<hr style=\"margin:30px 0\">\n<p style=\"font-size:13px;color:#666\">Kaynak: <strong>prizrenpost<\/strong><\/p>\n","protected":false},"excerpt":{"rendered":"<p>Kud\u00fcs Valisi, Per\u015fembe g\u00fcn\u00fc \u0130srail g\u00fc\u00e7lerinin i\u015fgal alt\u0131ndaki Do\u011fu Kud\u00fcs&#8217;te d\u00fczenledi\u011fi bask\u0131nlar s\u0131ras\u0131nda tutuklamalar yapt\u0131\u011f\u0131n\u0131 s\u00f6yledi. \u0130srail yetkilileri ayr\u0131ca Mescid-i Aksa&#8217;da bir gardiyan\u0131 tutuklad\u0131 ve daha sonra onu Eski \u015eehir&#8217;den yedi g\u00fcn men ve para cezas\u0131 gibi \u015fartlarla serbest b\u0131rak\u0131rken, ba\u015fka bir gardiyana da alt\u0131 ay camiye giri\u015f yasa\u011f\u0131 verildi. Kud\u00fcs&#8217;\u00fcn kuzeydo\u011fusundaki \u015euafat m\u00fclteci kamp\u0131nda [&hellip;]<\/p>\n","protected":false},"author":1,"featured_media":43601,"comment_status":"open","ping_status":"open","sticky":false,"template":"","format":"standard","meta":{"footnotes":""},"categories":[24],"tags":[179],"class_list":["post-43600","post","type-post","status-publish","format-standard","has-post-thumbnail","hentry","category-dunya","tag-aktuel"],"views":6,"_links":{"self":[{"href":"https:\/\/prizrenpost.com\/tr\/wp-json\/wp\/v2\/posts\/43600","targetHints":{"allow":["GET"]}}],"collection":[{"href":"https:\/\/prizrenpost.com\/tr\/wp-json\/wp\/v2\/posts"}],"about":[{"href":"https:\/\/prizrenpost.com\/tr\/wp-json\/wp\/v2\/types\/post"}],"author":[{"embeddable":true,"href":"https:\/\/prizrenpost.com\/tr\/wp-json\/wp\/v2\/users\/1"}],"replies":[{"embeddable":true,"href":"https:\/\/prizrenpost.com\/tr\/wp-json\/wp\/v2\/comments?post=43600"}],"version-history":[{"count":1,"href":"https:\/\/prizrenpost.com\/tr\/wp-json\/wp\/v2\/posts\/43600\/revisions"}],"predecessor-version":[{"id":43602,"href":"https:\/\/prizrenpost.com\/tr\/wp-json\/wp\/v2\/posts\/43600\/revisions\/43602"}],"wp:featuredmedia":[{"embeddable":true,"href":"https:\/\/prizrenpost.com\/tr\/wp-json\/wp\/v2\/media\/43601"}],"wp:attachment":[{"href":"https:\/\/prizrenpost.com\/tr\/wp-json\/wp\/v2\/media?parent=43600"}],"wp:term":[{"taxonomy":"category","embeddable":true,"href":"https:\/\/prizrenpost.com\/tr\/wp-json\/wp\/v2\/categories?post=43600"},{"taxonomy":"post_tag","embeddable":true,"href":"https:\/\/prizrenpost.com\/tr\/wp-json\/wp\/v2\/tags?post=43600"}],"curies":[{"name":"wp","href":"https:\/\/api.w.org\/{rel}","templated":true}]}}