{"id":43603,"date":"2026-05-01T12:01:37","date_gmt":"2026-05-01T10:01:37","guid":{"rendered":"https:\/\/prizrenpost.com\/tr\/bir-yil-komada-kaldiktan-sonra-hayatini-kaybeden-kisi-yumruklandi-supheli-hala-kacak-durumda\/"},"modified":"2026-05-01T12:01:38","modified_gmt":"2026-05-01T10:01:38","slug":"bir-yil-komada-kaldiktan-sonra-hayatini-kaybeden-kisi-yumruklandi-supheli-hala-kacak-durumda","status":"publish","type":"post","link":"https:\/\/prizrenpost.com\/tr\/bir-yil-komada-kaldiktan-sonra-hayatini-kaybeden-kisi-yumruklandi-supheli-hala-kacak-durumda\/","title":{"rendered":"Bir y\u0131l komada kald\u0131ktan sonra hayat\u0131n\u0131 kaybeden ki\u015fi yumrukland\u0131, \u015f\u00fcpheli h\u00e2l\u00e2 ka\u00e7ak durumda"},"content":{"rendered":"<p><img decoding=\"async\" src=\"https:\/\/prizrenpost.com\/tr\/wp-content\/uploads\/2026\/05\/Spitali-i-Prizrenit-1-1.jpg\" style=\"width:100%;height:auto;margin-bottom:20px\"><\/p>\n<p>Prizren&#8217;de bir y\u0131l komada kald\u0131ktan sonra 30 Nisan Per\u015fembe g\u00fcn\u00fc hayat\u0131n\u0131 kaybeden ki\u015fi, fiziksel olarak d\u00f6v\u00fcld\u00fc ve a\u011f\u0131r yaraland\u0131.<\/p>\n<p>Kosova Polisi, olayla ilgili ayr\u0131nt\u0131lar\u0131 Klankosova.tv&#8217;ye verdi.<\/p>\n<p>Polis&#8217;in ek raporuna g\u00f6re, 26 May\u0131s 2025 g\u00fcn\u00fc saat 19.20 s\u0131ralar\u0131nda Arnavutluk vatanda\u015f\u0131 olan \u015f\u00fcpheli, ya\u015fanan tart\u0131\u015fman\u0131n ard\u0131ndan yumruk att\u0131. Kurban ve kendisi yere d\u00fc\u015ferek a\u011f\u0131r yaraland\u0131.<\/p>\n<p>Kurban saat 02.00 s\u0131ralar\u0131nda Prizren hastanesinde hayat\u0131n\u0131 kaybederken, cesedi otopsiye g\u00f6nderildi.<\/p>\n<p>Str. &#8220;Hamze Ya\u015fari&#8221; &#8211; Ferizaj dt. 26.05.2025 \u2013 19:20. 30.04.2026 tarihinde Prizren&#8217;de bir hastanede tedavi alt\u0131na al\u0131nan Kosoval\u0131 erkek ma\u011fdurun 30.04.2026 tarihinde saat 02.00 s\u0131ralar\u0131nda komada olan Kosoval\u0131 erkek ma\u011fdurun, ya\u015fanan tart\u0131\u015fma sonras\u0131nda Arnavutluk vatanda\u015f\u0131 erkek zanl\u0131n\u0131n Kosoval\u0131 erkek ma\u011fdura fiziki yumruk atmas\u0131 sonucu yere d\u00fc\u015ferek a\u011f\u0131r yaralanmas\u0131 ve zanl\u0131n\u0131n olay yerinden ayr\u0131larak Arnavutluk&#8217;a ka\u00e7mas\u0131 sonucu hayat\u0131n\u0131 kaybetti\u011fi olaya ili\u015fkin. Savc\u0131n\u0131n talimat\u0131yla cenaze otopsi i\u00e7in IML-Pri\u015ftine&#8217;ye g\u00f6nderildi. Olayla ilgili soru\u015fturma s\u00fcr\u00fcyor.<\/p>\n<p>Polis, Arnavutluk vatanda\u015f\u0131 olan zanl\u0131n\u0131n firarda oldu\u011funu duyurdu.<\/p>\n<p>&#8220;Ferizaj \/ 26.05.2025-19:20. Olayla ilgili olarak Prizren Hastanesi&#8217;nde tedavi g\u00f6r\u00fcrken komada kalan Kosoval\u0131 erkek ma\u011fdurun 30.04.2026 tarihinde hayat\u0131n\u0131 kaybetti\u011fi bildirildi. \u00d6l\u00fcm\u00fc teyit edilirken, sa\u011fl\u0131k ekibi \u015f\u00fcphelinin vatanda\u015f oldu\u011funu bildirdi. Polis, vakan\u0131n soru\u015fturma alt\u0131nda oldu\u011funu duyurdu.<\/p>\n<p>Dava, &#8220;\u00f6l\u00fcmc\u00fcl sonu\u00e7lar\u0131 olan ciddi bedensel yaralanma&#8221; olarak tan\u0131mland\u0131.<br \/>\n          &#8220;Kabul Et&#8221; se\u00e7ene\u011fine t\u0131klayarak \u00e7erezlerin a\u015fa\u011f\u0131daki \u015fartlara g\u00f6re kullan\u0131lmas\u0131n\u0131 kabul etmi\u015f olursunuz.<br \/>\n          Gizlilik Politikas\u0131<br \/>\n          ve<br \/>\n          \u00c7erez Politikas\u0131.<br \/>\n          &#8220;Reddet&#8221;i t\u0131klayarak gerekli olmayan \u00e7erezleri reddedebilirsiniz.<\/p>\n<hr style=\"margin:30px 0\">\n<p style=\"font-size:13px;color:#666\">Kaynak: <strong>prizrenpost<\/strong><\/p>\n","protected":false},"excerpt":{"rendered":"<p>Prizren&#8217;de bir y\u0131l komada kald\u0131ktan sonra 30 Nisan Per\u015fembe g\u00fcn\u00fc hayat\u0131n\u0131 kaybeden ki\u015fi, fiziksel olarak d\u00f6v\u00fcld\u00fc ve a\u011f\u0131r yaraland\u0131. Kosova Polisi, olayla ilgili ayr\u0131nt\u0131lar\u0131 Klankosova.tv&#8217;ye verdi. Polis&#8217;in ek raporuna g\u00f6re, 26 May\u0131s 2025 g\u00fcn\u00fc saat 19.20 s\u0131ralar\u0131nda Arnavutluk vatanda\u015f\u0131 olan \u015f\u00fcpheli, ya\u015fanan tart\u0131\u015fman\u0131n ard\u0131ndan yumruk att\u0131. Kurban ve kendisi yere d\u00fc\u015ferek a\u011f\u0131r yaraland\u0131. Kurban saat [&hellip;]<\/p>\n","protected":false},"author":1,"featured_media":43604,"comment_status":"open","ping_status":"open","sticky":false,"template":"","format":"standard","meta":{"footnotes":""},"categories":[17],"tags":[],"class_list":["post-43603","post","type-post","status-publish","format-standard","has-post-thumbnail","hentry","category-adli"],"views":3,"_links":{"self":[{"href":"https:\/\/prizrenpost.com\/tr\/wp-json\/wp\/v2\/posts\/43603","targetHints":{"allow":["GET"]}}],"collection":[{"href":"https:\/\/prizrenpost.com\/tr\/wp-json\/wp\/v2\/posts"}],"about":[{"href":"https:\/\/prizrenpost.com\/tr\/wp-json\/wp\/v2\/types\/post"}],"author":[{"embeddable":true,"href":"https:\/\/prizrenpost.com\/tr\/wp-json\/wp\/v2\/users\/1"}],"replies":[{"embeddable":true,"href":"https:\/\/prizrenpost.com\/tr\/wp-json\/wp\/v2\/comments?post=43603"}],"version-history":[{"count":1,"href":"https:\/\/prizrenpost.com\/tr\/wp-json\/wp\/v2\/posts\/43603\/revisions"}],"predecessor-version":[{"id":43605,"href":"https:\/\/prizrenpost.com\/tr\/wp-json\/wp\/v2\/posts\/43603\/revisions\/43605"}],"wp:featuredmedia":[{"embeddable":true,"href":"https:\/\/prizrenpost.com\/tr\/wp-json\/wp\/v2\/media\/43604"}],"wp:attachment":[{"href":"https:\/\/prizrenpost.com\/tr\/wp-json\/wp\/v2\/media?parent=43603"}],"wp:term":[{"taxonomy":"category","embeddable":true,"href":"https:\/\/prizrenpost.com\/tr\/wp-json\/wp\/v2\/categories?post=43603"},{"taxonomy":"post_tag","embeddable":true,"href":"https:\/\/prizrenpost.com\/tr\/wp-json\/wp\/v2\/tags?post=43603"}],"curies":[{"name":"wp","href":"https:\/\/api.w.org\/{rel}","templated":true}]}}