{"id":43606,"date":"2026-05-01T12:01:43","date_gmt":"2026-05-01T10:01:43","guid":{"rendered":"https:\/\/prizrenpost.com\/tr\/ferizajda-yaklasik-1-yil-once-yaralanan-bir-kisi-hastanede-hayatini-kaybetti\/"},"modified":"2026-05-01T12:01:44","modified_gmt":"2026-05-01T10:01:44","slug":"ferizajda-yaklasik-1-yil-once-yaralanan-bir-kisi-hastanede-hayatini-kaybetti","status":"publish","type":"post","link":"https:\/\/prizrenpost.com\/tr\/ferizajda-yaklasik-1-yil-once-yaralanan-bir-kisi-hastanede-hayatini-kaybetti\/","title":{"rendered":"Ferizaj&#8217;da yakla\u015f\u0131k 1 y\u0131l \u00f6nce yaralanan bir ki\u015fi hastanede hayat\u0131n\u0131 kaybetti"},"content":{"rendered":"<p><img decoding=\"async\" src=\"https:\/\/prizrenpost.com\/tr\/wp-content\/uploads\/2026\/05\/spitali-i-prizrenit-1.jpg\" style=\"width:100%;height:auto;margin-bottom:20px\"><\/p>\n<p>Yakla\u015f\u0131k 1 y\u0131l \u00f6nce Ferizaj&#8217;da meydana gelen bir olay sonucu komada tedavi g\u00f6ren Prizren Hastanesi&#8217;nde bir ki\u015fi 30 Nisan Per\u015fembe g\u00fcn\u00fc hayat\u0131n\u0131 kaybetti.<\/p>\n<p>Polis&#8217;in 24 saatlik raporuna g\u00f6re, bu yaralanman\u0131n \u015f\u00fcpheli nedeninin halen ka\u00e7ak olan Arnavutluk vatanda\u015f\u0131 oldu\u011fu bildirildi.<\/p>\n<p>&#8220;Ferizaj \/ 26.05.2020. Vakayla ilgili olarak \u015fu ifadelere yer verildi: Prizren Hastanesi&#8217;nde tedavi g\u00f6r\u00fcrken komada olan Kosoval\u0131 erkek ma\u011fdur 30.04.2026 tarihinde hayat\u0131n\u0131 kaybederken, polis, \u00f6l\u00fcmle sonu\u00e7lanabilecek ciddi bedensel yaralanman\u0131n oldu\u011fu, olayla ilgili soru\u015fturman\u0131n s\u00fcrd\u00fc\u011f\u00fcn\u00fc duyurdu. \/Klankosova.tv<\/p>\n<p>Tecr\u00fcbeyi geli\u015ftirmek ve reklamlar\u0131 g\u00f6r\u00fcnt\u00fclemek i\u00e7in \u00e7erezleri kullan\u0131yoruz (Google AdSense).<br \/>\n          &#8220;Kabul Et&#8221; se\u00e7ene\u011fine t\u0131klayarak \u00e7erezlerin a\u015fa\u011f\u0131daki \u015fartlara g\u00f6re kullan\u0131lmas\u0131n\u0131 kabul etmi\u015f olursunuz.<br \/>\n          Gizlilik Politikas\u0131<br \/>\n          ve<br \/>\n          \u00c7erez Politikas\u0131.<br \/>\n          &#8220;Reddet&#8221;i t\u0131klayarak gerekli olmayan \u00e7erezleri reddedebilirsiniz.<\/p>\n<hr style=\"margin:30px 0\">\n<p style=\"font-size:13px;color:#666\">Kaynak: <strong>prizrenpost<\/strong><\/p>\n","protected":false},"excerpt":{"rendered":"<p>Yakla\u015f\u0131k 1 y\u0131l \u00f6nce Ferizaj&#8217;da meydana gelen bir olay sonucu komada tedavi g\u00f6ren Prizren Hastanesi&#8217;nde bir ki\u015fi 30 Nisan Per\u015fembe g\u00fcn\u00fc hayat\u0131n\u0131 kaybetti. Polis&#8217;in 24 saatlik raporuna g\u00f6re, bu yaralanman\u0131n \u015f\u00fcpheli nedeninin halen ka\u00e7ak olan Arnavutluk vatanda\u015f\u0131 oldu\u011fu bildirildi. &#8220;Ferizaj \/ 26.05.2020. Vakayla ilgili olarak \u015fu ifadelere yer verildi: Prizren Hastanesi&#8217;nde tedavi g\u00f6r\u00fcrken komada olan [&hellip;]<\/p>\n","protected":false},"author":1,"featured_media":43607,"comment_status":"open","ping_status":"open","sticky":false,"template":"","format":"standard","meta":{"footnotes":""},"categories":[17],"tags":[],"class_list":["post-43606","post","type-post","status-publish","format-standard","has-post-thumbnail","hentry","category-adli"],"views":9,"_links":{"self":[{"href":"https:\/\/prizrenpost.com\/tr\/wp-json\/wp\/v2\/posts\/43606","targetHints":{"allow":["GET"]}}],"collection":[{"href":"https:\/\/prizrenpost.com\/tr\/wp-json\/wp\/v2\/posts"}],"about":[{"href":"https:\/\/prizrenpost.com\/tr\/wp-json\/wp\/v2\/types\/post"}],"author":[{"embeddable":true,"href":"https:\/\/prizrenpost.com\/tr\/wp-json\/wp\/v2\/users\/1"}],"replies":[{"embeddable":true,"href":"https:\/\/prizrenpost.com\/tr\/wp-json\/wp\/v2\/comments?post=43606"}],"version-history":[{"count":1,"href":"https:\/\/prizrenpost.com\/tr\/wp-json\/wp\/v2\/posts\/43606\/revisions"}],"predecessor-version":[{"id":43608,"href":"https:\/\/prizrenpost.com\/tr\/wp-json\/wp\/v2\/posts\/43606\/revisions\/43608"}],"wp:featuredmedia":[{"embeddable":true,"href":"https:\/\/prizrenpost.com\/tr\/wp-json\/wp\/v2\/media\/43607"}],"wp:attachment":[{"href":"https:\/\/prizrenpost.com\/tr\/wp-json\/wp\/v2\/media?parent=43606"}],"wp:term":[{"taxonomy":"category","embeddable":true,"href":"https:\/\/prizrenpost.com\/tr\/wp-json\/wp\/v2\/categories?post=43606"},{"taxonomy":"post_tag","embeddable":true,"href":"https:\/\/prizrenpost.com\/tr\/wp-json\/wp\/v2\/tags?post=43606"}],"curies":[{"name":"wp","href":"https:\/\/api.w.org\/{rel}","templated":true}]}}