{"id":43618,"date":"2026-05-01T13:45:35","date_gmt":"2026-05-01T11:45:35","guid":{"rendered":"https:\/\/prizrenpost.com\/tr\/abdli-yetkililer-iranla-savasin-yaklasik-50-milyar-dolara-mal-oldugunu-soyluyor-bu-pentagonun-tahmininin-iki-kati\/"},"modified":"2026-05-01T13:45:35","modified_gmt":"2026-05-01T11:45:35","slug":"abdli-yetkililer-iranla-savasin-yaklasik-50-milyar-dolara-mal-oldugunu-soyluyor-bu-pentagonun-tahmininin-iki-kati","status":"publish","type":"post","link":"https:\/\/prizrenpost.com\/tr\/abdli-yetkililer-iranla-savasin-yaklasik-50-milyar-dolara-mal-oldugunu-soyluyor-bu-pentagonun-tahmininin-iki-kati\/","title":{"rendered":"ABD&#8217;li yetkililer \u0130ran&#8217;la sava\u015f\u0131n yakla\u015f\u0131k 50 milyar dolara mal oldu\u011funu s\u00f6yl\u00fcyor; bu Pentagon&#8217;un tahmininin iki kat\u0131"},"content":{"rendered":"<p><img decoding=\"async\" src=\"https:\/\/prizrenpost.com\/tr\/wp-content\/uploads\/2026\/05\/thumbs_b_c_d43af9e542e1fb7fcb4b0b982e8abd2b.jpg\" style=\"width:100%;height:auto;margin-bottom:20px\"><\/p>\n<p>CBS News&#8217;in bildirdi\u011fine g\u00f6re, i\u00e7 tahminlere a\u015fina olan ABD&#8217;li yetkililere g\u00f6re, \u0130ran&#8217;la sava\u015f\u0131n toplam maliyeti kabaca 50 milyar dolar, Pentagon&#8217;un sundu\u011fu rakamdan \u00f6nemli \u00f6l\u00e7\u00fcde daha y\u00fcksek.<\/p>\n<p>Pentagon yetkilisi Jules Hurst&#8217;un \u00c7ar\u015famba g\u00fcn\u00fc kongrede yapt\u0131\u011f\u0131 ifadede Epik \u00d6fke Operasyonu&#8217;nun \u015fu ana kadar yakla\u015f\u0131k 25 milyar dolara mal oldu\u011funu s\u00f6yledi\u011fi revize edilen tahmin, belirtilen tutar\u0131 iki kat\u0131na \u00e7\u0131kar\u0131yor.<\/p>\n<p>Ancak Hurst, milletvekillerine altyap\u0131 onar\u0131mlar\u0131n\u0131n maliyetinin tahmin edildi\u011fini s\u00f6yledi. veya ABD&#8217;nin \u0130ran&#8217;la \u00e7at\u0131\u015fmas\u0131yla ilgili uzun vadeli in\u015faat projeleri, askeri g\u00fc\u00e7lerin gelecekteki duru\u015funa ili\u015fkin belirsizlik nedeniyle zor olmaya devam ediyor.<\/p>\n<p>Senato&#8217;daki ifadesinde &#8220;Gelecekteki duru\u015fumuzun ne olaca\u011f\u0131n\u0131 veya bu \u00fcslerin gelecekteki in\u015fas\u0131n\u0131 bilmiyoruz&#8221; dedi.<\/p>\n<p>CBS News raporlar\u0131na g\u00f6re, alt rakam\u0131n hasar g\u00f6rm\u00fc\u015f veya tahrip olmu\u015f askeri te\u00e7hizat\u0131 tam olarak i\u00e7ermedi\u011fi bildiriliyor ve rapor edilen kay\u0131plar aras\u0131nda her biri 24 MQ-9 Reaper drone&#8217;un da yer ald\u0131\u011f\u0131 belirtiliyor. Devam eden operasyonlar\u0131n mali maliyetini vurgulayan 30 milyon dolar.<\/p>\n<p>28 \u015eubat&#8217;ta ABD ve \u0130srail&#8217;in \u0130ran&#8217;a sald\u0131r\u0131lar ba\u015flatmas\u0131, Tahran&#8217;\u0131n Basra K\u00f6rfezi&#8217;ndeki ABD m\u00fcttefiklerine kar\u015f\u0131 misilleme yapmas\u0131na ve H\u00fcrm\u00fcz Bo\u011faz\u0131&#8217;n\u0131n kapat\u0131lmas\u0131na yol a\u00e7t\u0131.<\/p>\n<p>8 Nisan&#8217;da Pakistan&#8217;\u0131n arabuluculu\u011fuyla ate\u015fkes ilan edildi, ard\u0131ndan 11-12 Nisan&#8217;da \u0130slamabad&#8217;da g\u00f6r\u00fc\u015fmeler yap\u0131ld\u0131, ancak herhangi bir anla\u015fmaya var\u0131lamad\u0131.<\/p>\n<p>ABD Ba\u015fkan\u0131 Donald Trump daha sonra tek tarafl\u0131 olarak uzat\u0131ld\u0131. Pakistan&#8217;\u0131n talebi \u00fczerine yeni bir son tarih belirlemeden ate\u015fkes.<\/p>\n<p>Tecr\u00fcbeyi geli\u015ftirmek ve reklam g\u00f6r\u00fcnt\u00fclemek i\u00e7in \u00e7erezler kullan\u0131yoruz. (Google AdSense).<br \/>\n          &#8220;Kabul Et&#8221; se\u00e7ene\u011fine t\u0131klayarak \u00e7erezlerin a\u015fa\u011f\u0131daki \u015fartlara g\u00f6re kullan\u0131lmas\u0131n\u0131 kabul etmi\u015f olursunuz.<br \/>\n          Gizlilik Politikas\u0131<br \/>\n          ve<br \/>\n          \u00c7erez Politikas\u0131.<br \/>\n          &#8220;Reddet&#8221;i t\u0131klayarak gerekli olmayan \u00e7erezleri reddedebilirsiniz.<\/p>\n<hr style=\"margin:30px 0\">\n<p style=\"font-size:13px;color:#666\">Kaynak: <strong>prizrenpost<\/strong><\/p>\n","protected":false},"excerpt":{"rendered":"<p>CBS News&#8217;in bildirdi\u011fine g\u00f6re, i\u00e7 tahminlere a\u015fina olan ABD&#8217;li yetkililere g\u00f6re, \u0130ran&#8217;la sava\u015f\u0131n toplam maliyeti kabaca 50 milyar dolar, Pentagon&#8217;un sundu\u011fu rakamdan \u00f6nemli \u00f6l\u00e7\u00fcde daha y\u00fcksek. Pentagon yetkilisi Jules Hurst&#8217;un \u00c7ar\u015famba g\u00fcn\u00fc kongrede yapt\u0131\u011f\u0131 ifadede Epik \u00d6fke Operasyonu&#8217;nun \u015fu ana kadar yakla\u015f\u0131k 25 milyar dolara mal oldu\u011funu s\u00f6yledi\u011fi revize edilen tahmin, belirtilen tutar\u0131 iki kat\u0131na [&hellip;]<\/p>\n","protected":false},"author":1,"featured_media":43619,"comment_status":"open","ping_status":"open","sticky":false,"template":"","format":"standard","meta":{"footnotes":""},"categories":[24],"tags":[179],"class_list":["post-43618","post","type-post","status-publish","format-standard","has-post-thumbnail","hentry","category-dunya","tag-aktuel"],"views":6,"_links":{"self":[{"href":"https:\/\/prizrenpost.com\/tr\/wp-json\/wp\/v2\/posts\/43618","targetHints":{"allow":["GET"]}}],"collection":[{"href":"https:\/\/prizrenpost.com\/tr\/wp-json\/wp\/v2\/posts"}],"about":[{"href":"https:\/\/prizrenpost.com\/tr\/wp-json\/wp\/v2\/types\/post"}],"author":[{"embeddable":true,"href":"https:\/\/prizrenpost.com\/tr\/wp-json\/wp\/v2\/users\/1"}],"replies":[{"embeddable":true,"href":"https:\/\/prizrenpost.com\/tr\/wp-json\/wp\/v2\/comments?post=43618"}],"version-history":[{"count":1,"href":"https:\/\/prizrenpost.com\/tr\/wp-json\/wp\/v2\/posts\/43618\/revisions"}],"predecessor-version":[{"id":43620,"href":"https:\/\/prizrenpost.com\/tr\/wp-json\/wp\/v2\/posts\/43618\/revisions\/43620"}],"wp:featuredmedia":[{"embeddable":true,"href":"https:\/\/prizrenpost.com\/tr\/wp-json\/wp\/v2\/media\/43619"}],"wp:attachment":[{"href":"https:\/\/prizrenpost.com\/tr\/wp-json\/wp\/v2\/media?parent=43618"}],"wp:term":[{"taxonomy":"category","embeddable":true,"href":"https:\/\/prizrenpost.com\/tr\/wp-json\/wp\/v2\/categories?post=43618"},{"taxonomy":"post_tag","embeddable":true,"href":"https:\/\/prizrenpost.com\/tr\/wp-json\/wp\/v2\/tags?post=43618"}],"curies":[{"name":"wp","href":"https:\/\/api.w.org\/{rel}","templated":true}]}}