{"id":43630,"date":"2026-05-01T14:55:22","date_gmt":"2026-05-01T12:55:22","guid":{"rendered":"https:\/\/prizrenpost.com\/tr\/secim-kampanyasi-28-mayista-basliyor-msk-secim-organizasyonunun-10-milyonu-astigini-soyluyor\/"},"modified":"2026-05-01T14:55:23","modified_gmt":"2026-05-01T12:55:23","slug":"secim-kampanyasi-28-mayista-basliyor-msk-secim-organizasyonunun-10-milyonu-astigini-soyluyor","status":"publish","type":"post","link":"https:\/\/prizrenpost.com\/tr\/secim-kampanyasi-28-mayista-basliyor-msk-secim-organizasyonunun-10-milyonu-astigini-soyluyor\/","title":{"rendered":"Se\u00e7im kampanyas\u0131 28 May\u0131s&#8217;ta ba\u015fl\u0131yor, MSK se\u00e7im organizasyonunun 10 milyonu a\u015ft\u0131\u011f\u0131n\u0131 s\u00f6yl\u00fcyor"},"content":{"rendered":"<p><img decoding=\"async\" src=\"https:\/\/prizrenpost.com\/tr\/wp-content\/uploads\/2026\/05\/b2ef7293-914b-4890-b7ac-757720e63b99.jpg\" style=\"width:100%;height:auto;margin-bottom:20px\"><\/p>\n<p>Merkez Se\u00e7im Komisyonu, 7 Haziran&#8217;da Kosova Meclisi erken se\u00e7imlerine ili\u015fkin faaliyetleri ve b\u00fct\u00e7e plan\u0131n\u0131 onaylad\u0131. Komisyona g\u00f6re, se\u00e7im kampanyas\u0131 28 May\u0131s&#8217;tan itibaren ba\u015flayacak, se\u00e7imlerin organizasyonu ise 10 milyon 800 bin avro olacak.<\/p>\n<p>Kosova Meclisi erken se\u00e7imlerinin yap\u0131laca\u011f\u0131 tarihin 7 Haziran 2026 olarak belirlenip a\u00e7\u0131klanmas\u0131n\u0131n ard\u0131ndan MSK, ba\u015flang\u0131\u00e7 \u00e7er\u00e7evesinde \u00e7e\u015fitli kararlar ald\u0131. bu se\u00e7imlerin organizasyonuna y\u00f6nelik haz\u0131rl\u0131klar\u0131n y\u00fcr\u00fct\u00fclmesi.<\/p>\n<p>Bu toplant\u0131da MSK, son tarihlerin belirlenmesine karar verdi ve Kosova Meclisi i\u00e7in erken se\u00e7imlerin organizasyonuna y\u00f6nelik faaliyet plan\u0131n\u0131 onaylad\u0131; bu plan di\u011ferlerinin yan\u0131 s\u0131ra \u015funlar\u0131 i\u00e7erir: siyasi partilerin se\u00e7imlere kat\u0131l\u0131m\/kat\u0131lmama beyan\u0131; koalisyonlar\u0131n kurulmas\u0131 i\u00e7in siyasi partilerin beyan\u0131; siyasi konular\u0131n sertifikasyonu i\u00e7in ba\u015fvuru; aday listelerinin sunulmas\u0131 ve bunlar\u0131n do\u011frulanmas\u0131; se\u00e7im kampanyas\u0131 d\u00f6nemi; diplomatik misyonlar da dahil olmak \u00fczere oy verme merkezlerinin belirlenmesi; Kosova i\u00e7indeki ve d\u0131\u015f\u0131ndaki se\u00e7menlerin kayd\u0131; posta yoluyla ve diplomatik misyonlarda oy kullanma d\u00f6nemi; se\u00e7men listesinin onaylanmas\u0131; g\u00f6zlemcilerin ve medyan\u0131n akreditasyonu; 38 Belediye Se\u00e7im Komisyonu ve sand\u0131k konseyi \u00fcyelerinin atanmas\u0131n\u0131n yan\u0131 s\u0131ra.<\/p>\n<p>Tecr\u00fcbeyi geli\u015ftirmek ve reklam g\u00f6r\u00fcnt\u00fclemek (Google AdSense) i\u00e7in \u00e7erezleri kullan\u0131r\u0131z.<br \/>\n          &#8220;Kabul Et&#8221; se\u00e7ene\u011fine t\u0131klayarak \u00e7erezlerin a\u015fa\u011f\u0131daki \u015fartlara g\u00f6re kullan\u0131lmas\u0131n\u0131 kabul etmi\u015f olursunuz.<br \/>\n          Gizlilik Politikas\u0131<br \/>\n          ve<br \/>\n          \u00c7erez Politikas\u0131.<br \/>\n          &#8220;Reddet&#8221;i t\u0131klayarak gerekli olmayan \u00e7erezleri reddedebilirsiniz.<\/p>\n<hr style=\"margin:30px 0\">\n<p style=\"font-size:13px;color:#666\">Kaynak: <strong>prizrenpost<\/strong><\/p>\n","protected":false},"excerpt":{"rendered":"<p>Merkez Se\u00e7im Komisyonu, 7 Haziran&#8217;da Kosova Meclisi erken se\u00e7imlerine ili\u015fkin faaliyetleri ve b\u00fct\u00e7e plan\u0131n\u0131 onaylad\u0131. Komisyona g\u00f6re, se\u00e7im kampanyas\u0131 28 May\u0131s&#8217;tan itibaren ba\u015flayacak, se\u00e7imlerin organizasyonu ise 10 milyon 800 bin avro olacak. Kosova Meclisi erken se\u00e7imlerinin yap\u0131laca\u011f\u0131 tarihin 7 Haziran 2026 olarak belirlenip a\u00e7\u0131klanmas\u0131n\u0131n ard\u0131ndan MSK, ba\u015flang\u0131\u00e7 \u00e7er\u00e7evesinde \u00e7e\u015fitli kararlar ald\u0131. bu se\u00e7imlerin organizasyonuna y\u00f6nelik [&hellip;]<\/p>\n","protected":false},"author":1,"featured_media":43631,"comment_status":"open","ping_status":"open","sticky":false,"template":"","format":"standard","meta":{"footnotes":""},"categories":[14],"tags":[179],"class_list":["post-43630","post","type-post","status-publish","format-standard","has-post-thumbnail","hentry","category-ulusal","tag-aktuel"],"views":10,"_links":{"self":[{"href":"https:\/\/prizrenpost.com\/tr\/wp-json\/wp\/v2\/posts\/43630","targetHints":{"allow":["GET"]}}],"collection":[{"href":"https:\/\/prizrenpost.com\/tr\/wp-json\/wp\/v2\/posts"}],"about":[{"href":"https:\/\/prizrenpost.com\/tr\/wp-json\/wp\/v2\/types\/post"}],"author":[{"embeddable":true,"href":"https:\/\/prizrenpost.com\/tr\/wp-json\/wp\/v2\/users\/1"}],"replies":[{"embeddable":true,"href":"https:\/\/prizrenpost.com\/tr\/wp-json\/wp\/v2\/comments?post=43630"}],"version-history":[{"count":1,"href":"https:\/\/prizrenpost.com\/tr\/wp-json\/wp\/v2\/posts\/43630\/revisions"}],"predecessor-version":[{"id":43632,"href":"https:\/\/prizrenpost.com\/tr\/wp-json\/wp\/v2\/posts\/43630\/revisions\/43632"}],"wp:featuredmedia":[{"embeddable":true,"href":"https:\/\/prizrenpost.com\/tr\/wp-json\/wp\/v2\/media\/43631"}],"wp:attachment":[{"href":"https:\/\/prizrenpost.com\/tr\/wp-json\/wp\/v2\/media?parent=43630"}],"wp:term":[{"taxonomy":"category","embeddable":true,"href":"https:\/\/prizrenpost.com\/tr\/wp-json\/wp\/v2\/categories?post=43630"},{"taxonomy":"post_tag","embeddable":true,"href":"https:\/\/prizrenpost.com\/tr\/wp-json\/wp\/v2\/tags?post=43630"}],"curies":[{"name":"wp","href":"https:\/\/api.w.org\/{rel}","templated":true}]}}