{"id":43633,"date":"2026-05-01T15:20:31","date_gmt":"2026-05-01T13:20:31","guid":{"rendered":"https:\/\/prizrenpost.com\/tr\/lubnan-basbakani-isgal-altindaki-topraklarin-her-santimetresini-geri-alma-ve-ekonomik-toparlanmayi-hizlandirma-sozu-verdi\/"},"modified":"2026-05-01T15:20:31","modified_gmt":"2026-05-01T13:20:31","slug":"lubnan-basbakani-isgal-altindaki-topraklarin-her-santimetresini-geri-alma-ve-ekonomik-toparlanmayi-hizlandirma-sozu-verdi","status":"publish","type":"post","link":"https:\/\/prizrenpost.com\/tr\/lubnan-basbakani-isgal-altindaki-topraklarin-her-santimetresini-geri-alma-ve-ekonomik-toparlanmayi-hizlandirma-sozu-verdi\/","title":{"rendered":"L\u00fcbnan Ba\u015fbakan\u0131 i\u015fgal alt\u0131ndaki topraklar\u0131n &#8220;her santimetresini&#8221; geri alma ve ekonomik toparlanmay\u0131 h\u0131zland\u0131rma s\u00f6z\u00fc verdi"},"content":{"rendered":"<p><img decoding=\"async\" src=\"https:\/\/prizrenpost.com\/tr\/wp-content\/uploads\/2026\/05\/thumbs_b_c_9dd3b618bddb96f85a839c88f98cd63e.jpg\" style=\"width:100%;height:auto;margin-bottom:20px\"><\/p>\n<p>L\u00fcbnan Ba\u015fbakan\u0131 Nawaf Salam, Cuma g\u00fcn\u00fc i\u015fgal alt\u0131ndaki topraklar\u0131n &#8220;her santimetresini&#8221; geri alma ve ekonomik iyile\u015fme \u00e7abalar\u0131n\u0131 ilerletme s\u00f6z\u00fc verdi.<\/p>\n<p>L\u00fcbnan ba\u015fbakanl\u0131\u011f\u0131 taraf\u0131ndan Amerikan sosyal medya \u015firketi X platformunda yay\u0131nlanan bir a\u00e7\u0131klamada Salam, \u0130\u015f\u00e7i Bayram\u0131 dolay\u0131s\u0131yla L\u00fcbnan&#8217;daki i\u015f\u00e7ilere hitap ederek bir\u00e7ok ki\u015finin kar\u015f\u0131la\u015ft\u0131\u011f\u0131 zorluklar\u0131 kabul etti. uzun s\u00fcren bir ekonomik krizin ortas\u0131nda.<\/p>\n<p>&#8220;\u0130\u015f kay\u0131plar\u0131ndan sat\u0131n alma g\u00fcc\u00fcndeki d\u00fc\u015f\u00fc\u015fe ve \u00fczerinize a\u011f\u0131r gelen g\u00fcnl\u00fck bask\u0131lara kadar bir\u00e7o\u011funuzun ya\u015fad\u0131\u011f\u0131 ac\u0131n\u0131n boyutunu anl\u0131yorum&#8221; dedi.<\/p>\n<p>Salam, h\u00fck\u00fcmetin ya\u015fam ko\u015fullar\u0131n\u0131 iyile\u015ftirmek, i\u015fgal alt\u0131ndaki topraklar\u0131 geri vermek ve reformlarda ilerlemek i\u00e7in \u00e7al\u0131\u015fmaya devam edece\u011fine s\u00f6z verdi.<\/p>\n<p>&#8220;Ya\u015fam ko\u015fullar\u0131n\u0131z\u0131 iyile\u015ftirmek, i\u015fgal alt\u0131ndaki topraklar\u0131m\u0131z\u0131n her santimetrekaresini geri vermek ve reform \u00e7abalar\u0131n\u0131 ilerletmek i\u00e7in ciddi \u00e7al\u0131\u015fmalara devam edece\u011fiz. ve ekonomik toparlanma&#8221; dedi.<\/p>\n<p>L\u00fcbnan, 2019 itibar\u0131yla D\u00fcnya Bankas\u0131&#8217;n\u0131n modern tarihin en k\u00f6t\u00fclerinden biri olarak tan\u0131mlad\u0131\u011f\u0131 bir mali \u00e7\u00f6k\u00fc\u015f ya\u015fad\u0131. L\u00fcbnan poundu, de\u011ferinin y\u00fczde 98&#8217;inden fazlas\u0131n\u0131 kaybederek dolara kar\u015f\u0131 1.500 seviyesinden 90.000 civar\u0131na geriledi.<\/p>\n<p>Salam, h\u00fck\u00fcmetin yeni i\u015f f\u0131rsatlar\u0131 yaratmay\u0131, istikrar\u0131 yeniden tesis etmeyi ve \u00fclkeyi &#8220;ger\u00e7ek iyile\u015fme&#8221; yoluna sokmay\u0131 hedefledi\u011fini ekledi.<\/p>\n<p>L\u00fcbnan&#8217;\u0131n ekonomik krizi son zamanlarda derinle\u015fti, \u0130srail sald\u0131r\u0131lar\u0131 ve devam eden yerinden edilmeler nedeniyle daha da k\u00f6t\u00fcle\u015fti. G\u0131da ve Tar\u0131m \u00d6rg\u00fct\u00fc ve D\u00fcnya G\u0131da Program\u0131 taraf\u0131ndan \u00c7ar\u015famba g\u00fcn\u00fc yap\u0131lan bir g\u00fcncellemede, yakla\u015f\u0131k 1,24 milyon insan\u0131n, yani neredeyse d\u00f6rtte birinin, Nisan ve A\u011fustos 2026 aras\u0131nda kriz d\u00fczeyinde akut g\u0131da g\u00fcvensizli\u011fiyle kar\u015f\u0131 kar\u015f\u0131ya kalaca\u011f\u0131n\u0131n beklendi\u011fi ortaya \u00e7\u0131kt\u0131.<\/p>\n<p>Raporda, Mart ba\u015f\u0131ndan bu yana artan \u015fiddet ve yerinden edilmenin, g\u0131da g\u00fcvenli\u011fi ko\u015fullar\u0131n\u0131n k\u00f6t\u00fcle\u015fmesine yol a\u00e7t\u0131\u011f\u0131 belirtildi.<\/p>\n<p>Hizbullah&#8217;\u0131n \u0130ran&#8217;\u0131n sava\u015f\u0131na misilleme yapmas\u0131na yan\u0131t olarak \u0130srail, 2 Mart&#8217;tan bu yana L\u00fcbnan&#8217;a sald\u0131r\u0131 d\u00fczenliyor. yakla\u015f\u0131k 2.600 ki\u015finin \u00f6l\u00fcm\u00fcne ve 1 milyondan fazla ki\u015finin yerinden edilmesine yol a\u00e7t\u0131.<\/p>\n<p>17 Nisan&#8217;da ba\u015flayan 10 g\u00fcnl\u00fck ate\u015fkes daha sonra 17 May\u0131s&#8217;a kadar uzat\u0131ld\u0131, ancak \u0130srail, G\u00fcney L\u00fcbnan&#8217;daki hava sald\u0131r\u0131lar\u0131 ve ev y\u0131k\u0131mlar\u0131 yoluyla ate\u015fkesi her g\u00fcn ihlal etmeye devam ediyor.<\/p>\n<p>Nisan ay\u0131nda \u0130srail ordusu, Litani Nehri&#8217;nin g\u00fcneyinde, 17 May\u0131s&#8217;a kadar uzanan b\u00f6lgeyi tan\u0131mlayan idealle\u015ftirilmi\u015f bir s\u0131n\u0131r olan s\u00f6zde &#8220;Sar\u0131 Hat&#8221;\u0131n kuruldu\u011funu duyurdu. Gazze modelini an\u0131msatan bir hareketle s\u0131n\u0131r\u0131 bir &#8220;g\u00fcvenlik tampon b\u00f6lgesi&#8221; olarak konumland\u0131r\u0131yor.<\/p>\n<p>\u0130srail, b\u00f6lgenin yerinden edilmi\u015f sakinlerin geri d\u00f6n\u00fc\u015f\u00fcn\u00fc \u00f6nlemeyi ve her t\u00fcrl\u00fc silahl\u0131 faaliyeti hedef almay\u0131 ama\u00e7lad\u0131\u011f\u0131n\u0131 s\u00f6yleyerek buray\u0131 uluslararas\u0131 anla\u015fmalara tabi olmayan bir &#8220;sava\u015f b\u00f6lgesi&#8221; olarak s\u0131n\u0131fland\u0131r\u0131yor. ate\u015fkes.<\/p>\n<p>Tecr\u00fcbeyi geli\u015ftirmek ve reklam g\u00f6r\u00fcnt\u00fclemek (Google AdSense) i\u00e7in \u00e7erezleri kullan\u0131yoruz.<br \/>\n          &#8220;Kabul Et&#8221; se\u00e7ene\u011fine t\u0131klayarak \u00e7erezlerin a\u015fa\u011f\u0131daki \u015fartlara g\u00f6re kullan\u0131lmas\u0131n\u0131 kabul etmi\u015f olursunuz.<br \/>\n          Gizlilik Politikas\u0131<br \/>\n          ve<br \/>\n          \u00c7erez Politikas\u0131.<br \/>\n          &#8220;Reddet&#8221;i t\u0131klayarak gerekli olmayan \u00e7erezleri reddedebilirsiniz.<\/p>\n<hr style=\"margin:30px 0\">\n<p style=\"font-size:13px;color:#666\">Kaynak: <strong>prizrenpost<\/strong><\/p>\n","protected":false},"excerpt":{"rendered":"<p>L\u00fcbnan Ba\u015fbakan\u0131 Nawaf Salam, Cuma g\u00fcn\u00fc i\u015fgal alt\u0131ndaki topraklar\u0131n &#8220;her santimetresini&#8221; geri alma ve ekonomik iyile\u015fme \u00e7abalar\u0131n\u0131 ilerletme s\u00f6z\u00fc verdi. L\u00fcbnan ba\u015fbakanl\u0131\u011f\u0131 taraf\u0131ndan Amerikan sosyal medya \u015firketi X platformunda yay\u0131nlanan bir a\u00e7\u0131klamada Salam, \u0130\u015f\u00e7i Bayram\u0131 dolay\u0131s\u0131yla L\u00fcbnan&#8217;daki i\u015f\u00e7ilere hitap ederek bir\u00e7ok ki\u015finin kar\u015f\u0131la\u015ft\u0131\u011f\u0131 zorluklar\u0131 kabul etti. uzun s\u00fcren bir ekonomik krizin ortas\u0131nda. &#8220;\u0130\u015f kay\u0131plar\u0131ndan sat\u0131n [&hellip;]<\/p>\n","protected":false},"author":1,"featured_media":43634,"comment_status":"open","ping_status":"open","sticky":false,"template":"","format":"standard","meta":{"footnotes":""},"categories":[24],"tags":[179],"class_list":["post-43633","post","type-post","status-publish","format-standard","has-post-thumbnail","hentry","category-dunya","tag-aktuel"],"views":7,"_links":{"self":[{"href":"https:\/\/prizrenpost.com\/tr\/wp-json\/wp\/v2\/posts\/43633","targetHints":{"allow":["GET"]}}],"collection":[{"href":"https:\/\/prizrenpost.com\/tr\/wp-json\/wp\/v2\/posts"}],"about":[{"href":"https:\/\/prizrenpost.com\/tr\/wp-json\/wp\/v2\/types\/post"}],"author":[{"embeddable":true,"href":"https:\/\/prizrenpost.com\/tr\/wp-json\/wp\/v2\/users\/1"}],"replies":[{"embeddable":true,"href":"https:\/\/prizrenpost.com\/tr\/wp-json\/wp\/v2\/comments?post=43633"}],"version-history":[{"count":1,"href":"https:\/\/prizrenpost.com\/tr\/wp-json\/wp\/v2\/posts\/43633\/revisions"}],"predecessor-version":[{"id":43635,"href":"https:\/\/prizrenpost.com\/tr\/wp-json\/wp\/v2\/posts\/43633\/revisions\/43635"}],"wp:featuredmedia":[{"embeddable":true,"href":"https:\/\/prizrenpost.com\/tr\/wp-json\/wp\/v2\/media\/43634"}],"wp:attachment":[{"href":"https:\/\/prizrenpost.com\/tr\/wp-json\/wp\/v2\/media?parent=43633"}],"wp:term":[{"taxonomy":"category","embeddable":true,"href":"https:\/\/prizrenpost.com\/tr\/wp-json\/wp\/v2\/categories?post=43633"},{"taxonomy":"post_tag","embeddable":true,"href":"https:\/\/prizrenpost.com\/tr\/wp-json\/wp\/v2\/tags?post=43633"}],"curies":[{"name":"wp","href":"https:\/\/api.w.org\/{rel}","templated":true}]}}