{"id":43639,"date":"2026-05-01T15:25:26","date_gmt":"2026-05-01T13:25:26","guid":{"rendered":"https:\/\/prizrenpost.com\/tr\/yanginda-abd-donanmasina-ait-uss-higgins-destroyeri-hasar-gordu\/"},"modified":"2026-05-01T15:25:27","modified_gmt":"2026-05-01T13:25:27","slug":"yanginda-abd-donanmasina-ait-uss-higgins-destroyeri-hasar-gordu","status":"publish","type":"post","link":"https:\/\/prizrenpost.com\/tr\/yanginda-abd-donanmasina-ait-uss-higgins-destroyeri-hasar-gordu\/","title":{"rendered":"Yang\u0131nda ABD Donanmas\u0131&#8217;na ait &#8220;USS Higgins&#8221; destroyeri hasar g\u00f6rd\u00fc"},"content":{"rendered":"<p><img decoding=\"async\" src=\"https:\/\/prizrenpost.com\/tr\/wp-content\/uploads\/2026\/05\/thumbs_b_c_41168de59c67c5187548fb91fdeb3f32.jpg\" style=\"width:100%;height:auto;margin-bottom:20px\"><\/p>\n<p>Anadolu&#8217;nun Per\u015fembe g\u00fcnk\u00fc raporuna g\u00f6re, ABD Donanmas\u0131 g\u00fcd\u00fcml\u00fc f\u00fcze destroyeri USS Higgins&#8217;te bu hafta ba\u015f\u0131nda b\u00fcy\u00fck bir yang\u0131n \u00e7\u0131kt\u0131 ve elektrik ve tahrik sistemlerine zarar verdi.<\/p>\n<p>ABD&#8217;li yetkililere dayand\u0131ran CBS News, \u00c7ar\u015famba itibar\u0131yla m\u00fcrettebat aras\u0131nda herhangi bir yaralanma bildirilmedi\u011fini s\u00f6yledi.<\/p>\n<p>Yang\u0131n nedeni ve yeri Yetkililer, geminin Hint-Pasifik b\u00f6lgesindeki kesin konumunun belirsizli\u011fini korudu\u011funu s\u00f6yledi. hasar ve onar\u0131mlar\u0131n zaman \u00e7izelgesi h\u00e2l\u00e2 bilinmiyor.<\/p>\n<p>Raporda belirtilen gemi izleme verilerine g\u00f6re, Donanman\u0131n Asya merkezli g\u00fcc\u00fcn\u00fcn bir par\u00e7as\u0131 olan USS Higgins&#8217;in en son bu y\u0131l\u0131n ba\u015flar\u0131nda Singapur&#8217;a yana\u015ft\u0131\u011f\u0131 biliniyor.<\/p>\n<p>Tecr\u00fcbeyi geli\u015ftirmek ve reklamlar\u0131 g\u00f6r\u00fcnt\u00fclemek i\u00e7in \u00e7erezleri kullan\u0131yoruz (Google AdSense).<br \/>\n          &#8220;Kabul Et&#8221; se\u00e7ene\u011fine t\u0131klayarak \u00e7erezlerin a\u015fa\u011f\u0131daki \u015fartlara g\u00f6re kullan\u0131lmas\u0131n\u0131 kabul etmi\u015f olursunuz.<br \/>\n          Gizlilik Politikas\u0131<br \/>\n          ve<br \/>\n          \u00c7erez Politikas\u0131.<br \/>\n          &#8220;Reddet&#8221;i t\u0131klayarak gerekli olmayan \u00e7erezleri reddedebilirsiniz.<\/p>\n<hr style=\"margin:30px 0\">\n<p style=\"font-size:13px;color:#666\">Kaynak: <strong>prizrenpost<\/strong><\/p>\n","protected":false},"excerpt":{"rendered":"<p>Anadolu&#8217;nun Per\u015fembe g\u00fcnk\u00fc raporuna g\u00f6re, ABD Donanmas\u0131 g\u00fcd\u00fcml\u00fc f\u00fcze destroyeri USS Higgins&#8217;te bu hafta ba\u015f\u0131nda b\u00fcy\u00fck bir yang\u0131n \u00e7\u0131kt\u0131 ve elektrik ve tahrik sistemlerine zarar verdi. ABD&#8217;li yetkililere dayand\u0131ran CBS News, \u00c7ar\u015famba itibar\u0131yla m\u00fcrettebat aras\u0131nda herhangi bir yaralanma bildirilmedi\u011fini s\u00f6yledi. Yang\u0131n nedeni ve yeri Yetkililer, geminin Hint-Pasifik b\u00f6lgesindeki kesin konumunun belirsizli\u011fini korudu\u011funu s\u00f6yledi. hasar ve [&hellip;]<\/p>\n","protected":false},"author":1,"featured_media":43640,"comment_status":"open","ping_status":"open","sticky":false,"template":"","format":"standard","meta":{"footnotes":""},"categories":[24],"tags":[179],"class_list":["post-43639","post","type-post","status-publish","format-standard","has-post-thumbnail","hentry","category-dunya","tag-aktuel"],"views":7,"_links":{"self":[{"href":"https:\/\/prizrenpost.com\/tr\/wp-json\/wp\/v2\/posts\/43639","targetHints":{"allow":["GET"]}}],"collection":[{"href":"https:\/\/prizrenpost.com\/tr\/wp-json\/wp\/v2\/posts"}],"about":[{"href":"https:\/\/prizrenpost.com\/tr\/wp-json\/wp\/v2\/types\/post"}],"author":[{"embeddable":true,"href":"https:\/\/prizrenpost.com\/tr\/wp-json\/wp\/v2\/users\/1"}],"replies":[{"embeddable":true,"href":"https:\/\/prizrenpost.com\/tr\/wp-json\/wp\/v2\/comments?post=43639"}],"version-history":[{"count":1,"href":"https:\/\/prizrenpost.com\/tr\/wp-json\/wp\/v2\/posts\/43639\/revisions"}],"predecessor-version":[{"id":43641,"href":"https:\/\/prizrenpost.com\/tr\/wp-json\/wp\/v2\/posts\/43639\/revisions\/43641"}],"wp:featuredmedia":[{"embeddable":true,"href":"https:\/\/prizrenpost.com\/tr\/wp-json\/wp\/v2\/media\/43640"}],"wp:attachment":[{"href":"https:\/\/prizrenpost.com\/tr\/wp-json\/wp\/v2\/media?parent=43639"}],"wp:term":[{"taxonomy":"category","embeddable":true,"href":"https:\/\/prizrenpost.com\/tr\/wp-json\/wp\/v2\/categories?post=43639"},{"taxonomy":"post_tag","embeddable":true,"href":"https:\/\/prizrenpost.com\/tr\/wp-json\/wp\/v2\/tags?post=43639"}],"curies":[{"name":"wp","href":"https:\/\/api.w.org\/{rel}","templated":true}]}}