{"id":43642,"date":"2026-05-01T15:45:35","date_gmt":"2026-05-01T13:45:35","guid":{"rendered":"https:\/\/prizrenpost.com\/tr\/israil-mudahalesinin-ardindan-gazze-yardim-filosu-aktivistleri-girite-gonderildi\/"},"modified":"2026-05-01T15:45:36","modified_gmt":"2026-05-01T13:45:36","slug":"israil-mudahalesinin-ardindan-gazze-yardim-filosu-aktivistleri-girite-gonderildi","status":"publish","type":"post","link":"https:\/\/prizrenpost.com\/tr\/israil-mudahalesinin-ardindan-gazze-yardim-filosu-aktivistleri-girite-gonderildi\/","title":{"rendered":"\u0130srail m\u00fcdahalesinin ard\u0131ndan Gazze yard\u0131m filosu aktivistleri Girit&#8217;e g\u00f6nderildi"},"content":{"rendered":"<p><img decoding=\"async\" src=\"https:\/\/prizrenpost.com\/tr\/wp-content\/uploads\/2026\/05\/35919788-614c-4672-b594-7fc800fac220.jpg\" style=\"width:100%;height:auto;margin-bottom:20px\"><\/p>\n<p>Gazze&#8217;ye giden bir yard\u0131m gemisinde bulunan 100&#8217;den fazla Filistin yanl\u0131s\u0131 aktivist, Cuma g\u00fcn\u00fc \u0130srail g\u00fc\u00e7lerinin filolar\u0131n\u0131 Yunanistan yak\u0131nlar\u0131ndaki uluslararas\u0131 sularda durdurmas\u0131n\u0131n ard\u0131ndan Yunanistan&#8217;\u0131n Girit adas\u0131na g\u00f6nderildi.<\/p>\n<p>Aktivistler, Filistin&#8217;i destekleyen uluslararas\u0131 aktivistler taraf\u0131ndan d\u00fczenlenen ikinci bir filonun par\u00e7as\u0131yd\u0131. Ama\u00e7lar\u0131 Gazze&#8217;ye insani yard\u0131m g\u00f6t\u00fcrmek ve \u0130srail ablukas\u0131na kar\u015f\u0131 koymakt\u0131.<\/p>\n<p>Gemiler 12 Nisan&#8217;da \u0130spanya&#8217;n\u0131n Barselona liman\u0131ndan ayr\u0131ld\u0131.<\/p>\n<p>Cuma g\u00fcn\u00fc bir \u0130srail ordusu gemisi, bu gemilerden 168 ki\u015fiyi Yunan gemilerine nakletti.<\/p>\n<p>Daha sonra Girit&#8217;te karaya \u00e7\u0131kar\u0131ld\u0131lar ve orada otob\u00fcsler ve bir ambulans onlar\u0131 bekliyordu. Bu, misyonun organizat\u00f6rleri ve Reuters ajans\u0131n\u0131n g\u00f6rselleriyle do\u011fruland\u0131.<\/p>\n<p>Filoyu organize edenlere g\u00f6re iki aktivist \u0130srailli yetkililerin elinde kald\u0131.<br \/>\n\u0130sminin a\u00e7\u0131klanmas\u0131n\u0131 istemeyen bir kaynak, 22 geminin \u0130srail taraf\u0131ndan al\u0131konuldu\u011funu, di\u011fer 47 geminin ise Girit&#8217;in g\u00fcneyine do\u011fru yol almaya devam etti\u011fini ve Gazze&#8217;ye gitmeden \u00f6nce oraya yana\u015fmay\u0131 planlad\u0131\u011f\u0131n\u0131 s\u00f6yledi.<\/p>\n<p>Her gemi yakla\u015f\u0131k bir ton g\u0131da, t\u0131bbi ekipman ve di\u011fer yard\u0131mlar\u0131 ta\u015f\u0131yor.<br \/>\nOrganizat\u00f6rler, \u00c7ar\u015famba g\u00fcn\u00fc ge\u00e7 saatlerde, Gazze&#8217;den y\u00fczlerce kilometre uzakta, Yunanistan&#8217;\u0131n Mora Yar\u0131madas\u0131 a\u00e7\u0131klar\u0131ndaki uluslararas\u0131 sularda \u0130srail taraf\u0131ndan 22 gemiye el konuldu\u011funu s\u00f6yledi.<\/p>\n<p>\u0130srail d\u0131\u015fi\u015fleri bakanl\u0131\u011f\u0131 organizat\u00f6rleri &#8220;profesyonel provokat\u00f6rler&#8221; olarak nitelendirirken, Almanya ve \u0130talya d\u0131\u015fi\u015fleri bakanl\u0131klar\u0131 durumu derin endi\u015feyle takip ettiklerini s\u00f6yledi.<\/p>\n<p>Per\u015fembe g\u00fcn\u00fc yap\u0131lan bir a\u00e7\u0131klamada, ABD D\u0131\u015fi\u015fleri Bakanl\u0131\u011f\u0131, bu sald\u0131r\u0131y\u0131 destekleyenler i\u00e7in sonu\u00e7lar\u0131 olabilece\u011fi konusunda uyard\u0131. \u015famand\u0131ra, Hamas yanl\u0131s\u0131 olarak damgalan\u0131yor.<\/p>\n<p>Filistin yanl\u0131s\u0131 aktivistler, Filistinlilerin haklar\u0131na verdikleri deste\u011fin haks\u0131z bir \u015fekilde Hamas&#8217;a verilen destekle kar\u0131\u015ft\u0131r\u0131ld\u0131\u011f\u0131n\u0131 s\u00f6yleyerek bu duru\u015fa kar\u015f\u0131 \u00e7\u0131k\u0131yor.<\/p>\n<p>Ge\u00e7ti\u011fimiz Ekim ay\u0131nda \u0130srail ordusu, ayn\u0131 grup taraf\u0131ndan d\u00fczenlenen \u00f6nceki bir kervan\u0131 durdurarak \u0130sve\u00e7li aktivist Greta Thunberg&#8217;i ve 450&#8217;den fazla kat\u0131l\u0131mc\u0131y\u0131 tutuklad\u0131.<\/p>\n<p>Bu arada Filistinliler ve uluslararas\u0131 yard\u0131m kurulu\u015flar\u0131, Ekim ay\u0131nda var\u0131lan ve daha fazla yard\u0131m sa\u011flayan ate\u015fkese ra\u011fmen Gazze&#8217;ye ula\u015fan malzemelerin yetersiz kald\u0131\u011f\u0131n\u0131 s\u00f6yl\u00fcyor. yard\u0131m.<\/p>\n<p>Tecr\u00fcbeyi geli\u015ftirmek ve reklamlar\u0131 g\u00f6r\u00fcnt\u00fclemek i\u00e7in \u00e7erezleri kullan\u0131r\u0131z (Google AdSense).<br \/>\n          &#8220;Kabul Et&#8221; se\u00e7ene\u011fine t\u0131klayarak \u00e7erezlerin a\u015fa\u011f\u0131daki \u015fartlara g\u00f6re kullan\u0131lmas\u0131n\u0131 kabul etmi\u015f olursunuz.<br \/>\n          Gizlilik Politikas\u0131<br \/>\n          ve<br \/>\n          \u00c7erez Politikas\u0131.<br \/>\n          &#8220;Reddet&#8221;i t\u0131klayarak gerekli olmayan \u00e7erezleri reddedebilirsiniz.<\/p>\n<hr style=\"margin:30px 0\">\n<p style=\"font-size:13px;color:#666\">Kaynak: <strong>prizrenpost<\/strong><\/p>\n","protected":false},"excerpt":{"rendered":"<p>Gazze&#8217;ye giden bir yard\u0131m gemisinde bulunan 100&#8217;den fazla Filistin yanl\u0131s\u0131 aktivist, Cuma g\u00fcn\u00fc \u0130srail g\u00fc\u00e7lerinin filolar\u0131n\u0131 Yunanistan yak\u0131nlar\u0131ndaki uluslararas\u0131 sularda durdurmas\u0131n\u0131n ard\u0131ndan Yunanistan&#8217;\u0131n Girit adas\u0131na g\u00f6nderildi. Aktivistler, Filistin&#8217;i destekleyen uluslararas\u0131 aktivistler taraf\u0131ndan d\u00fczenlenen ikinci bir filonun par\u00e7as\u0131yd\u0131. Ama\u00e7lar\u0131 Gazze&#8217;ye insani yard\u0131m g\u00f6t\u00fcrmek ve \u0130srail ablukas\u0131na kar\u015f\u0131 koymakt\u0131. Gemiler 12 Nisan&#8217;da \u0130spanya&#8217;n\u0131n Barselona liman\u0131ndan ayr\u0131ld\u0131. Cuma [&hellip;]<\/p>\n","protected":false},"author":1,"featured_media":43643,"comment_status":"open","ping_status":"open","sticky":false,"template":"","format":"standard","meta":{"footnotes":""},"categories":[24],"tags":[179],"class_list":["post-43642","post","type-post","status-publish","format-standard","has-post-thumbnail","hentry","category-dunya","tag-aktuel"],"views":9,"_links":{"self":[{"href":"https:\/\/prizrenpost.com\/tr\/wp-json\/wp\/v2\/posts\/43642","targetHints":{"allow":["GET"]}}],"collection":[{"href":"https:\/\/prizrenpost.com\/tr\/wp-json\/wp\/v2\/posts"}],"about":[{"href":"https:\/\/prizrenpost.com\/tr\/wp-json\/wp\/v2\/types\/post"}],"author":[{"embeddable":true,"href":"https:\/\/prizrenpost.com\/tr\/wp-json\/wp\/v2\/users\/1"}],"replies":[{"embeddable":true,"href":"https:\/\/prizrenpost.com\/tr\/wp-json\/wp\/v2\/comments?post=43642"}],"version-history":[{"count":1,"href":"https:\/\/prizrenpost.com\/tr\/wp-json\/wp\/v2\/posts\/43642\/revisions"}],"predecessor-version":[{"id":43644,"href":"https:\/\/prizrenpost.com\/tr\/wp-json\/wp\/v2\/posts\/43642\/revisions\/43644"}],"wp:featuredmedia":[{"embeddable":true,"href":"https:\/\/prizrenpost.com\/tr\/wp-json\/wp\/v2\/media\/43643"}],"wp:attachment":[{"href":"https:\/\/prizrenpost.com\/tr\/wp-json\/wp\/v2\/media?parent=43642"}],"wp:term":[{"taxonomy":"category","embeddable":true,"href":"https:\/\/prizrenpost.com\/tr\/wp-json\/wp\/v2\/categories?post=43642"},{"taxonomy":"post_tag","embeddable":true,"href":"https:\/\/prizrenpost.com\/tr\/wp-json\/wp\/v2\/tags?post=43642"}],"curies":[{"name":"wp","href":"https:\/\/api.w.org\/{rel}","templated":true}]}}