{"id":43648,"date":"2026-05-01T16:30:39","date_gmt":"2026-05-01T14:30:39","guid":{"rendered":"https:\/\/prizrenpost.com\/tr\/suclu-mladic-hayatinin-sonuna-yaklastigi-gerekcesiyle-derhal-serbest-birakilmasini-talep-etti\/"},"modified":"2026-05-01T16:30:41","modified_gmt":"2026-05-01T14:30:41","slug":"suclu-mladic-hayatinin-sonuna-yaklastigi-gerekcesiyle-derhal-serbest-birakilmasini-talep-etti","status":"publish","type":"post","link":"https:\/\/prizrenpost.com\/tr\/suclu-mladic-hayatinin-sonuna-yaklastigi-gerekcesiyle-derhal-serbest-birakilmasini-talep-etti\/","title":{"rendered":"Su\u00e7lu Mladi\u00e7, &#8220;hayat\u0131n\u0131n sonuna yakla\u015ft\u0131\u011f\u0131&#8221; gerek\u00e7esiyle derhal serbest b\u0131rak\u0131lmas\u0131n\u0131 talep etti"},"content":{"rendered":"<p><img decoding=\"async\" src=\"https:\/\/prizrenpost.com\/tr\/wp-content\/uploads\/2026\/05\/Ratko-Mladiq.jpg\" style=\"width:100%;height:auto;margin-bottom:20px\"><\/p>\n<p>Su\u00e7lu Ratko Mladi\u00e7&#8217;in savunmas\u0131, tedavisi m\u00fcmk\u00fcn olmayan bir hastal\u0131\u011fa yakaland\u0131\u011f\u0131n\u0131 ve \u00f6l\u00fcme yakla\u015ft\u0131\u011f\u0131n\u0131 \u00f6ne s\u00fcrerek, Lahey&#8217;deki mahkemeden derhal kefaletle serbest b\u0131rak\u0131lmas\u0131n\u0131 veya insani nedenlerle erken tahliye edilmesini talep etti.<\/p>\n<p>Savunma, 30 Nisan Per\u015fembe g\u00fcn\u00fc sundu\u011fu talepte, Mladi\u00e7&#8217;in nisan ay\u0131nda ya\u015fad\u0131\u011f\u0131 &#8220;son kriz&#8221; nedeniyle sa\u011fl\u0131k durumunun ciddi oldu\u011funu ve &#8220;hayat\u0131n\u0131n sonuna yakla\u015ft\u0131\u011f\u0131n\u0131&#8221; vurgulad\u0131. Danas.<\/p>\n<p>Talepte, Mladi\u00e7&#8217;in kalp hastal\u0131\u011f\u0131, b\u00f6brek yetmezli\u011fi ve \u015feker hastas\u0131 oldu\u011fu, ayr\u0131ca ileti\u015fim kuramad\u0131\u011f\u0131, savunmaya g\u00f6re s\u00fcrekli t\u0131bbi bak\u0131m alt\u0131nda olmas\u0131 gerekti\u011fi belirtiliyor.<\/p>\n<p>Mahkeme, t\u0131bbi muayeneden \u00e7\u0131kan raporlar\u0131 kabul edecek ve Mladi\u00e7&#8217;in insani nedenlerle erken tahliye ko\u015fullar\u0131n\u0131 kar\u015f\u0131lay\u0131p kar\u015f\u0131lamad\u0131\u011f\u0131na karar verecek.<\/p>\n<p>Bu y\u0131l\u0131n temmuz ay\u0131nda Ratko Mladi\u00e7&#8217;in bir erken tahliye talebi daha reddedildi. Karar Uluslararas\u0131 Ceza Mahkemeleri Mekanizmas\u0131 taraf\u0131ndan al\u0131nd\u0131.<\/p>\n<p>Su\u00e7lu Mladi\u00e7, Bosna Hersek&#8217;teki sava\u015f s\u0131ras\u0131nda i\u015flenen soyk\u0131r\u0131m, insanl\u0131\u011fa kar\u015f\u0131 su\u00e7 ve sava\u015f yasalar\u0131n\u0131 ihlal su\u00e7lar\u0131ndan \u00f6m\u00fcr boyu hapis cezas\u0131na \u00e7arpt\u0131r\u0131ld\u0131.<\/p>\n<p>Mladi\u00e7 2011 y\u0131l\u0131nda S\u0131rbistan&#8217;da tutukland\u0131 ve 2017 y\u0131l\u0131nda Eski Yugoslavya Uluslararas\u0131 Mahkemesi&#8217;nde hapis cezas\u0131na \u00e7arpt\u0131r\u0131ld\u0131. Hakk\u0131ndaki karar ise 2021 y\u0131l\u0131nda onayland\u0131. Lahey&#8217;deki Birle\u015fmi\u015f Milletler g\u00f6zalt\u0131 birimi 15 y\u0131ld\u0131r.<\/p>\n<p>Deneyimi geli\u015ftirmek ve reklam g\u00f6r\u00fcnt\u00fclemek (Google AdSense) i\u00e7in \u00e7erezleri kullan\u0131yoruz.<br \/>\n          &#8220;Kabul Et&#8221; se\u00e7ene\u011fine t\u0131klayarak \u00e7erezlerin a\u015fa\u011f\u0131daki \u015fartlara g\u00f6re kullan\u0131lmas\u0131n\u0131 kabul etmi\u015f olursunuz.<br \/>\n          Gizlilik Politikas\u0131<br \/>\n          ve<br \/>\n          \u00c7erez Politikas\u0131.<br \/>\n          &#8220;Reddet&#8221;i t\u0131klayarak gerekli olmayan \u00e7erezleri reddedebilirsiniz.<\/p>\n<hr style=\"margin:30px 0\">\n<p style=\"font-size:13px;color:#666\">Kaynak: <strong>prizrenpost<\/strong><\/p>\n","protected":false},"excerpt":{"rendered":"<p>Su\u00e7lu Ratko Mladi\u00e7&#8217;in savunmas\u0131, tedavisi m\u00fcmk\u00fcn olmayan bir hastal\u0131\u011fa yakaland\u0131\u011f\u0131n\u0131 ve \u00f6l\u00fcme yakla\u015ft\u0131\u011f\u0131n\u0131 \u00f6ne s\u00fcrerek, Lahey&#8217;deki mahkemeden derhal kefaletle serbest b\u0131rak\u0131lmas\u0131n\u0131 veya insani nedenlerle erken tahliye edilmesini talep etti. Savunma, 30 Nisan Per\u015fembe g\u00fcn\u00fc sundu\u011fu talepte, Mladi\u00e7&#8217;in nisan ay\u0131nda ya\u015fad\u0131\u011f\u0131 &#8220;son kriz&#8221; nedeniyle sa\u011fl\u0131k durumunun ciddi oldu\u011funu ve &#8220;hayat\u0131n\u0131n sonuna yakla\u015ft\u0131\u011f\u0131n\u0131&#8221; vurgulad\u0131. Danas. Talepte, Mladi\u00e7&#8217;in [&hellip;]<\/p>\n","protected":false},"author":1,"featured_media":43649,"comment_status":"open","ping_status":"open","sticky":false,"template":"","format":"standard","meta":{"footnotes":""},"categories":[24],"tags":[179],"class_list":["post-43648","post","type-post","status-publish","format-standard","has-post-thumbnail","hentry","category-dunya","tag-aktuel"],"views":6,"_links":{"self":[{"href":"https:\/\/prizrenpost.com\/tr\/wp-json\/wp\/v2\/posts\/43648","targetHints":{"allow":["GET"]}}],"collection":[{"href":"https:\/\/prizrenpost.com\/tr\/wp-json\/wp\/v2\/posts"}],"about":[{"href":"https:\/\/prizrenpost.com\/tr\/wp-json\/wp\/v2\/types\/post"}],"author":[{"embeddable":true,"href":"https:\/\/prizrenpost.com\/tr\/wp-json\/wp\/v2\/users\/1"}],"replies":[{"embeddable":true,"href":"https:\/\/prizrenpost.com\/tr\/wp-json\/wp\/v2\/comments?post=43648"}],"version-history":[{"count":1,"href":"https:\/\/prizrenpost.com\/tr\/wp-json\/wp\/v2\/posts\/43648\/revisions"}],"predecessor-version":[{"id":43650,"href":"https:\/\/prizrenpost.com\/tr\/wp-json\/wp\/v2\/posts\/43648\/revisions\/43650"}],"wp:featuredmedia":[{"embeddable":true,"href":"https:\/\/prizrenpost.com\/tr\/wp-json\/wp\/v2\/media\/43649"}],"wp:attachment":[{"href":"https:\/\/prizrenpost.com\/tr\/wp-json\/wp\/v2\/media?parent=43648"}],"wp:term":[{"taxonomy":"category","embeddable":true,"href":"https:\/\/prizrenpost.com\/tr\/wp-json\/wp\/v2\/categories?post=43648"},{"taxonomy":"post_tag","embeddable":true,"href":"https:\/\/prizrenpost.com\/tr\/wp-json\/wp\/v2\/tags?post=43648"}],"curies":[{"name":"wp","href":"https:\/\/api.w.org\/{rel}","templated":true}]}}