{"id":43651,"date":"2026-05-01T17:10:37","date_gmt":"2026-05-01T15:10:37","guid":{"rendered":"https:\/\/prizrenpost.com\/tr\/trump-italya-ve-ispanyayi-amerikan-askerlerini-geri-cekmekle-tehdit-etti\/"},"modified":"2026-05-01T17:10:38","modified_gmt":"2026-05-01T15:10:38","slug":"trump-italya-ve-ispanyayi-amerikan-askerlerini-geri-cekmekle-tehdit-etti","status":"publish","type":"post","link":"https:\/\/prizrenpost.com\/tr\/trump-italya-ve-ispanyayi-amerikan-askerlerini-geri-cekmekle-tehdit-etti\/","title":{"rendered":"Trump \u0130talya ve \u0130spanya&#8217;y\u0131 Amerikan askerlerini geri \u00e7ekmekle tehdit etti"},"content":{"rendered":"<p><img decoding=\"async\" src=\"https:\/\/prizrenpost.com\/tr\/wp-content\/uploads\/2026\/05\/35f5a9f3-73e0-4d4c-b9b2-b9a29f6744fd.jpg\" style=\"width:100%;height:auto;margin-bottom:20px\"><\/p>\n<p>\u0130talya ve \u0130spanya, ABD Ba\u015fkan\u0131 Donald Trump&#8217;\u0131n Avrupa&#8217;daki ABD askeri varl\u0131\u011f\u0131n\u0131n g\u00f6zden ge\u00e7irilmesi kapsam\u0131nda ABD askerlerini geri \u00e7ekmekle tehdit etti\u011fi giderek b\u00fcy\u00fcyen \u00fclkeler listesine kat\u0131ld\u0131.<\/p>\n<p>Bir muhabire konu\u015fan Trump, b\u00f6yle bir hamleyi &#8220;muhtemelen&#8221; d\u00fc\u015f\u00fcnece\u011fini s\u00f6yledi ve bunu iki \u00fclkenin ABD&#8217;nin \u0130ran&#8217;daki kampanyas\u0131na y\u00f6nelik ele\u015ftirileriyle ili\u015fkilendirdi.<\/p>\n<p>&#8220;Bak\u0131n, neden ben yapmayay\u0131m? \u0130talya&#8217;n\u0131n bize hi\u00e7bir faydas\u0131 olmad\u0131 ve \u0130spanya kesinlikle berbatt\u0131. korkun\u00e7&#8221; dedi.<\/p>\n<p>Her iki \u00fclke de Trump&#8217;\u0131n Orta Do\u011fu&#8217;daki sava\u015f\u0131n\u0131 son derece ele\u015ftirdi; ABD ba\u015fkan\u0131 sava\u015fa kat\u0131lmay\u0131 reddettikleri i\u00e7in liderlerini defalarca azarlad\u0131.<\/p>\n<p>\u0130talya&#8217;n\u0131n ba\u015fbakan\u0131 Giorgia Meloni, Trump &#8220;cesaretten yoksun&#8221; oldu\u011funu s\u00f6yleyene kadar Sicilya&#8217;daki bir hava \u00fcss\u00fcn\u00fcn ABD askeri u\u00e7aklar\u0131 taraf\u0131ndan \u0130ran&#8217;daki sava\u015f i\u00e7in kullan\u0131lmas\u0131n\u0131 reddetmi\u015fti.<\/p>\n<p>Bu arada \u0130spanyol Pedro Sanchez de \u0130spanya&#8217;dan Pedro Sanchez oldu. Ba\u015f\u0131ndan bu yana sava\u015f\u0131 en y\u00fcksek sesle ele\u015ftiren Avrupal\u0131lar, NATO \u00fcyeli\u011finin ask\u0131ya al\u0131nmas\u0131 da dahil olmak \u00fczere s\u00fcrekli olarak Trump&#8217;a kar\u015f\u0131 tepkiler ve tehditlerle kar\u015f\u0131 kar\u015f\u0131ya kal\u0131yorlar.<\/p>\n<p>Deneyimi geli\u015ftirmek ve reklamlar\u0131 g\u00f6r\u00fcnt\u00fclemek i\u00e7in \u00e7erezleri kullan\u0131yoruz (Google AdSense).<br \/>\n          &#8220;Kabul Et&#8221; se\u00e7ene\u011fine t\u0131klayarak \u00e7erezlerin a\u015fa\u011f\u0131daki \u015fartlara g\u00f6re kullan\u0131lmas\u0131n\u0131 kabul etmi\u015f olursunuz.<br \/>\n          Gizlilik Politikas\u0131<br \/>\n          ve<br \/>\n          \u00c7erez Politikas\u0131.<br \/>\n          &#8220;Reddet&#8221;i t\u0131klayarak gerekli olmayan \u00e7erezleri reddedebilirsiniz.<\/p>\n<hr style=\"margin:30px 0\">\n<p style=\"font-size:13px;color:#666\">Kaynak: <strong>prizrenpost<\/strong><\/p>\n","protected":false},"excerpt":{"rendered":"<p>\u0130talya ve \u0130spanya, ABD Ba\u015fkan\u0131 Donald Trump&#8217;\u0131n Avrupa&#8217;daki ABD askeri varl\u0131\u011f\u0131n\u0131n g\u00f6zden ge\u00e7irilmesi kapsam\u0131nda ABD askerlerini geri \u00e7ekmekle tehdit etti\u011fi giderek b\u00fcy\u00fcyen \u00fclkeler listesine kat\u0131ld\u0131. Bir muhabire konu\u015fan Trump, b\u00f6yle bir hamleyi &#8220;muhtemelen&#8221; d\u00fc\u015f\u00fcnece\u011fini s\u00f6yledi ve bunu iki \u00fclkenin ABD&#8217;nin \u0130ran&#8217;daki kampanyas\u0131na y\u00f6nelik ele\u015ftirileriyle ili\u015fkilendirdi. &#8220;Bak\u0131n, neden ben yapmayay\u0131m? \u0130talya&#8217;n\u0131n bize hi\u00e7bir faydas\u0131 olmad\u0131 ve [&hellip;]<\/p>\n","protected":false},"author":1,"featured_media":43652,"comment_status":"open","ping_status":"open","sticky":false,"template":"","format":"standard","meta":{"footnotes":""},"categories":[24],"tags":[179],"class_list":["post-43651","post","type-post","status-publish","format-standard","has-post-thumbnail","hentry","category-dunya","tag-aktuel"],"views":8,"_links":{"self":[{"href":"https:\/\/prizrenpost.com\/tr\/wp-json\/wp\/v2\/posts\/43651","targetHints":{"allow":["GET"]}}],"collection":[{"href":"https:\/\/prizrenpost.com\/tr\/wp-json\/wp\/v2\/posts"}],"about":[{"href":"https:\/\/prizrenpost.com\/tr\/wp-json\/wp\/v2\/types\/post"}],"author":[{"embeddable":true,"href":"https:\/\/prizrenpost.com\/tr\/wp-json\/wp\/v2\/users\/1"}],"replies":[{"embeddable":true,"href":"https:\/\/prizrenpost.com\/tr\/wp-json\/wp\/v2\/comments?post=43651"}],"version-history":[{"count":1,"href":"https:\/\/prizrenpost.com\/tr\/wp-json\/wp\/v2\/posts\/43651\/revisions"}],"predecessor-version":[{"id":43653,"href":"https:\/\/prizrenpost.com\/tr\/wp-json\/wp\/v2\/posts\/43651\/revisions\/43653"}],"wp:featuredmedia":[{"embeddable":true,"href":"https:\/\/prizrenpost.com\/tr\/wp-json\/wp\/v2\/media\/43652"}],"wp:attachment":[{"href":"https:\/\/prizrenpost.com\/tr\/wp-json\/wp\/v2\/media?parent=43651"}],"wp:term":[{"taxonomy":"category","embeddable":true,"href":"https:\/\/prizrenpost.com\/tr\/wp-json\/wp\/v2\/categories?post=43651"},{"taxonomy":"post_tag","embeddable":true,"href":"https:\/\/prizrenpost.com\/tr\/wp-json\/wp\/v2\/tags?post=43651"}],"curies":[{"name":"wp","href":"https:\/\/api.w.org\/{rel}","templated":true}]}}