{"id":43654,"date":"2026-05-01T17:20:35","date_gmt":"2026-05-01T15:20:35","guid":{"rendered":"https:\/\/prizrenpost.com\/tr\/zagrebli-makedon-bas-diplomat-avrupa-genisleme-yolunda-bir-adim-atmali\/"},"modified":"2026-05-01T17:20:35","modified_gmt":"2026-05-01T15:20:35","slug":"zagrebli-makedon-bas-diplomat-avrupa-genisleme-yolunda-bir-adim-atmali","status":"publish","type":"post","link":"https:\/\/prizrenpost.com\/tr\/zagrebli-makedon-bas-diplomat-avrupa-genisleme-yolunda-bir-adim-atmali\/","title":{"rendered":"Zagreb&#8217;li Makedon ba\u015f diplomat: Avrupa geni\u015fleme yolunda bir ad\u0131m atmal\u0131"},"content":{"rendered":"<p><img decoding=\"async\" src=\"https:\/\/prizrenpost.com\/tr\/wp-content\/uploads\/2026\/05\/thumbs_b_c_0e159a4a6eff9b329e2e4ae4d1e40c91.jpg\" style=\"width:100%;height:auto;margin-bottom:20px\"><\/p>\n<p>Kuzey Makedonya D\u0131\u015fi\u015fleri ve D\u0131\u015f Ticaret Bakan\u0131 Tim\u00e7o Mucunski, jeopolitik istikrars\u0131zl\u0131k ko\u015fullar\u0131nda Avrupa&#8217;n\u0131n sadece uyanmas\u0131n\u0131n de\u011fil, ayn\u0131 zamanda Avrupa Birli\u011fi&#8217;nin (AB) geni\u015flemesi y\u00f6n\u00fcnde bir ad\u0131m atmas\u0131n\u0131n da zaman\u0131n\u0131n geldi\u011fini s\u00f6yledi.<\/p>\n<p>Mucunski, H\u0131rvatistan&#8217;\u0131n Zagreb kentine yapt\u0131\u011f\u0131 \u00e7al\u0131\u015fma ziyareti kapsam\u0131nda Uluslararas\u0131 Demokratik Birlik (Uluslararas\u0131 Demokrasi Birli\u011fi &#8211; Uluslararas\u0131 Demokrasi Birli\u011fi &#8211; Uluslararas\u0131 Demokrasi Birli\u011fi) taraf\u0131ndan d\u00fczenlenen foruma kat\u0131ld\u0131 ve konu\u015fma yapt\u0131. IDU).<\/p>\n<p>Bakan Mucunski konu\u015fmas\u0131nda, devletin hem yurt i\u00e7inde hem de yurt d\u0131\u015f\u0131nda somut ad\u0131mlar att\u0131\u011f\u0131n\u0131 ve sonu\u00e7 verdi\u011fini vurgulad\u0131.<\/p>\n<p>Ayr\u0131ca ma\u011fdurun anlat\u0131m\u0131n\u0131 kabul etmedi\u011fini, ancak kendisinin de s\u00f6yledi\u011fi gibi devletin s\u00fcrekli bir ikilile\u015fme s\u00fcreciyle kar\u015f\u0131 kar\u015f\u0131ya oldu\u011funu vurgulayarak, Bulgar h\u00fck\u00fcmetinin kurulmas\u0131yla yeni bir ilerleme ivmesi yarat\u0131laca\u011f\u0131 beklentisini dile getirdi.<\/p>\n<p>Avrupa entegrasyonu konusunda ise baz\u0131 \u00fcye devletlerden gelen deste\u011fin \u00f6nemli ancak uyumla\u015ft\u0131r\u0131lm\u0131\u015f bir s\u00fcre\u00e7 oldu\u011funu vurgulad\u0131. Avrupa Birli\u011fi&#8217;nin t\u00fcm \u00fcye devletlerinin yakla\u015f\u0131m\u0131na ihtiya\u00e7 vard\u0131r. He added that he expects this approach to be joint and coordinated, mentioning Croatia as a principle supporter of the process.<\/p>\n<p>Focusing on the geopolitical challenges, Minister Mucunski emphasized that in conditions of geopolitical instability, it is time for Europe not only to wake up, but also to take a step forward towards the expansion of the European Union. Ayr\u0131ca tarih hakk\u0131nda daha az, gelecek hakk\u0131nda ise daha \u00e7ok konu\u015fmam\u0131z gerekti\u011fini vurgulad\u0131.<\/p>\n<p>Tecr\u00fcbeyi geli\u015ftirmek ve reklam g\u00f6r\u00fcnt\u00fclemek (Google AdSense) i\u00e7in \u00e7erezleri kullan\u0131yoruz.<br \/>\n          &#8220;Kabul Et&#8221; se\u00e7ene\u011fine t\u0131klayarak \u00e7erezlerin a\u015fa\u011f\u0131daki \u015fartlara g\u00f6re kullan\u0131lmas\u0131n\u0131 kabul etmi\u015f olursunuz.<br \/>\n          Gizlilik Politikas\u0131<br \/>\n          ve<br \/>\n          \u00c7erez Politikas\u0131.<br \/>\n          &#8220;Reddet&#8221;i t\u0131klayarak gerekli olmayan \u00e7erezleri reddedebilirsiniz.<\/p>\n<hr style=\"margin:30px 0\">\n<p style=\"font-size:13px;color:#666\">Kaynak: <strong>prizrenpost<\/strong><\/p>\n","protected":false},"excerpt":{"rendered":"<p>Kuzey Makedonya D\u0131\u015fi\u015fleri ve D\u0131\u015f Ticaret Bakan\u0131 Tim\u00e7o Mucunski, jeopolitik istikrars\u0131zl\u0131k ko\u015fullar\u0131nda Avrupa&#8217;n\u0131n sadece uyanmas\u0131n\u0131n de\u011fil, ayn\u0131 zamanda Avrupa Birli\u011fi&#8217;nin (AB) geni\u015flemesi y\u00f6n\u00fcnde bir ad\u0131m atmas\u0131n\u0131n da zaman\u0131n\u0131n geldi\u011fini s\u00f6yledi. Mucunski, H\u0131rvatistan&#8217;\u0131n Zagreb kentine yapt\u0131\u011f\u0131 \u00e7al\u0131\u015fma ziyareti kapsam\u0131nda Uluslararas\u0131 Demokratik Birlik (Uluslararas\u0131 Demokrasi Birli\u011fi &#8211; Uluslararas\u0131 Demokrasi Birli\u011fi &#8211; Uluslararas\u0131 Demokrasi Birli\u011fi) taraf\u0131ndan d\u00fczenlenen foruma [&hellip;]<\/p>\n","protected":false},"author":1,"featured_media":43655,"comment_status":"open","ping_status":"open","sticky":false,"template":"","format":"standard","meta":{"footnotes":""},"categories":[24],"tags":[179],"class_list":["post-43654","post","type-post","status-publish","format-standard","has-post-thumbnail","hentry","category-dunya","tag-aktuel"],"views":5,"_links":{"self":[{"href":"https:\/\/prizrenpost.com\/tr\/wp-json\/wp\/v2\/posts\/43654","targetHints":{"allow":["GET"]}}],"collection":[{"href":"https:\/\/prizrenpost.com\/tr\/wp-json\/wp\/v2\/posts"}],"about":[{"href":"https:\/\/prizrenpost.com\/tr\/wp-json\/wp\/v2\/types\/post"}],"author":[{"embeddable":true,"href":"https:\/\/prizrenpost.com\/tr\/wp-json\/wp\/v2\/users\/1"}],"replies":[{"embeddable":true,"href":"https:\/\/prizrenpost.com\/tr\/wp-json\/wp\/v2\/comments?post=43654"}],"version-history":[{"count":1,"href":"https:\/\/prizrenpost.com\/tr\/wp-json\/wp\/v2\/posts\/43654\/revisions"}],"predecessor-version":[{"id":43656,"href":"https:\/\/prizrenpost.com\/tr\/wp-json\/wp\/v2\/posts\/43654\/revisions\/43656"}],"wp:featuredmedia":[{"embeddable":true,"href":"https:\/\/prizrenpost.com\/tr\/wp-json\/wp\/v2\/media\/43655"}],"wp:attachment":[{"href":"https:\/\/prizrenpost.com\/tr\/wp-json\/wp\/v2\/media?parent=43654"}],"wp:term":[{"taxonomy":"category","embeddable":true,"href":"https:\/\/prizrenpost.com\/tr\/wp-json\/wp\/v2\/categories?post=43654"},{"taxonomy":"post_tag","embeddable":true,"href":"https:\/\/prizrenpost.com\/tr\/wp-json\/wp\/v2\/tags?post=43654"}],"curies":[{"name":"wp","href":"https:\/\/api.w.org\/{rel}","templated":true}]}}