{"id":43661,"date":"2026-05-01T18:25:29","date_gmt":"2026-05-01T16:25:29","guid":{"rendered":"https:\/\/prizrenpost.com\/tr\/turkiye-ve-iran-disisleri-bakanlari-telefon-gorusmesi-yapti\/"},"modified":"2026-05-01T18:25:30","modified_gmt":"2026-05-01T16:25:30","slug":"turkiye-ve-iran-disisleri-bakanlari-telefon-gorusmesi-yapti","status":"publish","type":"post","link":"https:\/\/prizrenpost.com\/tr\/turkiye-ve-iran-disisleri-bakanlari-telefon-gorusmesi-yapti\/","title":{"rendered":"T\u00fcrkiye ve \u0130ran D\u0131\u015fi\u015fleri Bakanlar\u0131 telefon g\u00f6r\u00fc\u015fmesi yapt\u0131"},"content":{"rendered":"<p><img decoding=\"async\" src=\"https:\/\/prizrenpost.com\/tr\/wp-content\/uploads\/2026\/05\/Ministrat-e-Jashtem-te-Turqise-dhe-Iranit-zhvillojne-bisede-telefonike.jpg\" style=\"width:100%;height:auto;margin-bottom:20px\"><\/p>\n<p>Diplomatik kaynaklara g\u00f6re, T\u00fcrkiye D\u0131\u015fi\u015fleri Bakan\u0131 Hakan Fidan, \u0130ranl\u0131 mevkida\u015f\u0131 Abbas Araghchi ile telefon g\u00f6r\u00fc\u015fmesi ger\u00e7ekle\u015ftirdi.<\/p>\n<p>T\u00fcrk D\u0131\u015fi\u015fleri Bakanl\u0131\u011f\u0131 kaynaklar\u0131, iki bakan\u0131n \u0130ran ile ABD aras\u0131nda devam eden m\u00fczakere s\u00fcrecindeki son geli\u015fmeleri ele ald\u0131\u011f\u0131n\u0131 ekledi.<\/p>\n<p>Pakistan, 8 Nisan&#8217;da ABD-\u0130srail&#8217;in \u0130ran&#8217;a kar\u015f\u0131 sava\u015f\u0131nda ate\u015fkese arac\u0131l\u0131k etti ve ard\u0131ndan \u0130slamabad&#8217;da bar\u0131\u015f g\u00f6r\u00fc\u015fmelerini kolayla\u015ft\u0131rd\u0131.<\/p>\n<p>Ate\u015fkes devam ederken. O zamandan bu yana \u00e7at\u0131\u015fmaya kesin bir son verme \u00e7abalar\u0131 devam ediyor.<\/p>\n<p>Deneyimi geli\u015ftirmek ve reklamlar\u0131 (Google AdSense) g\u00f6r\u00fcnt\u00fclemek i\u00e7in \u00e7erezleri kullan\u0131yoruz.<br \/>\n          &#8220;Kabul Et&#8221; se\u00e7ene\u011fine t\u0131klayarak \u00e7erezlerin a\u015fa\u011f\u0131daki \u015fartlara g\u00f6re kullan\u0131lmas\u0131n\u0131 kabul etmi\u015f olursunuz.<br \/>\n          Gizlilik Politikas\u0131<br \/>\n          ve<br \/>\n          \u00c7erez Politikas\u0131.<br \/>\n          &#8220;Reddet&#8221;i t\u0131klayarak gerekli olmayan \u00e7erezleri reddedebilirsiniz.<\/p>\n<hr style=\"margin:30px 0\">\n<p style=\"font-size:13px;color:#666\">Kaynak: <strong>prizrenpost<\/strong><\/p>\n","protected":false},"excerpt":{"rendered":"<p>Diplomatik kaynaklara g\u00f6re, T\u00fcrkiye D\u0131\u015fi\u015fleri Bakan\u0131 Hakan Fidan, \u0130ranl\u0131 mevkida\u015f\u0131 Abbas Araghchi ile telefon g\u00f6r\u00fc\u015fmesi ger\u00e7ekle\u015ftirdi. T\u00fcrk D\u0131\u015fi\u015fleri Bakanl\u0131\u011f\u0131 kaynaklar\u0131, iki bakan\u0131n \u0130ran ile ABD aras\u0131nda devam eden m\u00fczakere s\u00fcrecindeki son geli\u015fmeleri ele ald\u0131\u011f\u0131n\u0131 ekledi. Pakistan, 8 Nisan&#8217;da ABD-\u0130srail&#8217;in \u0130ran&#8217;a kar\u015f\u0131 sava\u015f\u0131nda ate\u015fkese arac\u0131l\u0131k etti ve ard\u0131ndan \u0130slamabad&#8217;da bar\u0131\u015f g\u00f6r\u00fc\u015fmelerini kolayla\u015ft\u0131rd\u0131. Ate\u015fkes devam ederken. O [&hellip;]<\/p>\n","protected":false},"author":1,"featured_media":43662,"comment_status":"open","ping_status":"open","sticky":false,"template":"","format":"standard","meta":{"footnotes":""},"categories":[24],"tags":[179],"class_list":["post-43661","post","type-post","status-publish","format-standard","has-post-thumbnail","hentry","category-dunya","tag-aktuel"],"views":9,"_links":{"self":[{"href":"https:\/\/prizrenpost.com\/tr\/wp-json\/wp\/v2\/posts\/43661","targetHints":{"allow":["GET"]}}],"collection":[{"href":"https:\/\/prizrenpost.com\/tr\/wp-json\/wp\/v2\/posts"}],"about":[{"href":"https:\/\/prizrenpost.com\/tr\/wp-json\/wp\/v2\/types\/post"}],"author":[{"embeddable":true,"href":"https:\/\/prizrenpost.com\/tr\/wp-json\/wp\/v2\/users\/1"}],"replies":[{"embeddable":true,"href":"https:\/\/prizrenpost.com\/tr\/wp-json\/wp\/v2\/comments?post=43661"}],"version-history":[{"count":1,"href":"https:\/\/prizrenpost.com\/tr\/wp-json\/wp\/v2\/posts\/43661\/revisions"}],"predecessor-version":[{"id":43663,"href":"https:\/\/prizrenpost.com\/tr\/wp-json\/wp\/v2\/posts\/43661\/revisions\/43663"}],"wp:featuredmedia":[{"embeddable":true,"href":"https:\/\/prizrenpost.com\/tr\/wp-json\/wp\/v2\/media\/43662"}],"wp:attachment":[{"href":"https:\/\/prizrenpost.com\/tr\/wp-json\/wp\/v2\/media?parent=43661"}],"wp:term":[{"taxonomy":"category","embeddable":true,"href":"https:\/\/prizrenpost.com\/tr\/wp-json\/wp\/v2\/categories?post=43661"},{"taxonomy":"post_tag","embeddable":true,"href":"https:\/\/prizrenpost.com\/tr\/wp-json\/wp\/v2\/tags?post=43661"}],"curies":[{"name":"wp","href":"https:\/\/api.w.org\/{rel}","templated":true}]}}