{"id":43667,"date":"2026-05-01T18:45:34","date_gmt":"2026-05-01T16:45:34","guid":{"rendered":"https:\/\/prizrenpost.com\/tr\/komiser-kos-ab-yeni-uyeler-kazanacak-once-karadag-ardindan-arnavutluk\/"},"modified":"2026-05-01T18:45:34","modified_gmt":"2026-05-01T16:45:34","slug":"komiser-kos-ab-yeni-uyeler-kazanacak-once-karadag-ardindan-arnavutluk","status":"publish","type":"post","link":"https:\/\/prizrenpost.com\/tr\/komiser-kos-ab-yeni-uyeler-kazanacak-once-karadag-ardindan-arnavutluk\/","title":{"rendered":"Komiser Kos: AB yeni \u00fcyeler kazanacak, \u00f6nce Karada\u011f, ard\u0131ndan Arnavutluk"},"content":{"rendered":"<p><img decoding=\"async\" src=\"https:\/\/prizrenpost.com\/tr\/wp-content\/uploads\/2026\/05\/thumbs_b_c_53a44b9d801944031eb6b5f4c948aab3.jpg\" style=\"width:100%;height:auto;margin-bottom:20px\"><\/p>\n<p>AB&#8217;nin Geni\u015flemeden Sorumlu Komisyon \u00dcyesi Marta Kos, Anadolu&#8217;nun haberine g\u00f6re, Avrupa Birli\u011fi&#8217;nin (AB) \u00f6n\u00fcm\u00fczdeki d\u00f6nemde yeni \u00fcyeler kazanaca\u011f\u0131n\u0131, Karada\u011f&#8217;\u0131n ilk s\u0131rada yer alaca\u011f\u0131n\u0131 ve onu Arnavutluk&#8217;un takip edece\u011fini s\u00f6yledi.<\/p>\n<p>Kos, &#8220;Avrupa Birli\u011fi&#8217;nin \u00f6n\u00fcm\u00fczdeki y\u0131llarda geni\u015fleyece\u011finin art\u0131k olduk\u00e7a ger\u00e7ek\u00e7i oldu\u011funu&#8221; s\u00f6yledi. Freiburg&#8217;da d\u00fczenlenen bir konferansta konu\u015fan Karada\u011f ve Arnavutluk&#8217;un olumlu \u00f6rne\u011fi, b\u00f6lgedeki di\u011fer \u00fclkelere de ayn\u0131 yolu izleme konusunda ilham verecek&#8221; dedi.<\/p>\n<p>Avrupa Komiseri Kos, Avrupa Birli\u011fi&#8217;ne yeni \u00fclkelerin kabul\u00fcne ili\u015fkin anla\u015fmalar\u0131n, Avrupa Komisyonu&#8217;nun Birli\u011fin kurallar\u0131na ve &#8220;de\u011ferlerine&#8221; uyulmamas\u0131 durumunda yapt\u0131r\u0131m uygulamas\u0131na izin verecek yeni bir h\u00fck\u00fcm i\u00e7erece\u011fini s\u00f6yledi.<\/p>\n<p>&#8220;Karada\u011f ile kat\u0131l\u0131m anla\u015fmas\u0131, Macaristan&#8217;la olan deneyimlerden elde edilen \u00f6zel \u00f6nlemleri de i\u00e7eriyor&#8221; dedi Kos.<\/p>\n<p>Kos, bunun Birlik i\u00e7inde &#8220;Truva atlar\u0131n\u0131n&#8221; ortaya \u00e7\u0131kmas\u0131n\u0131 \u00f6nlemekle ilgili oldu\u011funu iddia ediyor.<\/p>\n<p>&#8220;Bunu bana be\u015f veya on y\u0131l \u00f6nce sormu\u015f olsayd\u0131n\u0131z, bunun sa\u00e7ma oldu\u011funu s\u00f6ylerdim. Ancak art\u0131k kendimizi savunabilmemiz gerekti\u011fini anl\u0131yoruz&#8221;, diye ekledi.<\/p>\n<p>H\u0131rvatistan, yakla\u015f\u0131k on y\u0131l s\u00fcren bir s\u00fcrecin ard\u0131ndan 2013 y\u0131l\u0131nda AB&#8217;ye kat\u0131lan son \u00fclke oldu.<\/p>\n<p>Tecr\u00fcbeyi geli\u015ftirmek ve reklamlar\u0131 g\u00f6r\u00fcnt\u00fclemek i\u00e7in \u00e7erezleri kullan\u0131yoruz (Google AdSense).<br \/>\n          &#8220;Kabul Et&#8221; se\u00e7ene\u011fine t\u0131klayarak \u00e7erezlerin a\u015fa\u011f\u0131daki \u015fartlara g\u00f6re kullan\u0131lmas\u0131n\u0131 kabul etmi\u015f olursunuz.<br \/>\n          Gizlilik Politikas\u0131<br \/>\n          ve<br \/>\n          \u00c7erez Politikas\u0131.<br \/>\n          &#8220;Reddet&#8221;i t\u0131klayarak gerekli olmayan \u00e7erezleri reddedebilirsiniz.<\/p>\n<hr style=\"margin:30px 0\">\n<p style=\"font-size:13px;color:#666\">Kaynak: <strong>prizrenpost<\/strong><\/p>\n","protected":false},"excerpt":{"rendered":"<p>AB&#8217;nin Geni\u015flemeden Sorumlu Komisyon \u00dcyesi Marta Kos, Anadolu&#8217;nun haberine g\u00f6re, Avrupa Birli\u011fi&#8217;nin (AB) \u00f6n\u00fcm\u00fczdeki d\u00f6nemde yeni \u00fcyeler kazanaca\u011f\u0131n\u0131, Karada\u011f&#8217;\u0131n ilk s\u0131rada yer alaca\u011f\u0131n\u0131 ve onu Arnavutluk&#8217;un takip edece\u011fini s\u00f6yledi. Kos, &#8220;Avrupa Birli\u011fi&#8217;nin \u00f6n\u00fcm\u00fczdeki y\u0131llarda geni\u015fleyece\u011finin art\u0131k olduk\u00e7a ger\u00e7ek\u00e7i oldu\u011funu&#8221; s\u00f6yledi. Freiburg&#8217;da d\u00fczenlenen bir konferansta konu\u015fan Karada\u011f ve Arnavutluk&#8217;un olumlu \u00f6rne\u011fi, b\u00f6lgedeki di\u011fer \u00fclkelere de ayn\u0131 [&hellip;]<\/p>\n","protected":false},"author":1,"featured_media":43668,"comment_status":"open","ping_status":"open","sticky":false,"template":"","format":"standard","meta":{"footnotes":""},"categories":[24],"tags":[179],"class_list":["post-43667","post","type-post","status-publish","format-standard","has-post-thumbnail","hentry","category-dunya","tag-aktuel"],"views":7,"_links":{"self":[{"href":"https:\/\/prizrenpost.com\/tr\/wp-json\/wp\/v2\/posts\/43667","targetHints":{"allow":["GET"]}}],"collection":[{"href":"https:\/\/prizrenpost.com\/tr\/wp-json\/wp\/v2\/posts"}],"about":[{"href":"https:\/\/prizrenpost.com\/tr\/wp-json\/wp\/v2\/types\/post"}],"author":[{"embeddable":true,"href":"https:\/\/prizrenpost.com\/tr\/wp-json\/wp\/v2\/users\/1"}],"replies":[{"embeddable":true,"href":"https:\/\/prizrenpost.com\/tr\/wp-json\/wp\/v2\/comments?post=43667"}],"version-history":[{"count":1,"href":"https:\/\/prizrenpost.com\/tr\/wp-json\/wp\/v2\/posts\/43667\/revisions"}],"predecessor-version":[{"id":43669,"href":"https:\/\/prizrenpost.com\/tr\/wp-json\/wp\/v2\/posts\/43667\/revisions\/43669"}],"wp:featuredmedia":[{"embeddable":true,"href":"https:\/\/prizrenpost.com\/tr\/wp-json\/wp\/v2\/media\/43668"}],"wp:attachment":[{"href":"https:\/\/prizrenpost.com\/tr\/wp-json\/wp\/v2\/media?parent=43667"}],"wp:term":[{"taxonomy":"category","embeddable":true,"href":"https:\/\/prizrenpost.com\/tr\/wp-json\/wp\/v2\/categories?post=43667"},{"taxonomy":"post_tag","embeddable":true,"href":"https:\/\/prizrenpost.com\/tr\/wp-json\/wp\/v2\/tags?post=43667"}],"curies":[{"name":"wp","href":"https:\/\/api.w.org\/{rel}","templated":true}]}}