{"id":43673,"date":"2026-05-01T20:25:19","date_gmt":"2026-05-01T18:25:19","guid":{"rendered":"https:\/\/prizrenpost.com\/tr\/msk-plani-onayladi-10-kampanya-gunu-ve-organizasyon-icin-108-milyon-euro\/"},"modified":"2026-05-01T20:25:21","modified_gmt":"2026-05-01T18:25:21","slug":"msk-plani-onayladi-10-kampanya-gunu-ve-organizasyon-icin-108-milyon-euro","status":"publish","type":"post","link":"https:\/\/prizrenpost.com\/tr\/msk-plani-onayladi-10-kampanya-gunu-ve-organizasyon-icin-108-milyon-euro\/","title":{"rendered":"MSK plan\u0131 onaylad\u0131 &#8211; 10 kampanya g\u00fcn\u00fc ve organizasyon i\u00e7in 10,8 milyon euro"},"content":{"rendered":"<p><img decoding=\"async\" src=\"https:\/\/prizrenpost.com\/tr\/wp-content\/uploads\/2026\/05\/kqzzzz.jpg\" style=\"width:100%;height:auto;margin-bottom:20px\"><\/p>\n<p>Ve 36 g\u00fcn i\u00e7inde Merkezi Se\u00e7im Komisyonu&#8217;nun 7 Haziran se\u00e7imleri i\u00e7in s\u00fcrecin organizasyonuna haz\u0131r olmas\u0131 gerekiyor.<\/p>\n<p>Ancak t\u00fcm bu organizasyonun olduk\u00e7a maliyetli olmas\u0131 bekleniyor.<\/p>\n<p>MSK&#8217;ya g\u00f6re se\u00e7imler i\u00e7in planlanan tutar yakla\u015f\u0131k 11 milyon euroyu buluyor.<\/p>\n<p>Se\u00e7im yar\u0131\u015f\u0131na girmek isteyen siyasi olu\u015fumlar\u0131n ise 7 May\u0131s&#8217;a kadar kendilerini beyan etmeleri gerekiyor.<\/p>\n<p>Bu s\u00fcre i\u00e7erisinde partilerin ayr\u0131ca tek ba\u015f\u0131na m\u0131 yar\u0131\u015fmak istediklerini yoksa koalisyon mu kurmak istediklerini belirtmelidir.<\/p>\n<p>Siyasi \u00f6zneler, 2 May\u0131s&#8217;tan 10 May\u0131s Cumartesi g\u00fcn\u00fcne kadar milletvekili aday listeleri de dahil olmak \u00fczere derleyip MSK&#8217;ya sunmal\u0131d\u0131r.<\/p>\n<p>Oy sand\u0131klar\u0131nda yer alacak say\u0131lar\u0131 2 hafta sonra \u00f6\u011frenecekler.<\/p>\n<p>MSK ayr\u0131ca se\u00e7im kampanyas\u0131n\u0131n zamanlamas\u0131n\u0131 da duyurdu.<\/p>\n<p>Diyasporan\u0131n oylama 6 May\u0131s &#8211; 17 May\u0131s aras\u0131nda ba\u015flayacak, postayla oylama d\u00f6nemi ise 25 May\u0131s &#8211; 6 Haziran aras\u0131nda ba\u015flayacak.<\/p>\n<p>Bu g\u00fcnde oylama diplomatik temsilcilikte de yap\u0131lacak.<\/p>\n<p>Tecr\u00fcbeyi geli\u015ftirmek ve reklam g\u00f6r\u00fcnt\u00fclemek i\u00e7in \u00e7erezleri kullan\u0131yoruz (Google AdSense).<br \/>\n          &#8220;Kabul Et&#8221; se\u00e7ene\u011fine t\u0131klayarak \u00e7erezlerin a\u015fa\u011f\u0131daki \u015fartlara g\u00f6re kullan\u0131lmas\u0131n\u0131 kabul etmi\u015f olursunuz.<br \/>\n          Gizlilik Politikas\u0131<br \/>\n          ve<br \/>\n          \u00c7erez Politikas\u0131.<br \/>\n          &#8220;Reddet&#8221;i t\u0131klayarak gerekli olmayan \u00e7erezleri reddedebilirsiniz.<\/p>\n<hr style=\"margin:30px 0\">\n<p style=\"font-size:13px;color:#666\">Kaynak: <strong>prizrenpost<\/strong><\/p>\n","protected":false},"excerpt":{"rendered":"<p>Ve 36 g\u00fcn i\u00e7inde Merkezi Se\u00e7im Komisyonu&#8217;nun 7 Haziran se\u00e7imleri i\u00e7in s\u00fcrecin organizasyonuna haz\u0131r olmas\u0131 gerekiyor. Ancak t\u00fcm bu organizasyonun olduk\u00e7a maliyetli olmas\u0131 bekleniyor. MSK&#8217;ya g\u00f6re se\u00e7imler i\u00e7in planlanan tutar yakla\u015f\u0131k 11 milyon euroyu buluyor. Se\u00e7im yar\u0131\u015f\u0131na girmek isteyen siyasi olu\u015fumlar\u0131n ise 7 May\u0131s&#8217;a kadar kendilerini beyan etmeleri gerekiyor. Bu s\u00fcre i\u00e7erisinde partilerin ayr\u0131ca tek [&hellip;]<\/p>\n","protected":false},"author":1,"featured_media":43674,"comment_status":"open","ping_status":"open","sticky":false,"template":"","format":"standard","meta":{"footnotes":""},"categories":[14],"tags":[179],"class_list":["post-43673","post","type-post","status-publish","format-standard","has-post-thumbnail","hentry","category-ulusal","tag-aktuel"],"views":6,"_links":{"self":[{"href":"https:\/\/prizrenpost.com\/tr\/wp-json\/wp\/v2\/posts\/43673","targetHints":{"allow":["GET"]}}],"collection":[{"href":"https:\/\/prizrenpost.com\/tr\/wp-json\/wp\/v2\/posts"}],"about":[{"href":"https:\/\/prizrenpost.com\/tr\/wp-json\/wp\/v2\/types\/post"}],"author":[{"embeddable":true,"href":"https:\/\/prizrenpost.com\/tr\/wp-json\/wp\/v2\/users\/1"}],"replies":[{"embeddable":true,"href":"https:\/\/prizrenpost.com\/tr\/wp-json\/wp\/v2\/comments?post=43673"}],"version-history":[{"count":1,"href":"https:\/\/prizrenpost.com\/tr\/wp-json\/wp\/v2\/posts\/43673\/revisions"}],"predecessor-version":[{"id":43675,"href":"https:\/\/prizrenpost.com\/tr\/wp-json\/wp\/v2\/posts\/43673\/revisions\/43675"}],"wp:featuredmedia":[{"embeddable":true,"href":"https:\/\/prizrenpost.com\/tr\/wp-json\/wp\/v2\/media\/43674"}],"wp:attachment":[{"href":"https:\/\/prizrenpost.com\/tr\/wp-json\/wp\/v2\/media?parent=43673"}],"wp:term":[{"taxonomy":"category","embeddable":true,"href":"https:\/\/prizrenpost.com\/tr\/wp-json\/wp\/v2\/categories?post=43673"},{"taxonomy":"post_tag","embeddable":true,"href":"https:\/\/prizrenpost.com\/tr\/wp-json\/wp\/v2\/tags?post=43673"}],"curies":[{"name":"wp","href":"https:\/\/api.w.org\/{rel}","templated":true}]}}