{"id":43676,"date":"2026-05-01T21:00:32","date_gmt":"2026-05-01T19:00:32","guid":{"rendered":"https:\/\/prizrenpost.com\/tr\/jeopolitik-agirligi-olan-iki-adam-birbirine-kizdiginda\/"},"modified":"2026-05-01T21:00:33","modified_gmt":"2026-05-01T19:00:33","slug":"jeopolitik-agirligi-olan-iki-adam-birbirine-kizdiginda","status":"publish","type":"post","link":"https:\/\/prizrenpost.com\/tr\/jeopolitik-agirligi-olan-iki-adam-birbirine-kizdiginda\/","title":{"rendered":"Jeopolitik a\u011f\u0131rl\u0131\u011f\u0131 olan iki adam birbirine k\u0131zd\u0131\u011f\u0131nda&#8230;"},"content":{"rendered":"<p><img decoding=\"async\" src=\"https:\/\/prizrenpost.com\/tr\/wp-content\/uploads\/2026\/05\/Friedrich-Merz-me-presidentin-amerikan-Donald-Trump.jpg\" style=\"width:100%;height:auto;margin-bottom:20px\"><\/p>\n<p>Politico: ABD-Almanya ili\u015fkileri k\u0131r\u0131lma noktas\u0131nda, Trump-Mertz anla\u015fmazl\u0131\u011f\u0131 ne kadar ileri gidebilir?<\/p>\n<p>Almanya \u015eans\u00f6lyesi Friedrich Merz&#8217;in ABD Ba\u015fkan\u0131 Donald Trump ile ili\u015fkisi, eskinin \u0130ran&#8217;daki sava\u015fa ili\u015fkin a\u00e7\u0131klamalar\u0131n\u0131n Washington&#8217;da g\u00fc\u00e7l\u00fc bir tepkiye yol a\u00e7mas\u0131 ve ABD kuvvetlerinin Almanya&#8217;dan \u00e7ekilmesi senaryolar\u0131n\u0131 yeniden canland\u0131rmas\u0131n\u0131n ard\u0131ndan bir kriz noktas\u0131nda g\u00f6r\u00fcn\u00fcyor.<\/p>\n<p>Alman \u015eans\u00f6lyesi, Donald Trump&#8217;la aylarca ip \u00fczerinde y\u00fcr\u00fcd\u00fc. Art\u0131k dengesini kaybediyor gibi g\u00f6r\u00fcnen Politico, iki lider aras\u0131ndaki ili\u015fkideki krizi anlat\u0131yor.<\/p>\n<p>Rapora g\u00f6re Merz, Washington&#8217;la iyi ili\u015fkiler s\u00fcrd\u00fcrmenin \u015fart oldu\u011funu d\u00fc\u015f\u00fcnerek di\u011fer Avrupal\u0131 \u200b\u200bliderlere g\u00f6re daha fazla taviz vermeyi se\u00e7mi\u015fti. Ancak ayn\u0131 zamanda \u00fclkede artan siyasi bask\u0131, Alman kamuoyunda pek sevilmeyen ABD ba\u015fkan\u0131na kar\u015f\u0131 daha ele\u015ftirel davranmas\u0131na yol a\u00e7t\u0131.<\/p>\n<p>Merz&#8217;in bir okulda yapt\u0131\u011f\u0131 konu\u015fmada ABD&#8217;nin \u0130ran rejimi taraf\u0131ndan &#8220;a\u015fa\u011f\u0131land\u0131\u011f\u0131n\u0131&#8221; iddia etmesiyle gerilim doru\u011fa \u00e7\u0131kt\u0131. Bu a\u00e7\u0131klama, Truth Social platformu arac\u0131l\u0131\u011f\u0131yla \u015fans\u00f6lyeye sald\u0131ran ve Berlin i\u00e7in stratejik bir kabus olan bir senaryo olan Amerikan askerlerinin Almanya&#8217;dan \u00e7ekilmesi olas\u0131l\u0131\u011f\u0131n\u0131 a\u00e7\u0131k b\u0131rakan Trump&#8217;\u0131n an\u0131nda yan\u0131t vermesine yol a\u00e7t\u0131.<\/p>\n<p>Merz, bir Alman askeri e\u011fitim sahas\u0131ndan ABD ve NATO m\u00fcttefikleriyle i\u015fbirli\u011finin g\u00fc\u00e7l\u00fc kalaca\u011f\u0131na dair g\u00fcvence vererek \u00e7at\u0131\u015fmay\u0131 en aza indirmeye \u00e7al\u0131\u015ft\u0131. &#8220;We work together with the United States and our allies in strategically critical places,&#8221; he said, adding that the strengthening of the German armed forces is &#8220;for mutual benefit and to deepen the transatlantic bond&#8221;. \u0130spanya.<\/p>\n<p>Ancak ABD ba\u015fkan\u0131, Merz&#8217;i \u0130ran&#8217;\u0131n n\u00fckleer tehdidiyle m\u00fccadeleyle ilgili meselelere kar\u0131\u015fmak yerine Rusya-Ukrayna sava\u015f\u0131na ve Almanya&#8217;n\u0131n g\u00f6\u00e7 ve enerji gibi i\u00e7 sorunlar\u0131na odaklanmakla su\u00e7layarak sald\u0131r\u0131lar\u0131na devam etti.<\/p>\n<p>Trump daha \u00f6nce Merz h\u00fck\u00fcmeti hakk\u0131nda olumlu konu\u015fmu\u015fken, Beyaz Saray toplant\u0131s\u0131nda onu &#8220;\u00e7ok iyi i\u015fler yapan&#8221; bir &#8220;arkada\u015f&#8221; olarak tan\u0131mlam\u0131\u015f oldu\u011fundan, bu gerilim iki lider aras\u0131ndaki iklimde \u00f6nemli bir de\u011fi\u015fikli\u011fe i\u015faret ediyor. &#8220;.<\/p>\n<p>Almanya \u015eans\u00f6lyesi&#8217;nin stratejisi, a\u00e7\u0131k ileti\u015fim kanallar\u0131n\u0131 korumak ve perde arkas\u0131nda Amerika&#8217;n\u0131n kararlar\u0131n\u0131 etkilemek amac\u0131yla halkla y\u00fczle\u015fmekten ka\u00e7\u0131nmaya dayan\u0131yordu.<\/p>\n<p>Politico&#8217;ya g\u00f6re bu yakla\u015f\u0131m, transatlantik ili\u015fkilerin test edildi\u011fi bir d\u00f6nemde Almanya&#8217;n\u0131n ABD&#8217;ye y\u00f6nelik genel stratejisini yans\u0131t\u0131yor. Askeri ve ekonomik d\u00fczeyde Washington&#8217;a ba\u011f\u0131ml\u0131l\u0131\u011f\u0131 azaltma \u00e7abalar\u0131na ra\u011fmen Berlin, \u00f6zellikle n\u00fckleer cayd\u0131r\u0131c\u0131l\u0131k ve bilgi payla\u015f\u0131m\u0131 alan\u0131nda h\u00e2l\u00e2 Amerikan deste\u011finin gerekli oldu\u011funu d\u00fc\u015f\u00fcn\u00fcyor.<\/p>\n<p>Gerilimlere ra\u011fmen Alman yetkililer, Amerikan kuvvetlerinin \u00fclkedeki varl\u0131\u011f\u0131n\u0131n ABD&#8217;nin stratejik \u00e7\u0131karlar\u0131na da hizmet etti\u011fini vurgulayarak temkinli bir \u015fekilde g\u00fcven verici g\u00f6r\u00fcn\u00fcyor. Sosyal Demokrat Parti&#8217;nin vekili Christoph Schmidt, derhal geri \u00e7ekilmenin &#8220;m\u00fcmk\u00fcn olmad\u0131\u011f\u0131n\u0131&#8221; ve Amerikan ordusunun uluslararas\u0131 d\u00fczeydeki operasyonel yeteneklerini zay\u0131flataca\u011f\u0131n\u0131 s\u00f6yledi.<\/p>\n<p>Trump&#8217;\u0131n ilk d\u00f6neminde Almanya&#8217;dan yakla\u015f\u0131k 9.500 Amerikan askerini \u00e7ekme plan\u0131n\u0131 a\u00e7\u0131klad\u0131\u011f\u0131, ancak ba\u015fkanl\u0131k d\u00f6neminin uygulamadan \u00f6nce sona ermesi ve Joe Biden y\u00f6netiminin bunu ask\u0131ya almas\u0131 nedeniyle bu plan\u0131n uygulanmad\u0131\u011f\u0131 hat\u0131rlat\u0131l\u0131yor. <\/p>\n<p>Bug\u00fcn, daha fazla zaman olmas\u0131yla birlikte Trump teorik olarak plan\u0131 yeniden hayata ge\u00e7irebilir ancak Merz i\u00e7in en b\u00fcy\u00fck risk, \u00f6zellikle Ukrayna&#8217;ya verilen destek konusunda Beyaz Saray&#8217;daki n\u00fcfuz kayb\u0131 olabilir. \/tesheshi<\/p>\n<p>Tecr\u00fcbeyi geli\u015ftirmek ve reklamlar\u0131 g\u00f6r\u00fcnt\u00fclemek i\u00e7in \u00e7erezleri kullan\u0131r\u0131z (Google AdSense).<br \/>\n          &#8220;Kabul Et&#8221; se\u00e7ene\u011fine t\u0131klayarak \u00e7erezlerin a\u015fa\u011f\u0131daki \u015fartlara g\u00f6re kullan\u0131lmas\u0131n\u0131 kabul etmi\u015f olursunuz.<br \/>\n          Gizlilik Politikas\u0131<br \/>\n          ve<br \/>\n          \u00c7erez Politikas\u0131.<br \/>\n          &#8220;Reddet&#8221;i t\u0131klayarak gerekli olmayan \u00e7erezleri reddedebilirsiniz.<\/p>\n<hr style=\"margin:30px 0\">\n<p style=\"font-size:13px;color:#666\">Kaynak: <strong>prizrenpost<\/strong><\/p>\n","protected":false},"excerpt":{"rendered":"<p>Politico: ABD-Almanya ili\u015fkileri k\u0131r\u0131lma noktas\u0131nda, Trump-Mertz anla\u015fmazl\u0131\u011f\u0131 ne kadar ileri gidebilir? Almanya \u015eans\u00f6lyesi Friedrich Merz&#8217;in ABD Ba\u015fkan\u0131 Donald Trump ile ili\u015fkisi, eskinin \u0130ran&#8217;daki sava\u015fa ili\u015fkin a\u00e7\u0131klamalar\u0131n\u0131n Washington&#8217;da g\u00fc\u00e7l\u00fc bir tepkiye yol a\u00e7mas\u0131 ve ABD kuvvetlerinin Almanya&#8217;dan \u00e7ekilmesi senaryolar\u0131n\u0131 yeniden canland\u0131rmas\u0131n\u0131n ard\u0131ndan bir kriz noktas\u0131nda g\u00f6r\u00fcn\u00fcyor. Alman \u015eans\u00f6lyesi, Donald Trump&#8217;la aylarca ip \u00fczerinde y\u00fcr\u00fcd\u00fc. Art\u0131k dengesini [&hellip;]<\/p>\n","protected":false},"author":1,"featured_media":43677,"comment_status":"open","ping_status":"open","sticky":false,"template":"","format":"standard","meta":{"footnotes":""},"categories":[24],"tags":[179],"class_list":["post-43676","post","type-post","status-publish","format-standard","has-post-thumbnail","hentry","category-dunya","tag-aktuel"],"views":6,"_links":{"self":[{"href":"https:\/\/prizrenpost.com\/tr\/wp-json\/wp\/v2\/posts\/43676","targetHints":{"allow":["GET"]}}],"collection":[{"href":"https:\/\/prizrenpost.com\/tr\/wp-json\/wp\/v2\/posts"}],"about":[{"href":"https:\/\/prizrenpost.com\/tr\/wp-json\/wp\/v2\/types\/post"}],"author":[{"embeddable":true,"href":"https:\/\/prizrenpost.com\/tr\/wp-json\/wp\/v2\/users\/1"}],"replies":[{"embeddable":true,"href":"https:\/\/prizrenpost.com\/tr\/wp-json\/wp\/v2\/comments?post=43676"}],"version-history":[{"count":1,"href":"https:\/\/prizrenpost.com\/tr\/wp-json\/wp\/v2\/posts\/43676\/revisions"}],"predecessor-version":[{"id":43678,"href":"https:\/\/prizrenpost.com\/tr\/wp-json\/wp\/v2\/posts\/43676\/revisions\/43678"}],"wp:featuredmedia":[{"embeddable":true,"href":"https:\/\/prizrenpost.com\/tr\/wp-json\/wp\/v2\/media\/43677"}],"wp:attachment":[{"href":"https:\/\/prizrenpost.com\/tr\/wp-json\/wp\/v2\/media?parent=43676"}],"wp:term":[{"taxonomy":"category","embeddable":true,"href":"https:\/\/prizrenpost.com\/tr\/wp-json\/wp\/v2\/categories?post=43676"},{"taxonomy":"post_tag","embeddable":true,"href":"https:\/\/prizrenpost.com\/tr\/wp-json\/wp\/v2\/tags?post=43676"}],"curies":[{"name":"wp","href":"https:\/\/api.w.org\/{rel}","templated":true}]}}