{"id":43682,"date":"2026-05-01T21:05:32","date_gmt":"2026-05-01T19:05:32","guid":{"rendered":"https:\/\/prizrenpost.com\/tr\/irlanda-basbakani-israilin-gazze-filosuna-el-koymasini-kabul-edilemez-olarak-kinadi\/"},"modified":"2026-05-01T21:05:32","modified_gmt":"2026-05-01T19:05:32","slug":"irlanda-basbakani-israilin-gazze-filosuna-el-koymasini-kabul-edilemez-olarak-kinadi","status":"publish","type":"post","link":"https:\/\/prizrenpost.com\/tr\/irlanda-basbakani-israilin-gazze-filosuna-el-koymasini-kabul-edilemez-olarak-kinadi\/","title":{"rendered":"\u0130rlanda Ba\u015fbakan\u0131 \u0130srail&#8217;in Gazze filosuna el koymas\u0131n\u0131 &#8216;kabul edilemez&#8217; olarak k\u0131nad\u0131"},"content":{"rendered":"<p><img decoding=\"async\" src=\"https:\/\/prizrenpost.com\/tr\/wp-content\/uploads\/2026\/05\/Kryeministri-i-Irlandes-Micheal-Martin.jpg\" style=\"width:100%;height:auto;margin-bottom:20px\"><\/p>\n<p>\u0130rlanda Ba\u015fbakan\u0131 Michael Martin, uluslararas\u0131 sularda Gazze&#8217;ye giden insani yard\u0131m filosu gemilerine el konulmas\u0131 nedeniyle \u0130srail&#8217;i k\u0131nad\u0131, eylemi &#8220;kabul edilemez&#8221; olarak nitelendirdi ve uluslararas\u0131 hukuka sayg\u0131 g\u00f6sterilmesi \u00e7a\u011fr\u0131s\u0131nda bulundu.<\/p>\n<p>Dublin&#8217;de gazetecilere konu\u015fan Martin, \u0130srail&#8217;in Sumud K\u00fcresel Filoya kat\u0131lan gemilere el koymas\u0131n\u0131 ele\u015ftirdi ve \u0130srail&#8217;in uluslararas\u0131 hukuka sayg\u0131 g\u00f6stermesi gerekti\u011fini vurgulad\u0131. insanc\u0131l hukuk ve hukukun \u00fcst\u00fcnl\u00fc\u011f\u00fc.<\/p>\n<p>&#8220;\u0130srail&#8217;in uluslararas\u0131 insanc\u0131l hukuk kapsam\u0131ndaki y\u00fck\u00fcml\u00fcl\u00fcklerini yerine getirmemesi kabul edilemez&#8221; dedi.<\/p>\n<p>Martin, \u0130rlanda&#8217;n\u0131n konuyu AB d\u00fczeyinde g\u00fcndeme getirece\u011fini belirterek, Dublin&#8217;in Gazze&#8217;deki geli\u015fmeler ve L\u00fcbnan&#8217;daki son olaylar \u0131\u015f\u0131\u011f\u0131nda AB-\u0130srail ortakl\u0131k anla\u015fmas\u0131n\u0131 zaten sorgulad\u0131\u011f\u0131n\u0131 ekledi.<\/p>\n<p>Daha \u00f6nce \u0130rlanda D\u0131\u015fi\u015fleri Bakan\u0131 Helen McEntee, Yunanistan k\u0131y\u0131s\u0131 a\u00e7\u0131klar\u0131ndaki uluslararas\u0131 sularda gemilere el konulmas\u0131n\u0131 k\u0131nad\u0131 ve \u0130srail&#8217;e \u00e7a\u011fr\u0131da bulundu. \u0130srailli yetkililer, &#8220;bu operasyon s\u0131ras\u0131nda g\u00f6zalt\u0131na al\u0131nan t\u00fcm \u0130rlanda vatanda\u015flar\u0131n\u0131 derhal serbest b\u0131rakmal\u0131&#8221; ve &#8220;uluslararas\u0131 hukuk kapsam\u0131ndaki y\u00fck\u00fcml\u00fcl\u00fcklerini yerine getirmelidir&#8221;.<\/p>\n<p>Global Sumud insani yard\u0131m filosu Per\u015fembe g\u00fcn\u00fc, Yunanistan&#8217;\u0131n Girit adas\u0131 yak\u0131nlar\u0131nda sald\u0131r\u0131ya u\u011frad\u0131, var\u0131\u015f noktas\u0131n\u0131n yakla\u015f\u0131k 600 deniz mili uza\u011f\u0131nda, Gazze abluka nedeniyle harap oldu.<\/p>\n<p>Filonun insani yard\u0131m ta\u015f\u0131yan ilk gemileri 12 Nisan&#8217;da Barselona&#8217;dan ayr\u0131l\u0131rken, ana filo Nisan ay\u0131nda \u0130talya&#8217;n\u0131n Sicilya adas\u0131ndan ayr\u0131ld\u0131. 26, \u0130srail&#8217;in y\u0131llarca s\u00fcren Gazze ablukas\u0131na meydan okumak amac\u0131yla.<\/p>\n<p>\u0130srail, Gazze \u015eeridi&#8217;ne 2007&#8217;den bu yana abluka uygulayarak 2,4 milyon sakinini ciddi g\u0131da ve temel malzeme s\u0131k\u0131nt\u0131s\u0131yla kar\u015f\u0131 kar\u015f\u0131ya b\u0131rakt\u0131.<\/p>\n<p>\u0130srail ordusu Ekim 2023&#8217;te Gazze&#8217;ye bir sald\u0131r\u0131 ba\u015flatt\u0131 ve 72.000&#8217;den fazla insan\u0131 \u00f6ld\u00fcrd\u00fc, 172.000&#8217;den fazla insan\u0131 yaralad\u0131 ve yerle\u015fim b\u00f6lgesinde yayg\u0131n bir y\u0131k\u0131ma neden oluyor.<\/p>\n<p>Deneyimi geli\u015ftirmek ve reklamlar\u0131 g\u00f6r\u00fcnt\u00fclemek i\u00e7in \u00e7erezleri kullan\u0131yoruz (Google AdSense).<br \/>\n          &#8220;Kabul Et&#8221; se\u00e7ene\u011fine t\u0131klayarak \u00e7erezlerin a\u015fa\u011f\u0131daki \u015fartlara g\u00f6re kullan\u0131lmas\u0131n\u0131 kabul etmi\u015f olursunuz.<br \/>\n          Gizlilik Politikas\u0131<br \/>\n          ve<br \/>\n          \u00c7erez Politikas\u0131.<br \/>\n          &#8220;Reddet&#8221;i t\u0131klayarak gerekli olmayan \u00e7erezleri reddedebilirsiniz.<\/p>\n<hr style=\"margin:30px 0\">\n<p style=\"font-size:13px;color:#666\">Kaynak: <strong>prizrenpost<\/strong><\/p>\n","protected":false},"excerpt":{"rendered":"<p>\u0130rlanda Ba\u015fbakan\u0131 Michael Martin, uluslararas\u0131 sularda Gazze&#8217;ye giden insani yard\u0131m filosu gemilerine el konulmas\u0131 nedeniyle \u0130srail&#8217;i k\u0131nad\u0131, eylemi &#8220;kabul edilemez&#8221; olarak nitelendirdi ve uluslararas\u0131 hukuka sayg\u0131 g\u00f6sterilmesi \u00e7a\u011fr\u0131s\u0131nda bulundu. Dublin&#8217;de gazetecilere konu\u015fan Martin, \u0130srail&#8217;in Sumud K\u00fcresel Filoya kat\u0131lan gemilere el koymas\u0131n\u0131 ele\u015ftirdi ve \u0130srail&#8217;in uluslararas\u0131 hukuka sayg\u0131 g\u00f6stermesi gerekti\u011fini vurgulad\u0131. insanc\u0131l hukuk ve hukukun \u00fcst\u00fcnl\u00fc\u011f\u00fc. [&hellip;]<\/p>\n","protected":false},"author":1,"featured_media":43683,"comment_status":"open","ping_status":"open","sticky":false,"template":"","format":"standard","meta":{"footnotes":""},"categories":[24],"tags":[179],"class_list":["post-43682","post","type-post","status-publish","format-standard","has-post-thumbnail","hentry","category-dunya","tag-aktuel"],"views":5,"_links":{"self":[{"href":"https:\/\/prizrenpost.com\/tr\/wp-json\/wp\/v2\/posts\/43682","targetHints":{"allow":["GET"]}}],"collection":[{"href":"https:\/\/prizrenpost.com\/tr\/wp-json\/wp\/v2\/posts"}],"about":[{"href":"https:\/\/prizrenpost.com\/tr\/wp-json\/wp\/v2\/types\/post"}],"author":[{"embeddable":true,"href":"https:\/\/prizrenpost.com\/tr\/wp-json\/wp\/v2\/users\/1"}],"replies":[{"embeddable":true,"href":"https:\/\/prizrenpost.com\/tr\/wp-json\/wp\/v2\/comments?post=43682"}],"version-history":[{"count":1,"href":"https:\/\/prizrenpost.com\/tr\/wp-json\/wp\/v2\/posts\/43682\/revisions"}],"predecessor-version":[{"id":43684,"href":"https:\/\/prizrenpost.com\/tr\/wp-json\/wp\/v2\/posts\/43682\/revisions\/43684"}],"wp:featuredmedia":[{"embeddable":true,"href":"https:\/\/prizrenpost.com\/tr\/wp-json\/wp\/v2\/media\/43683"}],"wp:attachment":[{"href":"https:\/\/prizrenpost.com\/tr\/wp-json\/wp\/v2\/media?parent=43682"}],"wp:term":[{"taxonomy":"category","embeddable":true,"href":"https:\/\/prizrenpost.com\/tr\/wp-json\/wp\/v2\/categories?post=43682"},{"taxonomy":"post_tag","embeddable":true,"href":"https:\/\/prizrenpost.com\/tr\/wp-json\/wp\/v2\/tags?post=43682"}],"curies":[{"name":"wp","href":"https:\/\/api.w.org\/{rel}","templated":true}]}}