{"id":43691,"date":"2026-05-01T21:20:23","date_gmt":"2026-05-01T19:20:23","guid":{"rendered":"https:\/\/prizrenpost.com\/tr\/siddet-icin-dogdum-israilli-somurgeci-kuduste-rahibeye-saldirdi\/"},"modified":"2026-05-01T21:20:23","modified_gmt":"2026-05-01T19:20:23","slug":"siddet-icin-dogdum-israilli-somurgeci-kuduste-rahibeye-saldirdi","status":"publish","type":"post","link":"https:\/\/prizrenpost.com\/tr\/siddet-icin-dogdum-israilli-somurgeci-kuduste-rahibeye-saldirdi\/","title":{"rendered":"\u015eiddet i\u00e7in do\u011fdum! \u0130srailli s\u00f6m\u00fcrgeci Kud\u00fcs&#8217;te rahibeye sald\u0131rd\u0131"},"content":{"rendered":"<p><img decoding=\"async\" src=\"https:\/\/prizrenpost.com\/tr\/wp-content\/uploads\/2026\/05\/prizrenpostog-og-1.jpg\" style=\"width:100%;height:auto;margin-bottom:20px\"><\/p>\n<p>Bir M\u00fcsl\u00fcman&#8217;\u0131n asla yapmad\u0131\u011f\u0131 ve yapmad\u0131\u011f\u0131 b\u00f6yle bir eylemi yapt\u0131\u011f\u0131n\u0131 d\u00fc\u015f\u00fcn\u00fcn<\/p>\n<p>29 Nisan \u00c7ar\u015famba g\u00fcn\u00fc Kud\u00fcs&#8217;te \u0130srailli bir yerle\u015fimcinin sald\u0131r\u0131s\u0131na u\u011frayan bir rahibe a\u011f\u0131r yaraland\u0131 ve sald\u0131r\u0131n\u0131n rahats\u0131z edici videosu sosyal medyada yay\u0131nland\u0131.<\/p>\n<p>\u0130nsan haklar\u0131 \u00f6rg\u00fct\u00fc Al-Baydar&#8217;a g\u00f6re rahibe, gerginli\u011fe neden olacak \u015fekilde ba\u015f\u0131ndan yaraland\u0131. Al-Baydar, &#8220;\u00d6rg\u00fct, olay\u0131n, \u0130srail g\u00fc\u00e7lerinin ve yerle\u015fimcilerin Kud\u00fcs ve \u00e7evresindeki sivilleri hedef alan sald\u0131r\u0131lar\u0131n\u0131n artt\u0131\u011f\u0131 bir d\u00f6nemde meydana geldi\u011fini ekledi&#8221; dedi.<\/p>\n<p>\u0130srail polisi daha sonra, i\u015fgal alt\u0131ndaki Do\u011fu Kud\u00fcs&#8217;te bir rahibeye &#8220;\u0131rksal ama\u00e7l\u0131&#8221; bir sald\u0131r\u0131yla sald\u0131rd\u0131\u011f\u0131 \u015f\u00fcphesiyle 36 ya\u015f\u0131ndaki bir yerle\u015fimciyi tutuklad\u0131\u011f\u0131n\u0131 s\u00f6yledi. Polis taraf\u0131ndan yay\u0131nlanan bir foto\u011fraf, rahibenin ba\u015f\u0131ndan yaraland\u0131\u011f\u0131n\u0131 g\u00f6steriyordu.<\/p>\n<p>Times of Israel haber sitesi, kimli\u011fi veya uyru\u011fu hakk\u0131nda daha fazla ayr\u0131nt\u0131 vermeden, rahibenin Frans\u0131z \u0130ncil ve Arkeoloji Okulu&#8217;nda \u00e7al\u0131\u015ft\u0131\u011f\u0131n\u0131 bildirdi. Son y\u0131llarda \u0130srail&#8217;in i\u015fgal alt\u0131ndaki \u015fehirdeki Hristiyan ve M\u00fcsl\u00fcman din alimlerine ve dini mekanlara y\u00f6nelik sald\u0131r\u0131lar\u0131nda belirgin bir art\u0131\u015f ya\u015fan\u0131yor. Do\u011fu Kud\u00fcs&#8217;teki kiliseler defalarca \u0130srail yetkililerine bu t\u00fcr sald\u0131r\u0131lar\u0131 durdurmak i\u00e7in kararl\u0131 ad\u0131mlar atmalar\u0131 \u00e7a\u011fr\u0131s\u0131nda bulundu.<\/p>\n<p>Yakla\u015f\u0131k 250.000&#8217;i Do\u011fu Kud\u00fcs&#8217;te olmak \u00fczere i\u015fgal alt\u0131ndaki Bat\u0131 \u015eeria&#8217;daki y\u00fczlerce yerle\u015fimde yakla\u015f\u0131k 750.000 \u0130srailli yerle\u015fimci ya\u015f\u0131yor ve Filistin kaynaklar\u0131na g\u00f6re her g\u00fcn Filistinlilere sald\u0131r\u0131yor.<\/p>\n<p>Ekim 2023 itibar\u0131yla \u0130srail&#8217;de 1.100&#8217;den fazla Filistinli \u00f6ld\u00fcr\u00fcld\u00fc ve yakla\u015f\u0131k 12.000 Filistinli yaraland\u0131. Bat\u0131 \u015eeria&#8217;daki ordu ve yerle\u015fimci sald\u0131r\u0131lar\u0131.<\/p>\n<p>Deneyimi geli\u015ftirmek ve reklamlar\u0131 g\u00f6r\u00fcnt\u00fclemek i\u00e7in \u00e7erezleri kullan\u0131yoruz (Google AdSense).<br \/>\n          &#8220;Kabul Et&#8221; se\u00e7ene\u011fine t\u0131klayarak \u00e7erezlerin a\u015fa\u011f\u0131daki \u015fartlara g\u00f6re kullan\u0131lmas\u0131n\u0131 kabul etmi\u015f olursunuz.<br \/>\n          Gizlilik Politikas\u0131<br \/>\n          ve<br \/>\n          \u00c7erez Politikas\u0131.<br \/>\n          &#8220;Reddet&#8221;i t\u0131klayarak gerekli olmayan \u00e7erezleri reddedebilirsiniz.<\/p>\n<hr style=\"margin:30px 0\">\n<p style=\"font-size:13px;color:#666\">Kaynak: <strong>prizrenpost<\/strong><\/p>\n","protected":false},"excerpt":{"rendered":"<p>Bir M\u00fcsl\u00fcman&#8217;\u0131n asla yapmad\u0131\u011f\u0131 ve yapmad\u0131\u011f\u0131 b\u00f6yle bir eylemi yapt\u0131\u011f\u0131n\u0131 d\u00fc\u015f\u00fcn\u00fcn 29 Nisan \u00c7ar\u015famba g\u00fcn\u00fc Kud\u00fcs&#8217;te \u0130srailli bir yerle\u015fimcinin sald\u0131r\u0131s\u0131na u\u011frayan bir rahibe a\u011f\u0131r yaraland\u0131 ve sald\u0131r\u0131n\u0131n rahats\u0131z edici videosu sosyal medyada yay\u0131nland\u0131. \u0130nsan haklar\u0131 \u00f6rg\u00fct\u00fc Al-Baydar&#8217;a g\u00f6re rahibe, gerginli\u011fe neden olacak \u015fekilde ba\u015f\u0131ndan yaraland\u0131. Al-Baydar, &#8220;\u00d6rg\u00fct, olay\u0131n, \u0130srail g\u00fc\u00e7lerinin ve yerle\u015fimcilerin Kud\u00fcs ve \u00e7evresindeki [&hellip;]<\/p>\n","protected":false},"author":1,"featured_media":43692,"comment_status":"open","ping_status":"open","sticky":false,"template":"","format":"standard","meta":{"footnotes":""},"categories":[24],"tags":[179],"class_list":["post-43691","post","type-post","status-publish","format-standard","has-post-thumbnail","hentry","category-dunya","tag-aktuel"],"views":6,"_links":{"self":[{"href":"https:\/\/prizrenpost.com\/tr\/wp-json\/wp\/v2\/posts\/43691","targetHints":{"allow":["GET"]}}],"collection":[{"href":"https:\/\/prizrenpost.com\/tr\/wp-json\/wp\/v2\/posts"}],"about":[{"href":"https:\/\/prizrenpost.com\/tr\/wp-json\/wp\/v2\/types\/post"}],"author":[{"embeddable":true,"href":"https:\/\/prizrenpost.com\/tr\/wp-json\/wp\/v2\/users\/1"}],"replies":[{"embeddable":true,"href":"https:\/\/prizrenpost.com\/tr\/wp-json\/wp\/v2\/comments?post=43691"}],"version-history":[{"count":1,"href":"https:\/\/prizrenpost.com\/tr\/wp-json\/wp\/v2\/posts\/43691\/revisions"}],"predecessor-version":[{"id":43693,"href":"https:\/\/prizrenpost.com\/tr\/wp-json\/wp\/v2\/posts\/43691\/revisions\/43693"}],"wp:featuredmedia":[{"embeddable":true,"href":"https:\/\/prizrenpost.com\/tr\/wp-json\/wp\/v2\/media\/43692"}],"wp:attachment":[{"href":"https:\/\/prizrenpost.com\/tr\/wp-json\/wp\/v2\/media?parent=43691"}],"wp:term":[{"taxonomy":"category","embeddable":true,"href":"https:\/\/prizrenpost.com\/tr\/wp-json\/wp\/v2\/categories?post=43691"},{"taxonomy":"post_tag","embeddable":true,"href":"https:\/\/prizrenpost.com\/tr\/wp-json\/wp\/v2\/tags?post=43691"}],"curies":[{"name":"wp","href":"https:\/\/api.w.org\/{rel}","templated":true}]}}