{"id":43700,"date":"2026-05-01T21:25:39","date_gmt":"2026-05-01T19:25:39","guid":{"rendered":"https:\/\/prizrenpost.com\/tr\/almanyada-camide-sok-eden-olay-hayvan-kani-ve-domuz-kafasi\/"},"modified":"2026-05-01T21:25:40","modified_gmt":"2026-05-01T19:25:40","slug":"almanyada-camide-sok-eden-olay-hayvan-kani-ve-domuz-kafasi","status":"publish","type":"post","link":"https:\/\/prizrenpost.com\/tr\/almanyada-camide-sok-eden-olay-hayvan-kani-ve-domuz-kafasi\/","title":{"rendered":"Almanya&#8217;da camide \u015fok eden olay: Hayvan kan\u0131 ve domuz kafas\u0131"},"content":{"rendered":"<p><img decoding=\"async\" src=\"https:\/\/prizrenpost.com\/tr\/wp-content\/uploads\/2026\/05\/dzamija-memmingen-april-2026-x-1.jpg\" style=\"width:100%;height:auto;margin-bottom:20px\"><\/p>\n<p>Akl\u0131n, ruhun ve bedenin safl\u0131\u011f\u0131na dayal\u0131 bir inanca vandal sald\u0131r\u0131lar\u0131<\/p>\n<p>Almanya&#8217;n\u0131n Memmingen kentinde, T\u00fcrk toplumuna ait bir camiyi hedef alan ciddi ve rahats\u0131z edici bir olay meydana geldi.<\/p>\n<p>Bilinmeyen ki\u015filer, \u015f\u00fcpheli hayvan kan\u0131 serperek ve giri\u015fine bir domuz kafas\u0131 b\u0131rakarak dini bir binan\u0131n kutsall\u0131\u011f\u0131n\u0131 bozdu.<\/p>\n<p>Kempten merkezli Schwaben polisinden al\u0131nan bilgiye g\u00f6re, sald\u0131rganlar, Hayvan kan\u0131na benzeyen s\u0131v\u0131yla dolu balonlar cami binas\u0131na girdi. Ayr\u0131ca giri\u015fin \u00f6n\u00fcne bir domuz kafas\u0131n\u0131n yerle\u015ftirilmesi ve ayr\u0131ca binan\u0131n duvar\u0131na bir hilal ili\u015ftirilmesi, bu eylemi daha da k\u0131\u015fk\u0131rt\u0131c\u0131 ve sembolik olarak sald\u0131rgan hale getiriyor.<\/p>\n<p>Olay, 1 May\u0131s Cuma g\u00fcn\u00fc sabah\u0131n erken saatlerinde meydana geldi. Olay\u0131n olas\u0131 a\u015f\u0131r\u0131l\u0131k\u00e7\u0131 arka plan\u0131 nedeniyle soru\u015fturma derhal Devlet G\u00fcvenlik Bakanl\u0131\u011f\u0131 taraf\u0131ndan devral\u0131nd\u0131.<\/p>\n<p>Polis, vatanda\u015flara, sald\u0131r\u0131 gecesi caminin yak\u0131n\u0131nda herhangi bir \u015f\u00fcpheli ki\u015fi veya ara\u00e7 fark etmeleri halinde, tan\u0131klar\u0131n faillerin kimliklerini tespit etmelerine yard\u0131mc\u0131 olabilmesi i\u00e7in \u00f6ne \u00e7\u0131kmalar\u0131 \u00e7a\u011fr\u0131s\u0131nda bulundu.<\/p>\n<p>Soru\u015fturma tamamland\u0131ktan sonra itfaiyeciler ve Memmingen belediyesi \u00e7al\u0131\u015fanlar\u0131, caminin giri\u015f alan\u0131n\u0131 temizlemek i\u00e7in yere gitti. kirli olan cami ve yak\u0131ndaki paket istasyonu da bu vandalizm eyleminden etkilenmi\u015ftir.<\/p>\n<p>Soru\u015fturma devam ediyor ve polis \u015fu anda siyasi veya dini ama\u00e7l\u0131 bir sald\u0131r\u0131 olas\u0131l\u0131\u011f\u0131 da dahil olmak \u00fczere herhangi bir nedeni d\u0131\u015flam\u0131yor.<\/p>\n<p>Bu olay, etnik k\u00f6kene bak\u0131lmaks\u0131z\u0131n M\u00fcsl\u00fcman topluluklar\u0131n Alman devleti i\u00e7in herhangi bir sorun olu\u015fturmad\u0131\u011f\u0131 d\u00f6nemde meydana geliyor. Almanya&#8217;da T\u00fcrk topluluklar\u0131n\u0131n 60&#8217;l\u0131-70&#8217;li y\u0131llardan beri var oldu\u011funu hat\u0131rl\u0131yoruz. \/tesheshi<\/p>\n<p>Tecr\u00fcbeyi geli\u015ftirmek ve reklamlar\u0131 g\u00f6r\u00fcnt\u00fclemek i\u00e7in \u00e7erezleri kullan\u0131r\u0131z (Google AdSense).<br \/>\n          &#8220;Kabul Et&#8221; se\u00e7ene\u011fine t\u0131klayarak \u00e7erezlerin a\u015fa\u011f\u0131daki \u015fartlara g\u00f6re kullan\u0131lmas\u0131n\u0131 kabul etmi\u015f olursunuz.<br \/>\n          Gizlilik Politikas\u0131<br \/>\n          ve<br \/>\n          \u00c7erez Politikas\u0131.<br \/>\n          &#8220;Reddet&#8221;i t\u0131klayarak gerekli olmayan \u00e7erezleri reddedebilirsiniz.<\/p>\n<hr style=\"margin:30px 0\">\n<p style=\"font-size:13px;color:#666\">Kaynak: <strong>prizrenpost<\/strong><\/p>\n","protected":false},"excerpt":{"rendered":"<p>Akl\u0131n, ruhun ve bedenin safl\u0131\u011f\u0131na dayal\u0131 bir inanca vandal sald\u0131r\u0131lar\u0131 Almanya&#8217;n\u0131n Memmingen kentinde, T\u00fcrk toplumuna ait bir camiyi hedef alan ciddi ve rahats\u0131z edici bir olay meydana geldi. Bilinmeyen ki\u015filer, \u015f\u00fcpheli hayvan kan\u0131 serperek ve giri\u015fine bir domuz kafas\u0131 b\u0131rakarak dini bir binan\u0131n kutsall\u0131\u011f\u0131n\u0131 bozdu. Kempten merkezli Schwaben polisinden al\u0131nan bilgiye g\u00f6re, sald\u0131rganlar, Hayvan kan\u0131na [&hellip;]<\/p>\n","protected":false},"author":1,"featured_media":43701,"comment_status":"open","ping_status":"open","sticky":false,"template":"","format":"standard","meta":{"footnotes":""},"categories":[24],"tags":[179],"class_list":["post-43700","post","type-post","status-publish","format-standard","has-post-thumbnail","hentry","category-dunya","tag-aktuel"],"views":4,"_links":{"self":[{"href":"https:\/\/prizrenpost.com\/tr\/wp-json\/wp\/v2\/posts\/43700","targetHints":{"allow":["GET"]}}],"collection":[{"href":"https:\/\/prizrenpost.com\/tr\/wp-json\/wp\/v2\/posts"}],"about":[{"href":"https:\/\/prizrenpost.com\/tr\/wp-json\/wp\/v2\/types\/post"}],"author":[{"embeddable":true,"href":"https:\/\/prizrenpost.com\/tr\/wp-json\/wp\/v2\/users\/1"}],"replies":[{"embeddable":true,"href":"https:\/\/prizrenpost.com\/tr\/wp-json\/wp\/v2\/comments?post=43700"}],"version-history":[{"count":1,"href":"https:\/\/prizrenpost.com\/tr\/wp-json\/wp\/v2\/posts\/43700\/revisions"}],"predecessor-version":[{"id":43702,"href":"https:\/\/prizrenpost.com\/tr\/wp-json\/wp\/v2\/posts\/43700\/revisions\/43702"}],"wp:featuredmedia":[{"embeddable":true,"href":"https:\/\/prizrenpost.com\/tr\/wp-json\/wp\/v2\/media\/43701"}],"wp:attachment":[{"href":"https:\/\/prizrenpost.com\/tr\/wp-json\/wp\/v2\/media?parent=43700"}],"wp:term":[{"taxonomy":"category","embeddable":true,"href":"https:\/\/prizrenpost.com\/tr\/wp-json\/wp\/v2\/categories?post=43700"},{"taxonomy":"post_tag","embeddable":true,"href":"https:\/\/prizrenpost.com\/tr\/wp-json\/wp\/v2\/tags?post=43700"}],"curies":[{"name":"wp","href":"https:\/\/api.w.org\/{rel}","templated":true}]}}