{"id":43703,"date":"2026-05-01T21:40:08","date_gmt":"2026-05-01T19:40:08","guid":{"rendered":"https:\/\/prizrenpost.com\/tr\/pirana-koyunde-olu-bir-kadin-bulundu\/"},"modified":"2026-05-01T21:40:08","modified_gmt":"2026-05-01T19:40:08","slug":"pirana-koyunde-olu-bir-kadin-bulundu","status":"publish","type":"post","link":"https:\/\/prizrenpost.com\/tr\/pirana-koyunde-olu-bir-kadin-bulundu\/","title":{"rendered":"Pirana k\u00f6y\u00fcnde \u00f6l\u00fc bir kad\u0131n bulundu"},"content":{"rendered":"<p><img decoding=\"async\" src=\"https:\/\/prizrenpost.com\/tr\/wp-content\/uploads\/2026\/05\/krim-shirit-1.png\" style=\"width:100%;height:auto;margin-bottom:20px\"><\/p>\n<p>Bug\u00fcn Piran k\u00f6y\u00fcnde \u00f6l\u00fc bir kad\u0131n bulundu.<\/p>\n<p>Gazeta e Prizren&#8217;in haberine g\u00f6re, polise saat 12:00 s\u0131ralar\u0131nda Prizren&#8217;in Piran k\u00f6y\u00fcnde yakla\u015f\u0131k 43 ya\u015f\u0131nda bir kad\u0131n\u0131n ya\u015fam belirtisi olmadan bulundu\u011fu bilgisi verildi.<\/p>\n<p>Polis birimleri ve acil durum ekibi hemen olay yerine gitti ve orada tedaviyi yapan doktor kurban\u0131n \u00f6ld\u00fc\u011f\u00fcn\u00fc do\u011frulad\u0131. Olayla ilgili olarak olay yerine giden Devlet Savc\u0131s\u0131&#8217;na da bilgi verildi.<\/p>\n<p>Dava, Polis s\u00f6zc\u00fcs\u00fc Shaqir Bytyqi taraf\u0131ndan Prizren Gazetesi&#8217;ne do\u011fruland\u0131.<\/p>\n<p>&#8220;B\u00f6lgesel Soru\u015fturma Sekt\u00f6r\u00fc m\u00fcfetti\u015fleri olay yerinde inceleme yapt\u0131 ve ilgili delilleri toplad\u0131. Kurban\u0131n cesedinin yak\u0131n\u0131nda, savc\u0131n\u0131n emriyle ele ge\u00e7irilen bir ate\u015fli silah (tabanca) bulundu&#8221; dedi. <\/p>\n<p>Cenaze, savc\u0131n\u0131n karar\u0131yla otopsi yap\u0131lmak \u00fczere Pri\u015ftine Adli T\u0131p Enstit\u00fcs\u00fc&#8217;ne (IML) g\u00f6nderildi.<\/p>\n<p>Olay\u0131 &#8220;\u00d6l\u00fcm Soru\u015fturmas\u0131&#8221; olarak ba\u015flatan polis, olay\u0131n tam olarak ayd\u0131nlat\u0131lmas\u0131 i\u00e7in \u00e7al\u0131\u015f\u0131yor. \/ Gazeta e Prizren<\/p>\n<p>Tecr\u00fcbeyi geli\u015ftirmek ve reklamlar\u0131 g\u00f6r\u00fcnt\u00fclemek i\u00e7in \u00e7erezleri kullan\u0131yoruz (Google AdSense).<br \/>\n          &#8220;Kabul Et&#8221; se\u00e7ene\u011fine t\u0131klayarak \u00e7erezlerin a\u015fa\u011f\u0131daki \u015fartlara g\u00f6re kullan\u0131lmas\u0131n\u0131 kabul etmi\u015f olursunuz.<br \/>\n          Gizlilik Politikas\u0131<br \/>\n          ve<br \/>\n          \u00c7erez Politikas\u0131.<br \/>\n          &#8220;Reddet&#8221;i t\u0131klayarak gerekli olmayan \u00e7erezleri reddedebilirsiniz.<\/p>\n<hr style=\"margin:30px 0\">\n<p style=\"font-size:13px;color:#666\">Kaynak: <strong>prizrenpost<\/strong><\/p>\n","protected":false},"excerpt":{"rendered":"<p>Bug\u00fcn Piran k\u00f6y\u00fcnde \u00f6l\u00fc bir kad\u0131n bulundu. Gazeta e Prizren&#8217;in haberine g\u00f6re, polise saat 12:00 s\u0131ralar\u0131nda Prizren&#8217;in Piran k\u00f6y\u00fcnde yakla\u015f\u0131k 43 ya\u015f\u0131nda bir kad\u0131n\u0131n ya\u015fam belirtisi olmadan bulundu\u011fu bilgisi verildi. Polis birimleri ve acil durum ekibi hemen olay yerine gitti ve orada tedaviyi yapan doktor kurban\u0131n \u00f6ld\u00fc\u011f\u00fcn\u00fc do\u011frulad\u0131. Olayla ilgili olarak olay yerine giden Devlet [&hellip;]<\/p>\n","protected":false},"author":1,"featured_media":43704,"comment_status":"open","ping_status":"open","sticky":false,"template":"","format":"standard","meta":{"footnotes":""},"categories":[22],"tags":[],"class_list":["post-43703","post","type-post","status-publish","format-standard","has-post-thumbnail","hentry","category-prizren"],"views":9,"_links":{"self":[{"href":"https:\/\/prizrenpost.com\/tr\/wp-json\/wp\/v2\/posts\/43703","targetHints":{"allow":["GET"]}}],"collection":[{"href":"https:\/\/prizrenpost.com\/tr\/wp-json\/wp\/v2\/posts"}],"about":[{"href":"https:\/\/prizrenpost.com\/tr\/wp-json\/wp\/v2\/types\/post"}],"author":[{"embeddable":true,"href":"https:\/\/prizrenpost.com\/tr\/wp-json\/wp\/v2\/users\/1"}],"replies":[{"embeddable":true,"href":"https:\/\/prizrenpost.com\/tr\/wp-json\/wp\/v2\/comments?post=43703"}],"version-history":[{"count":1,"href":"https:\/\/prizrenpost.com\/tr\/wp-json\/wp\/v2\/posts\/43703\/revisions"}],"predecessor-version":[{"id":43705,"href":"https:\/\/prizrenpost.com\/tr\/wp-json\/wp\/v2\/posts\/43703\/revisions\/43705"}],"wp:featuredmedia":[{"embeddable":true,"href":"https:\/\/prizrenpost.com\/tr\/wp-json\/wp\/v2\/media\/43704"}],"wp:attachment":[{"href":"https:\/\/prizrenpost.com\/tr\/wp-json\/wp\/v2\/media?parent=43703"}],"wp:term":[{"taxonomy":"category","embeddable":true,"href":"https:\/\/prizrenpost.com\/tr\/wp-json\/wp\/v2\/categories?post=43703"},{"taxonomy":"post_tag","embeddable":true,"href":"https:\/\/prizrenpost.com\/tr\/wp-json\/wp\/v2\/tags?post=43703"}],"curies":[{"name":"wp","href":"https:\/\/api.w.org\/{rel}","templated":true}]}}