{"id":43712,"date":"2026-05-01T23:30:17","date_gmt":"2026-05-01T21:30:17","guid":{"rendered":"https:\/\/prizrenpost.com\/tr\/kongre-uyelerinin-natoda-kosova-icin-karari-kurti-abdnin-kararli-destegine-minnettariz\/"},"modified":"2026-05-01T23:30:17","modified_gmt":"2026-05-01T21:30:17","slug":"kongre-uyelerinin-natoda-kosova-icin-karari-kurti-abdnin-kararli-destegine-minnettariz","status":"publish","type":"post","link":"https:\/\/prizrenpost.com\/tr\/kongre-uyelerinin-natoda-kosova-icin-karari-kurti-abdnin-kararli-destegine-minnettariz\/","title":{"rendered":"Kongre \u00fcyelerinin NATO&#8217;da Kosova i\u00e7in karar\u0131 Kurti: ABD&#8217;nin kararl\u0131 deste\u011fine minnettar\u0131z"},"content":{"rendered":"<p><img decoding=\"async\" src=\"https:\/\/prizrenpost.com\/tr\/wp-content\/uploads\/2026\/05\/Kryeministri-ne-detyre-i-Kosoves-Albin-Kurti.jpg\" style=\"width:100%;height:auto;margin-bottom:20px\">Kosova Ba\u015fbakan Vekili Albin Kurti, Amerikal\u0131 kongre \u00fcyelerinin sundu\u011fu, Kosova&#8217;n\u0131n NATO \u00fcyeli\u011fini destekleyen karara tepki g\u00f6sterdi. Kurti, ABD&#8217;nin Kosova&#8217;ya ve t\u00fcm b\u00f6lgeye y\u00f6nelik sars\u0131lmaz deste\u011finden dolay\u0131 \u015f\u00fckranlar\u0131n\u0131 dile getirdi. &#8220;ABD&#8217;nin refah\u0131m\u0131z ve g\u00fcvenli\u011fimiz i\u00e7in s\u00fcrekli ve sars\u0131lmaz deste\u011fine minnettar\u0131z [&#8230;]<\/p>\n<hr style=\"margin:30px 0\">\n<p style=\"font-size:13px;color:#666\">Kaynak: <strong>prizrenpost<\/strong><\/p>\n","protected":false},"excerpt":{"rendered":"<p>Kosova Ba\u015fbakan Vekili Albin Kurti, Amerikal\u0131 kongre \u00fcyelerinin sundu\u011fu, Kosova&#8217;n\u0131n NATO \u00fcyeli\u011fini destekleyen karara tepki g\u00f6sterdi. Kurti, ABD&#8217;nin Kosova&#8217;ya ve t\u00fcm b\u00f6lgeye y\u00f6nelik sars\u0131lmaz deste\u011finden dolay\u0131 \u015f\u00fckranlar\u0131n\u0131 dile getirdi. &#8220;ABD&#8217;nin refah\u0131m\u0131z ve g\u00fcvenli\u011fimiz i\u00e7in s\u00fcrekli ve sars\u0131lmaz deste\u011fine minnettar\u0131z [&#8230;] Kaynak: prizrenpost<\/p>\n","protected":false},"author":1,"featured_media":43713,"comment_status":"open","ping_status":"open","sticky":false,"template":"","format":"standard","meta":{"footnotes":""},"categories":[14],"tags":[179],"class_list":["post-43712","post","type-post","status-publish","format-standard","has-post-thumbnail","hentry","category-ulusal","tag-aktuel"],"views":6,"_links":{"self":[{"href":"https:\/\/prizrenpost.com\/tr\/wp-json\/wp\/v2\/posts\/43712","targetHints":{"allow":["GET"]}}],"collection":[{"href":"https:\/\/prizrenpost.com\/tr\/wp-json\/wp\/v2\/posts"}],"about":[{"href":"https:\/\/prizrenpost.com\/tr\/wp-json\/wp\/v2\/types\/post"}],"author":[{"embeddable":true,"href":"https:\/\/prizrenpost.com\/tr\/wp-json\/wp\/v2\/users\/1"}],"replies":[{"embeddable":true,"href":"https:\/\/prizrenpost.com\/tr\/wp-json\/wp\/v2\/comments?post=43712"}],"version-history":[{"count":1,"href":"https:\/\/prizrenpost.com\/tr\/wp-json\/wp\/v2\/posts\/43712\/revisions"}],"predecessor-version":[{"id":43714,"href":"https:\/\/prizrenpost.com\/tr\/wp-json\/wp\/v2\/posts\/43712\/revisions\/43714"}],"wp:featuredmedia":[{"embeddable":true,"href":"https:\/\/prizrenpost.com\/tr\/wp-json\/wp\/v2\/media\/43713"}],"wp:attachment":[{"href":"https:\/\/prizrenpost.com\/tr\/wp-json\/wp\/v2\/media?parent=43712"}],"wp:term":[{"taxonomy":"category","embeddable":true,"href":"https:\/\/prizrenpost.com\/tr\/wp-json\/wp\/v2\/categories?post=43712"},{"taxonomy":"post_tag","embeddable":true,"href":"https:\/\/prizrenpost.com\/tr\/wp-json\/wp\/v2\/tags?post=43712"}],"curies":[{"name":"wp","href":"https:\/\/api.w.org\/{rel}","templated":true}]}}