{"id":43715,"date":"2026-05-02T05:40:45","date_gmt":"2026-05-02T03:40:45","guid":{"rendered":"https:\/\/prizrenpost.com\/tr\/trumpin-floridadaki-konusmasinda-ilhan-omarla-alay-etmesi-tartismalara-yol-acti\/"},"modified":"2026-05-02T05:40:48","modified_gmt":"2026-05-02T03:40:48","slug":"trumpin-floridadaki-konusmasinda-ilhan-omarla-alay-etmesi-tartismalara-yol-acti","status":"publish","type":"post","link":"https:\/\/prizrenpost.com\/tr\/trumpin-floridadaki-konusmasinda-ilhan-omarla-alay-etmesi-tartismalara-yol-acti\/","title":{"rendered":"Trump&#8217;\u0131n Florida&#8217;daki konu\u015fmas\u0131nda \u0130lhan Omar&#8217;la alay etmesi tart\u0131\u015fmalara yol a\u00e7t\u0131"},"content":{"rendered":"<p><img decoding=\"async\" src=\"https:\/\/prizrenpost.com\/tr\/wp-content\/uploads\/2026\/05\/maxresdefault-52-e1777692970229.jpg\" style=\"width:100%;height:auto;margin-bottom:20px\"><\/p>\n<p>Donald Trump, Florida&#8217;da yapt\u0131\u011f\u0131 bir konu\u015fma s\u0131ras\u0131nda \u0130lhan Omar&#8217;la alay etmesi, onun aksan\u0131n\u0131 taklit etmesi ve kan\u0131tlanmam\u0131\u015f iddialar\u0131 tekrarlamas\u0131 tepkilere yol a\u00e7t\u0131.<\/p>\n<p>Trump, konu\u015fmas\u0131 s\u0131ras\u0131nda Omar&#8217;la alay etmek i\u00e7in sahte bir aksan kulland\u0131 ve baz\u0131 muhafazakar \u00e7evrelerde yayg\u0131n olan, ki\u015fisel hayat\u0131yla ilgili uzun s\u00fcredir devam eden, kan\u0131tlanmam\u0131\u015f iddialardan bahsetti. Ayr\u0131ca siyasi muhaliflere y\u00f6nelik s\u00f6yleminin bir par\u00e7as\u0131 olarak Gavin Newsom&#8217;a da sald\u0131rd\u0131.<\/p>\n<p>A\u00e7\u0131klamalar, \u00f6zellikle aksan taklidi ve sald\u0131r\u0131lar\u0131n ki\u015fisel niteli\u011fi nedeniyle yorumlar\u0131 sald\u0131rgan ve uygunsuz olarak nitelendiren \u00e7e\u015fitli siyasi fig\u00fcrler ve kurulu\u015flar taraf\u0131ndan ele\u015ftirilere maruz kald\u0131.<\/p>\n<p>Etkinlik, kampanyalar s\u0131ras\u0131ndaki s\u00f6ylemin genellikle daha sert ve daha b\u00f6l\u00fcc\u00fc hale geldi\u011fi gergin bir siyasi ortamda ger\u00e7ekle\u015fiyor. \/message<\/p>\n<p>Tecr\u00fcbeyi geli\u015ftirmek ve reklamlar\u0131 g\u00f6r\u00fcnt\u00fclemek i\u00e7in \u00e7erezleri kullan\u0131r\u0131z (Google AdSense).<br \/>\n          &#8220;Kabul Et&#8221; se\u00e7ene\u011fine t\u0131klayarak \u00e7erezlerin a\u015fa\u011f\u0131daki \u015fartlara g\u00f6re kullan\u0131lmas\u0131n\u0131 kabul etmi\u015f olursunuz.<br \/>\n          Gizlilik Politikas\u0131<br \/>\n          ve<br \/>\n          \u00c7erez Politikas\u0131.<br \/>\n          &#8220;Reddet&#8221;i t\u0131klayarak gerekli olmayan \u00e7erezleri reddedebilirsiniz.<\/p>\n<hr style=\"margin:30px 0\">\n<p style=\"font-size:13px;color:#666\">Kaynak: <strong>prizrenpost<\/strong><\/p>\n","protected":false},"excerpt":{"rendered":"<p>Donald Trump, Florida&#8217;da yapt\u0131\u011f\u0131 bir konu\u015fma s\u0131ras\u0131nda \u0130lhan Omar&#8217;la alay etmesi, onun aksan\u0131n\u0131 taklit etmesi ve kan\u0131tlanmam\u0131\u015f iddialar\u0131 tekrarlamas\u0131 tepkilere yol a\u00e7t\u0131. Trump, konu\u015fmas\u0131 s\u0131ras\u0131nda Omar&#8217;la alay etmek i\u00e7in sahte bir aksan kulland\u0131 ve baz\u0131 muhafazakar \u00e7evrelerde yayg\u0131n olan, ki\u015fisel hayat\u0131yla ilgili uzun s\u00fcredir devam eden, kan\u0131tlanmam\u0131\u015f iddialardan bahsetti. Ayr\u0131ca siyasi muhaliflere y\u00f6nelik s\u00f6yleminin bir [&hellip;]<\/p>\n","protected":false},"author":1,"featured_media":43716,"comment_status":"open","ping_status":"open","sticky":false,"template":"","format":"standard","meta":{"footnotes":""},"categories":[24],"tags":[179],"class_list":["post-43715","post","type-post","status-publish","format-standard","has-post-thumbnail","hentry","category-dunya","tag-aktuel"],"views":6,"_links":{"self":[{"href":"https:\/\/prizrenpost.com\/tr\/wp-json\/wp\/v2\/posts\/43715","targetHints":{"allow":["GET"]}}],"collection":[{"href":"https:\/\/prizrenpost.com\/tr\/wp-json\/wp\/v2\/posts"}],"about":[{"href":"https:\/\/prizrenpost.com\/tr\/wp-json\/wp\/v2\/types\/post"}],"author":[{"embeddable":true,"href":"https:\/\/prizrenpost.com\/tr\/wp-json\/wp\/v2\/users\/1"}],"replies":[{"embeddable":true,"href":"https:\/\/prizrenpost.com\/tr\/wp-json\/wp\/v2\/comments?post=43715"}],"version-history":[{"count":1,"href":"https:\/\/prizrenpost.com\/tr\/wp-json\/wp\/v2\/posts\/43715\/revisions"}],"predecessor-version":[{"id":43717,"href":"https:\/\/prizrenpost.com\/tr\/wp-json\/wp\/v2\/posts\/43715\/revisions\/43717"}],"wp:featuredmedia":[{"embeddable":true,"href":"https:\/\/prizrenpost.com\/tr\/wp-json\/wp\/v2\/media\/43716"}],"wp:attachment":[{"href":"https:\/\/prizrenpost.com\/tr\/wp-json\/wp\/v2\/media?parent=43715"}],"wp:term":[{"taxonomy":"category","embeddable":true,"href":"https:\/\/prizrenpost.com\/tr\/wp-json\/wp\/v2\/categories?post=43715"},{"taxonomy":"post_tag","embeddable":true,"href":"https:\/\/prizrenpost.com\/tr\/wp-json\/wp\/v2\/tags?post=43715"}],"curies":[{"name":"wp","href":"https:\/\/api.w.org\/{rel}","templated":true}]}}