{"id":52919,"date":"2026-07-14T13:26:28","date_gmt":"2026-07-14T11:26:28","guid":{"rendered":"https:\/\/prizrenpost.com\/tr\/akk-belediyeler-bu-yil-150-milyon-euronun-uzerinde-zarara-ugrayacak\/"},"modified":"2026-07-14T13:26:30","modified_gmt":"2026-07-14T11:26:30","slug":"akk-belediyeler-bu-yil-150-milyon-euronun-uzerinde-zarara-ugrayacak","status":"publish","type":"post","link":"https:\/\/prizrenpost.com\/tr\/akk-belediyeler-bu-yil-150-milyon-euronun-uzerinde-zarara-ugrayacak\/","title":{"rendered":"AKK: Belediyeler bu y\u0131l 150 milyon euronun \u00fczerinde zarara u\u011frayacak"},"content":{"rendered":"<p><img decoding=\"async\" src=\"https:\/\/prizrenpost.com\/tr\/wp-content\/uploads\/2026\/07\/prizrenpost-og-67.png\" style=\"width:100%;height:auto;margin-bottom:20px\"><\/p>\n<p>Mahkeme kararlar\u0131, Anayasa Mahkemesi kararlar\u0131n\u0131n uygulanmamas\u0131, e\u011fitim bursunun azalt\u0131lmas\u0131 ve performans bursunun yar\u0131ya indirilmesi sonucunda Kosova belediyelerinin 2026 y\u0131l\u0131nda 150 milyon Euro&#8217;dan fazla mali zarara u\u011framas\u0131 bekleniyor.<\/p>\n<p>Kosova Belediyeler Birli\u011fi (AKK) \u0130cra Direkt\u00f6r\u00fc Sazan Ibrahimi, belediyelerin yaln\u0131zca bu y\u0131l\u0131n ilk alt\u0131 ay\u0131nda 60 milyonun \u00fczerinde para ald\u0131\u011f\u0131n\u0131 s\u00f6yledi. \u00c7o\u011fu toplu s\u00f6zle\u015fmeyle ilgili olmak \u00fczere mahkeme kararlar\u0131ndan euro.<\/p>\n<p>\u0130brahimi, belediyelere bir di\u011fer mali y\u00fck\u00fcn de, Anayasa Mahkemesi&#8217;nin kamu g\u00f6revlilerinin i\u015f tecr\u00fcbesine ili\u015fkin karar\u0131n\u0131n Maliye Bakanl\u0131\u011f\u0131 taraf\u0131ndan uygulanmamas\u0131 olaca\u011f\u0131n\u0131 belirtti.<\/p>\n<p>Ona g\u00f6re belediyeler ayn\u0131 zamanda e\u011fitime y\u00f6nelik \u00f6zel hibede de indirimle kar\u015f\u0131 kar\u015f\u0131ya kalacak.<\/p>\n<p>&#8220;Bunun son karar\u0131n\u0131 da e\u011fitime \u00f6zel hibenin verildi\u011fi Kosova Cumhuriyeti H\u00fck\u00fcmetine ekliyorum. belediyeler i\u00e7in yakla\u015f\u0131k 24 milyon avro kesinti yap\u0131ld\u0131, yerel d\u00fczeyde 3.000&#8217;den fazla \u00f6\u011fretmene Kosova Cumhuriyeti belediyelerinin b\u00fct\u00e7esinden \u00f6deme yap\u0131lacak ve de\u011feri 24 milyon avro civar\u0131nda olacak&#8221; diye ekledi.<\/p>\n<p>\u0130brahimi ayr\u0131ca yararlan\u0131c\u0131 belediyelere verilen performans hibesinin yar\u0131ya indirilmesi karar\u0131n\u0131 da ele\u015ftirdi.<\/p>\n<p>&#8220;Hukuka ayk\u0131r\u0131 olarak bu hibeyi yar\u0131ya indirdiler ve 4 milyon avro yerine 2 milyon avro olmas\u0131na karar verdiler. Yani yararlan\u0131c\u0131 be\u015f belediyenin zarar\u0131 yakla\u015f\u0131k 2 milyon avro civar\u0131nda. Bu y\u0131l yapt\u0131\u011f\u0131m\u0131z hesaplamalara g\u00f6re belediyelerin 86 milyon avronun \u00fczerinde maddi zarara u\u011frayaca\u011f\u0131 ortaya \u00e7\u0131k\u0131yor&#8221; dedi. Bu fonlar\u0131n \u00e7o\u011funun sermaye yat\u0131r\u0131mlar\u0131ndan, s\u00fcbvansiyonlardan ve hizmetlerden gelece\u011fi uyar\u0131s\u0131nda bulundu.<\/p>\n<p>\u0130brahimi, merkezi d\u00fczeyin belediyelere kendi kararlar\u0131ndan kaynaklanmayan mali sorumluluklar devretti\u011fini, kendisine g\u00f6re yarg\u0131 ve icra s\u00fcre\u00e7lerinin ek maliyetleri nedeniyle mali sonu\u00e7lar\u0131n daha da a\u011f\u0131rla\u015faca\u011f\u0131n\u0131 s\u00f6zlerine ekledi.<\/p>\n<p>&#8220;Bir \u00f6\u011fretmenle olan s\u00f6zle\u015fmeyi tek tarafl\u0131 ve keyfi olarak feshedemezsiniz \u00e7\u00fcnk\u00fc o \u00f6\u011fretmen yasal prosed\u00fcrleri kullanacak ve bu mali olanaklardan yararlanacakt\u0131r. Bunlar d\u0131\u015f\u0131nda Kim yararlanacaksa, avukatlar ve icra memurlar\u0131 y\u00fczde 30&#8217;a kadar bir y\u00fczde kazanacak. Ayr\u0131ca avukatlar, adli i\u015flemler ve icra memurlar\u0131 i\u00e7in bu oran, Anayasa Mahkemesi&#8217;nin i\u015f tecr\u00fcbesi oran\u0131n\u0131n y\u00fczde 0,25&#8217;ten y\u00fczde 0,5&#8217;e \u00e7\u0131kar\u0131lmas\u0131na ili\u015fkin karar\u0131n\u0131n uygulanmamas\u0131 durumunda da ayn\u0131. belediye b\u00fct\u00e7elerini onlara sa\u011flad\u0131lar. \/EO<\/p>\n<hr style=\"margin:30px 0\">\n<p style=\"font-size:13px;color:#666\">Kaynak: <strong>prizrenpost<\/strong><\/p>\n","protected":false},"excerpt":{"rendered":"<p>Mahkeme kararlar\u0131, Anayasa Mahkemesi kararlar\u0131n\u0131n uygulanmamas\u0131, e\u011fitim bursunun azalt\u0131lmas\u0131 ve performans bursunun yar\u0131ya indirilmesi sonucunda Kosova belediyelerinin 2026 y\u0131l\u0131nda 150 milyon Euro&#8217;dan fazla mali zarara u\u011framas\u0131 bekleniyor. Kosova Belediyeler Birli\u011fi (AKK) \u0130cra Direkt\u00f6r\u00fc Sazan Ibrahimi, belediyelerin yaln\u0131zca bu y\u0131l\u0131n ilk alt\u0131 ay\u0131nda 60 milyonun \u00fczerinde para ald\u0131\u011f\u0131n\u0131 s\u00f6yledi. \u00c7o\u011fu toplu s\u00f6zle\u015fmeyle ilgili olmak \u00fczere mahkeme [&hellip;]<\/p>\n","protected":false},"author":1,"featured_media":52920,"comment_status":"open","ping_status":"open","sticky":false,"template":"","format":"standard","meta":{"footnotes":""},"categories":[25],"tags":[],"class_list":["post-52919","post","type-post","status-publish","format-standard","has-post-thumbnail","hentry","category-ekonomi"],"views":47,"_links":{"self":[{"href":"https:\/\/prizrenpost.com\/tr\/wp-json\/wp\/v2\/posts\/52919","targetHints":{"allow":["GET"]}}],"collection":[{"href":"https:\/\/prizrenpost.com\/tr\/wp-json\/wp\/v2\/posts"}],"about":[{"href":"https:\/\/prizrenpost.com\/tr\/wp-json\/wp\/v2\/types\/post"}],"author":[{"embeddable":true,"href":"https:\/\/prizrenpost.com\/tr\/wp-json\/wp\/v2\/users\/1"}],"replies":[{"embeddable":true,"href":"https:\/\/prizrenpost.com\/tr\/wp-json\/wp\/v2\/comments?post=52919"}],"version-history":[{"count":1,"href":"https:\/\/prizrenpost.com\/tr\/wp-json\/wp\/v2\/posts\/52919\/revisions"}],"predecessor-version":[{"id":52921,"href":"https:\/\/prizrenpost.com\/tr\/wp-json\/wp\/v2\/posts\/52919\/revisions\/52921"}],"wp:featuredmedia":[{"embeddable":true,"href":"https:\/\/prizrenpost.com\/tr\/wp-json\/wp\/v2\/media\/52920"}],"wp:attachment":[{"href":"https:\/\/prizrenpost.com\/tr\/wp-json\/wp\/v2\/media?parent=52919"}],"wp:term":[{"taxonomy":"category","embeddable":true,"href":"https:\/\/prizrenpost.com\/tr\/wp-json\/wp\/v2\/categories?post=52919"},{"taxonomy":"post_tag","embeddable":true,"href":"https:\/\/prizrenpost.com\/tr\/wp-json\/wp\/v2\/tags?post=52919"}],"curies":[{"name":"wp","href":"https:\/\/api.w.org\/{rel}","templated":true}]}}