{"id":54768,"date":"2026-08-03T13:46:01","date_gmt":"2026-08-03T11:46:01","guid":{"rendered":"https:\/\/prizrenpost.com\/tr\/1-eylulden-itibaren-baglantisi-kesilen-tuketicilere-de-elektrige-yeniden-baglanma-ucreti-uygulaniyor\/"},"modified":"2026-08-03T13:46:02","modified_gmt":"2026-08-03T11:46:02","slug":"1-eylulden-itibaren-baglantisi-kesilen-tuketicilere-de-elektrige-yeniden-baglanma-ucreti-uygulaniyor","status":"publish","type":"post","link":"https:\/\/prizrenpost.com\/tr\/1-eylulden-itibaren-baglantisi-kesilen-tuketicilere-de-elektrige-yeniden-baglanma-ucreti-uygulaniyor\/","title":{"rendered":"1 Eyl\u00fcl&#8217;den itibaren ba\u011flant\u0131s\u0131 kesilen t\u00fcketicilere de elektri\u011fe yeniden ba\u011flanma \u00fccreti uygulan\u0131yor"},"content":{"rendered":"<p><img decoding=\"async\" src=\"https:\/\/prizrenpost.com\/tr\/wp-content\/uploads\/2026\/08\/IMG_7959.webp\" style=\"width:100%;height:auto;margin-bottom:20px\"><\/p>\n<p>KESCO, elektrik faturas\u0131n\u0131n \u00f6denmemesi nedeniyle ba\u011flant\u0131s\u0131 kesilen t\u00fcketicilerin elektri\u011fe yeniden ba\u011flanmas\u0131 i\u00e7in yeni bir \u00fccret uygulamas\u0131n\u0131n ba\u015flat\u0131lmas\u0131na ili\u015fkin Da\u011f\u0131t\u0131m Sistemi \u0130\u015fletmecisinden (DSO) resmi bir bildirim ald\u0131\u011f\u0131n\u0131 duyurdu.\u00a0<\/p>\n<p>Duyuruya g\u00f6re, halihaz\u0131rda y\u00fcr\u00fcrl\u00fckte olan ba\u011flant\u0131 kesme \u00fccretine ek olarak bu y\u0131l 1 Eyl\u00fcl&#8217;den itibaren \u00fccret uygulanmaya ba\u015flayacak.\u00a0<\/p>\n<p>Duyuruya g\u00f6re, halihaz\u0131rda y\u00fcr\u00fcrl\u00fckte olan ba\u011flant\u0131 kesme \u00fccretine ek olarak bu \u00fccret uygulanacakt\u0131r.<\/p>\n<p>Ancak KESCO bu \u00fccretin ne kadar oldu\u011funu belirtmedi.<\/p>\n<p>&#8220;DSO&#8217;nun a\u00e7\u0131klamas\u0131na g\u00f6re, 1 Eyl\u00fcl 2026 tarihinden itibaren mali y\u00fck\u00fcml\u00fcl\u00fcklerini yerine getirmemesi nedeniyle \u015febeke ba\u011flant\u0131s\u0131 kesilen ve beslemenin yeniden ba\u011flanmas\u0131n\u0131 talep eden t\u00fcketicilere yeniden ba\u011flanma \u00fccreti uygulanacakt\u0131r. Duyuruda, bu \u00fccretin, di\u011fer hususlar\u0131n yan\u0131 s\u0131ra ERO d\u00fczenlemeleri uyar\u0131nca halihaz\u0131rda y\u00fcr\u00fcrl\u00fckte olan ba\u011flant\u0131 kesme \u00fccretine ek olarak uygulanaca\u011f\u0131 belirtiliyor.<\/p>\n<hr style=\"margin:30px 0\">\n<p style=\"font-size:13px;color:#666\">Kaynak: <strong>prizrenpost<\/strong><\/p>\n","protected":false},"excerpt":{"rendered":"<p>KESCO, elektrik faturas\u0131n\u0131n \u00f6denmemesi nedeniyle ba\u011flant\u0131s\u0131 kesilen t\u00fcketicilerin elektri\u011fe yeniden ba\u011flanmas\u0131 i\u00e7in yeni bir \u00fccret uygulamas\u0131n\u0131n ba\u015flat\u0131lmas\u0131na ili\u015fkin Da\u011f\u0131t\u0131m Sistemi \u0130\u015fletmecisinden (DSO) resmi bir bildirim ald\u0131\u011f\u0131n\u0131 duyurdu.\u00a0 Duyuruya g\u00f6re, halihaz\u0131rda y\u00fcr\u00fcrl\u00fckte olan ba\u011flant\u0131 kesme \u00fccretine ek olarak bu y\u0131l 1 Eyl\u00fcl&#8217;den itibaren \u00fccret uygulanmaya ba\u015flayacak.\u00a0 Duyuruya g\u00f6re, halihaz\u0131rda y\u00fcr\u00fcrl\u00fckte olan ba\u011flant\u0131 kesme \u00fccretine ek olarak [&hellip;]<\/p>\n","protected":false},"author":1,"featured_media":54769,"comment_status":"open","ping_status":"open","sticky":false,"template":"","format":"standard","meta":{"footnotes":""},"categories":[25],"tags":[],"class_list":["post-54768","post","type-post","status-publish","format-standard","has-post-thumbnail","hentry","category-ekonomi"],"views":38,"_links":{"self":[{"href":"https:\/\/prizrenpost.com\/tr\/wp-json\/wp\/v2\/posts\/54768","targetHints":{"allow":["GET"]}}],"collection":[{"href":"https:\/\/prizrenpost.com\/tr\/wp-json\/wp\/v2\/posts"}],"about":[{"href":"https:\/\/prizrenpost.com\/tr\/wp-json\/wp\/v2\/types\/post"}],"author":[{"embeddable":true,"href":"https:\/\/prizrenpost.com\/tr\/wp-json\/wp\/v2\/users\/1"}],"replies":[{"embeddable":true,"href":"https:\/\/prizrenpost.com\/tr\/wp-json\/wp\/v2\/comments?post=54768"}],"version-history":[{"count":1,"href":"https:\/\/prizrenpost.com\/tr\/wp-json\/wp\/v2\/posts\/54768\/revisions"}],"predecessor-version":[{"id":54770,"href":"https:\/\/prizrenpost.com\/tr\/wp-json\/wp\/v2\/posts\/54768\/revisions\/54770"}],"wp:featuredmedia":[{"embeddable":true,"href":"https:\/\/prizrenpost.com\/tr\/wp-json\/wp\/v2\/media\/54769"}],"wp:attachment":[{"href":"https:\/\/prizrenpost.com\/tr\/wp-json\/wp\/v2\/media?parent=54768"}],"wp:term":[{"taxonomy":"category","embeddable":true,"href":"https:\/\/prizrenpost.com\/tr\/wp-json\/wp\/v2\/categories?post=54768"},{"taxonomy":"post_tag","embeddable":true,"href":"https:\/\/prizrenpost.com\/tr\/wp-json\/wp\/v2\/tags?post=54768"}],"curies":[{"name":"wp","href":"https:\/\/api.w.org\/{rel}","templated":true}]}}